{"id":49034,"date":"2024-09-25T12:47:20","date_gmt":"2024-09-25T12:47:20","guid":{"rendered":"http:\/\/cordobanewsnet.wordpress.com\/?p=11777"},"modified":"2024-09-25T12:47:20","modified_gmt":"2024-09-25T12:47:20","slug":"alerta-amarillo-los-vientos-siguen-siendo-protagonistas-en-cordoba","status":"publish","type":"post","link":"http:\/\/nuevacordoba.net\/index.php\/2024\/09\/25\/alerta-amarillo-los-vientos-siguen-siendo-protagonistas-en-cordoba\/","title":{"rendered":"Alerta amarillo : los vientos siguen siendo protagonistas en C\u00f3rdoba"},"content":{"rendered":"<p>Las condiciones est\u00e1n marcadas por fuertes r\u00e1fagas. Con el avance de los d\u00edas, soplan del sur primero y giran al norte despu\u00e9s. Qu\u00e9 pasa, jornada por jornada.<\/p>\n<p>La primavera sigue ofreciendo cambios en tierras cordobesas. Su impronta tiene a m\u00e1ximas siempre por encima de los veinte grados.<\/p>\n<p>El fr\u00edo de las primeras horas se siente cada vez menos. Y este mi\u00e9rcoles el viento sigue siendo protagonista.<\/p>\n<p>No parece,&nbsp;<a href=\"https:\/\/www.cba24n.com.ar\/cordoba\/una-semana-de-incendios--con-menos-actividad-pero-con-cuatro-focos-activos_a66f3d393e85bcf83708a276d\">con los incendios cumpliendo una semana<\/a>, una novedad esperada.<\/p>\n<p>En el centro del territorio, las previsiones apuntan a r\u00e1fagas llegando del sur, pudiendo soplar hasta a 50 kil\u00f3metros por hora.<\/p>\n<p>La temperatura se estirar\u00eda hasta los 25 grados.<\/p>\n<p>En lo alto, abundan las nubes, eso s\u00ed.<\/p>\n<p>Para el jueves, toda la provincia se encuentra en \u201calerta amarillo\u201d por los fuertes vientos.<\/p>\n<p>De acuerdo al&nbsp;<a href=\"https:\/\/www.smn.gob.ar\/alertas\" target=\"_blank\" rel=\"noreferrer noopener\">sistema de detecci\u00f3n temprana<\/a>&nbsp;del&nbsp;<strong>Servicio Meteorol\u00f3gico Nacional<\/strong>, C\u00f3rdoba \u201cser\u00e1 afectada por velocidades de entre 30 y 40 km\/hora, y r\u00e1fagas que pueden alcanzar los 70 km\/hora\u201d.<\/p>\n<p>Tendr\u00edan impacto fundamentalmente en la madrugada de ma\u00f1ana, aunque persisten hasta la tarde.<\/p>\n<p>El mercurio apenas llegar\u00eda a los 21\u00ba.<\/p>\n<figure class=\"wp-block-image size-large\"><img loading=\"lazy\" data-attachment-id=\"11778\" data-permalink=\"https:\/\/cordobanewsnet.wordpress.com\/2024\/09\/25\/alerta-amarillo-los-vientos-siguen-siendo-protagonistas-en-cordoba\/image-512\/\" data-orig-file=\"https:\/\/cordobanewsnet.wordpress.com\/wp-content\/uploads\/2024\/09\/image-64.png\" data-orig-size=\"1279,720\" data-comments-opened=\"1\" data-image-meta=\"{&quot;aperture&quot;:&quot;0&quot;,&quot;credit&quot;:&quot;&quot;,&quot;camera&quot;:&quot;&quot;,&quot;caption&quot;:&quot;&quot;,&quot;created_timestamp&quot;:&quot;0&quot;,&quot;copyright&quot;:&quot;&quot;,&quot;focal_length&quot;:&quot;0&quot;,&quot;iso&quot;:&quot;0&quot;,&quot;shutter_speed&quot;:&quot;0&quot;,&quot;title&quot;:&quot;&quot;,&quot;orientation&quot;:&quot;0&quot;}\" data-image-title=\"image\" data-image-description data-image-caption data-medium-file=\"https:\/\/cordobanewsnet.wordpress.com\/wp-content\/uploads\/2024\/09\/image-64.png?w=300\" data-large-file=\"https:\/\/cordobanewsnet.wordpress.com\/wp-content\/uploads\/2024\/09\/image-64.png?w=736\" tabindex=\"0\" role=\"button\" width=\"1024\" height=\"576\" src=\"http:\/\/nuevacordoba.net\/wp-content\/uploads\/2024\/09\/alerta-amarillo-los-vientos-siguen-siendo-protagonistas-en-cordoba.png\" alt class=\"wp-image-11778\"><\/figure>\n<p>Fuente : Cba24n C\u00f3rdoba Argentina<\/p>\n<p><span id=\"wordads-inline-marker\"><\/span> <\/p>\n<div id=\"jp-post-flair\" class=\"sharedaddy sd-like-enabled sd-sharing-enabled\">\n<div class=\"sharedaddy sd-sharing-enabled\">\n<div class=\"robots-nocontent sd-block sd-social sd-social-icon-text sd-sharing\">\n<h3 class=\"sd-title\">Comparte esto:<\/h3>\n<\/div>\n<\/div>\n<div class=\"sharedaddy sd-block sd-like jetpack-likes-widget-wrapper jetpack-likes-widget-unloaded\" id=\"like-post-wrapper-143108178-11777-66f546a47192c\" data-src=\"\/\/widgets.wp.com\/likes\/index.html?ver=20240926#blog_id=143108178&amp;post_id=11777&amp;origin=cordobanewsnet.wordpress.com&amp;obj_id=143108178-11777-66f546a47192c\" data-name=\"like-post-frame-143108178-11777-66f546a47192c\" data-title=\"Me gusta o Compartir\">\n<p><span class=\"button\"><span>Me gusta<\/span><\/span> <span class=\"loading\">Cargando&#8230;<\/span><\/p>\n<p><span class=\"sd-text-color\"><\/span><\/div>\n<p><h3 class=\"jp-relatedposts-headline\"><em>Relacionado<\/em><\/h3>\n<\/p>\n<\/div>\n","protected":false},"excerpt":{"rendered":"<p>Las condiciones est\u00e1n marcadas por fuertes r\u00e1fagas. Con el avance de los d\u00edas, soplan del sur primero y giran al norte despu\u00e9s. Qu\u00e9 pasa, jornada por jornada. La primavera sigue ofreciendo cambios en tierras cordobesas. Su impronta tiene a m\u00e1ximas siempre por encima de los veinte grados. El fr\u00edo de las primeras horas se siente [&hellip;]<\/p>\n","protected":false},"author":1,"featured_media":49035,"comment_status":"closed","ping_status":"closed","sticky":false,"template":"","format":"standard","meta":[],"categories":[14],"tags":[],"_links":{"self":[{"href":"http:\/\/nuevacordoba.net\/index.php\/wp-json\/wp\/v2\/posts\/49034"}],"collection":[{"href":"http:\/\/nuevacordoba.net\/index.php\/wp-json\/wp\/v2\/posts"}],"about":[{"href":"http:\/\/nuevacordoba.net\/index.php\/wp-json\/wp\/v2\/types\/post"}],"author":[{"embeddable":true,"href":"http:\/\/nuevacordoba.net\/index.php\/wp-json\/wp\/v2\/users\/1"}],"replies":[{"embeddable":true,"href":"http:\/\/nuevacordoba.net\/index.php\/wp-json\/wp\/v2\/comments?post=49034"}],"version-history":[{"count":0,"href":"http:\/\/nuevacordoba.net\/index.php\/wp-json\/wp\/v2\/posts\/49034\/revisions"}],"wp:featuredmedia":[{"embeddable":true,"href":"http:\/\/nuevacordoba.net\/index.php\/wp-json\/wp\/v2\/media\/49035"}],"wp:attachment":[{"href":"http:\/\/nuevacordoba.net\/index.php\/wp-json\/wp\/v2\/media?parent=49034"}],"wp:term":[{"taxonomy":"category","embeddable":true,"href":"http:\/\/nuevacordoba.net\/index.php\/wp-json\/wp\/v2\/categories?post=49034"},{"taxonomy":"post_tag","embeddable":true,"href":"http:\/\/nuevacordoba.net\/index.php\/wp-json\/wp\/v2\/tags?post=49034"}],"curies":[{"name":"wp","href":"https:\/\/api.w.org\/{rel}","templated":true}]}}