{"id":49091,"date":"2024-09-27T16:54:49","date_gmt":"2024-09-27T16:54:49","guid":{"rendered":"http:\/\/cordobanewsnet.wordpress.com\/?p=11818"},"modified":"2024-09-27T16:54:49","modified_gmt":"2024-09-27T16:54:49","slug":"la-provincia-anuncio-un-aumento-para-los-jubilados-como-queda-el-haber-minimo","status":"publish","type":"post","link":"http:\/\/nuevacordoba.net\/index.php\/2024\/09\/27\/la-provincia-anuncio-un-aumento-para-los-jubilados-como-queda-el-haber-minimo\/","title":{"rendered":"La Provincia anunci\u00f3 un aumento para los jubilados: c\u00f3mo queda el haber m\u00ednimo"},"content":{"rendered":"<p><!-- \/featured-media --> <\/p>\n<div class=\"post-content clear\" readability=\"56.274193548387\">\n<p>Este ajuste garantiza un haber previsional bruto m\u00e1s alto para los beneficiarios del r\u00e9gimen previsional regulado por la Ley N\u00b0 8024<\/p>\n<p>El Gobierno de la Provincia de C\u00f3rdoba anunci\u00f3 que los&nbsp;<strong>jubilados y pensionados adheridos a la Caja de Jubilaciones ver\u00e1n un aumento en sus haberes<\/strong>&nbsp;a partir del 30 de septiembre.<\/p>\n<p>A trav\u00e9s de la Resoluci\u00f3n 420 del Ministerio de Econom\u00eda, se estableci\u00f3 que el&nbsp;<strong>valor m\u00ednimo a percibir ser\u00e1 de $310.000<\/strong>&nbsp;a partir de septiembre, lo que representa un&nbsp;<strong>aumento del 3,33%<\/strong>&nbsp;respecto al mes anterior.<\/p>\n<p>Este ajuste garantiza un haber previsional bruto m\u00e1s alto para los beneficiarios del r\u00e9gimen previsional regulado por la Ley N\u00b0 8024. En total, significar\u00e1 un incremento de 10 mil pesos en los haberes.<\/p>\n<p>Por otro lado, se dio a conocer el cronograma de pagos correspondiente al mes de septiembre para jubilados y empleados activos de la administraci\u00f3n p\u00fablica provincial. Los pasivos cobrar\u00e1n sus haberes el 30 de septiembre, mientras que los activos comenzar\u00e1n a percibirlos el mismo d\u00eda y se extender\u00e1 hasta el jueves 3 de octubre.<\/p>\n<blockquote class=\"wp-block-quote is-layout-flow wp-block-quote-is-layout-flow\"><\/blockquote>\n<figure class=\"wp-block-image size-large\"><img loading=\"lazy\" data-attachment-id=\"11819\" data-permalink=\"https:\/\/cordobanewsnet.wordpress.com\/2024\/09\/27\/la-provincia-anuncio-un-aumento-para-los-jubilados-como-queda-el-haber-minimo\/image-518\/\" data-orig-file=\"https:\/\/cordobanewsnet.wordpress.com\/wp-content\/uploads\/2024\/09\/image-70.png\" data-orig-size=\"2560,1604\" data-comments-opened=\"1\" data-image-meta=\"{&quot;aperture&quot;:&quot;0&quot;,&quot;credit&quot;:&quot;&quot;,&quot;camera&quot;:&quot;&quot;,&quot;caption&quot;:&quot;&quot;,&quot;created_timestamp&quot;:&quot;0&quot;,&quot;copyright&quot;:&quot;&quot;,&quot;focal_length&quot;:&quot;0&quot;,&quot;iso&quot;:&quot;0&quot;,&quot;shutter_speed&quot;:&quot;0&quot;,&quot;title&quot;:&quot;&quot;,&quot;orientation&quot;:&quot;0&quot;}\" data-image-title=\"image\" data-image-description data-image-caption data-medium-file=\"https:\/\/cordobanewsnet.wordpress.com\/wp-content\/uploads\/2024\/09\/image-70.png?w=300\" data-large-file=\"https:\/\/cordobanewsnet.wordpress.com\/wp-content\/uploads\/2024\/09\/image-70.png?w=736\" tabindex=\"0\" role=\"button\" width=\"1024\" height=\"641\" src=\"http:\/\/nuevacordoba.net\/wp-content\/uploads\/2024\/09\/la-provincia-anuncio-un-aumento-para-los-jubilados-como-queda-el-haber-minimo.png\" alt class=\"wp-image-11819\"><\/figure>\n<p>Fuente : Hoy D\u00eda C\u00f3rdoba Argentina<\/p>\n<p><span id=\"wordads-inline-marker\"><\/span> <\/p>\n<div id=\"jp-post-flair\" class=\"sharedaddy sd-like-enabled sd-sharing-enabled\">\n<div class=\"sharedaddy sd-sharing-enabled\">\n<div class=\"robots-nocontent sd-block sd-social sd-social-icon-text sd-sharing\">\n<h3 class=\"sd-title\">Comparte esto:<\/h3>\n<\/div>\n<\/div>\n<div class=\"sharedaddy sd-block sd-like jetpack-likes-widget-wrapper jetpack-likes-widget-unloaded\" id=\"like-post-wrapper-143108178-11818-66f712859267c\" data-src=\"\/\/widgets.wp.com\/likes\/index.html?ver=20240927#blog_id=143108178&amp;post_id=11818&amp;origin=cordobanewsnet.wordpress.com&amp;obj_id=143108178-11818-66f712859267c\" data-name=\"like-post-frame-143108178-11818-66f712859267c\" data-title=\"Me gusta o Compartir\">\n<p><span class=\"button\"><span>Me gusta<\/span><\/span> <span class=\"loading\">Cargando&#8230;<\/span><\/p>\n<p><span class=\"sd-text-color\"><\/span><\/div>\n<p><h3 class=\"jp-relatedposts-headline\"><em>Relacionado<\/em><\/h3>\n<\/p>\n<\/div><\/div>\n<p><!--\/.post-content--> <\/p>\n<footer class=\"post-meta-container clear\" readability=\"0.39444444444444\">\n<div class=\"entry-author author-avatar-show\" readability=\"13.114754098361\">\n<div class=\"author-avatar\"> <img alt src=\"http:\/\/nuevacordoba.net\/wp-content\/uploads\/2024\/09\/la-provincia-anuncio-un-aumento-para-los-jubilados-como-queda-el-haber-minimo-1.png\" srcset=\"http:\/\/nuevacordoba.net\/wp-content\/uploads\/2024\/09\/la-provincia-anuncio-un-aumento-para-los-jubilados-como-queda-el-haber-minimo-1.png 1x, http:\/\/nuevacordoba.net\/wp-content\/uploads\/2024\/09\/la-provincia-anuncio-un-aumento-para-los-jubilados-como-queda-el-haber-minimo-2.png 1.5x, http:\/\/nuevacordoba.net\/wp-content\/uploads\/2024\/09\/la-provincia-anuncio-un-aumento-para-los-jubilados-como-queda-el-haber-minimo-3.png 2x, http:\/\/nuevacordoba.net\/wp-content\/uploads\/2024\/09\/la-provincia-anuncio-un-aumento-para-los-jubilados-como-queda-el-haber-minimo-4.png 3x, http:\/\/nuevacordoba.net\/wp-content\/uploads\/2024\/09\/la-provincia-anuncio-un-aumento-para-los-jubilados-como-queda-el-haber-minimo-5.png 4x\" class=\"avatar avatar-90\" height=\"90\" width=\"90\" loading=\"lazy\" decoding=\"async\"> <\/div>\n<p><!-- .author-avatar --> <\/p>\n<p><h2 class=\"author-title\"> Publicado por <span class=\"author-name\">Redacci\u00f3n<\/span> <\/h2>\n<\/p>\n<p><!-- .author-heading --> <\/p>\n<p class=\"author-bio\"> <a class=\"author-link\" href=\"https:\/\/cordobanewsnet.wordpress.com\/author\/prettomatias\/\" rel=\"author\"> Ver todas las entradas de Redacci\u00f3n <\/a> <\/p>\n<p><!-- .author-bio --> <\/div>\n<p><!-- .entry-auhtor --> <\/footer>\n<p> <!-- \/post-meta-container --> <!-- #respond --> <\/p>\n","protected":false},"excerpt":{"rendered":"<p>Este ajuste garantiza un haber previsional bruto m\u00e1s alto para los beneficiarios del r\u00e9gimen previsional regulado por la Ley N\u00b0 8024 El Gobierno de la Provincia de C\u00f3rdoba anunci\u00f3 que los&nbsp;jubilados y pensionados adheridos a la Caja de Jubilaciones ver\u00e1n un aumento en sus haberes&nbsp;a partir del 30 de septiembre. A trav\u00e9s de la Resoluci\u00f3n [&hellip;]<\/p>\n","protected":false},"author":1,"featured_media":49092,"comment_status":"closed","ping_status":"closed","sticky":false,"template":"","format":"standard","meta":[],"categories":[14],"tags":[],"_links":{"self":[{"href":"http:\/\/nuevacordoba.net\/index.php\/wp-json\/wp\/v2\/posts\/49091"}],"collection":[{"href":"http:\/\/nuevacordoba.net\/index.php\/wp-json\/wp\/v2\/posts"}],"about":[{"href":"http:\/\/nuevacordoba.net\/index.php\/wp-json\/wp\/v2\/types\/post"}],"author":[{"embeddable":true,"href":"http:\/\/nuevacordoba.net\/index.php\/wp-json\/wp\/v2\/users\/1"}],"replies":[{"embeddable":true,"href":"http:\/\/nuevacordoba.net\/index.php\/wp-json\/wp\/v2\/comments?post=49091"}],"version-history":[{"count":0,"href":"http:\/\/nuevacordoba.net\/index.php\/wp-json\/wp\/v2\/posts\/49091\/revisions"}],"wp:featuredmedia":[{"embeddable":true,"href":"http:\/\/nuevacordoba.net\/index.php\/wp-json\/wp\/v2\/media\/49092"}],"wp:attachment":[{"href":"http:\/\/nuevacordoba.net\/index.php\/wp-json\/wp\/v2\/media?parent=49091"}],"wp:term":[{"taxonomy":"category","embeddable":true,"href":"http:\/\/nuevacordoba.net\/index.php\/wp-json\/wp\/v2\/categories?post=49091"},{"taxonomy":"post_tag","embeddable":true,"href":"http:\/\/nuevacordoba.net\/index.php\/wp-json\/wp\/v2\/tags?post=49091"}],"curies":[{"name":"wp","href":"https:\/\/api.w.org\/{rel}","templated":true}]}}