{"id":49303,"date":"2024-10-03T18:55:59","date_gmt":"2024-10-03T18:55:59","guid":{"rendered":"http:\/\/cordobanewsnet.wordpress.com\/?p=11882"},"modified":"2024-10-03T18:55:59","modified_gmt":"2024-10-03T18:55:59","slug":"tras-la-marcha-federal-el-gobierno-veto-la-ley-de-financiamiento-universitario","status":"publish","type":"post","link":"http:\/\/nuevacordoba.net\/index.php\/2024\/10\/03\/tras-la-marcha-federal-el-gobierno-veto-la-ley-de-financiamiento-universitario\/","title":{"rendered":"Tras la Marcha Federal, el Gobierno vet\u00f3 la Ley de Financiamiento Universitario"},"content":{"rendered":"<p>Fue con \u00abobservaci\u00f3n total\u00bb. La decisi\u00f3n fue publicada este jueves en el Bolet\u00edn Oficial de la Naci\u00f3n, pese a la defensa de la educaci\u00f3n superior de actores de diferentes estratos sociales e ideol\u00f3gicos.<\/p>\n<p>Como era de esperarse, a contrarreloj por los tiempos legales pero con la decisi\u00f3n tomada, el gobierno nacional vet\u00f3 este jueves la Ley de Financiamiento Universitario que hab\u00eda dispuesto por amplia mayor\u00eda el Congreso de la Naci\u00f3n.<\/p>\n<p>Lo hizo con \u201cobservaci\u00f3n total\u201d, y argumentando que el texto de la norma<em>&nbsp;\u201ces manifiestamente violatorio del marco jur\u00eddico vigente, en tanto no contempla el impacto fiscal de la medida ni tampoco determina la fuente de su financiamiento\u201d y esto \u201cdificultar\u00eda gravemente la sostenibilidad de las finanzas p\u00fablicas\u201d<\/em>.<\/p>\n<p>Entre los considerandos, se expresa que&nbsp;<strong>\u201cprocura da\u00f1ar al gobierno pol\u00edticamente\u201d<\/strong>.<\/p>\n<p>Se reitera que los trabajadores universitarios percibieron en los \u00faltimos meses una adaptaci\u00f3n salarial superior al resto de los empleados p\u00fablicos y que hay una negociaci\u00f3n paritaria en marcha.<\/p>\n<p>La oposici\u00f3n, sin embargo, se organiz\u00f3 para r\u00e1pidamente insistir por su aprobaci\u00f3n, para lo que demandar\u00e1 contar con las dos terceras partes en ambas c\u00e1maras.<\/p>\n<p>Por eso, pidi\u00f3 sesionar el pr\u00f3ximo mi\u00e9rcoles 9 de octubre en la C\u00e1mara de Diputados.<\/p>\n<figure class=\"wp-block-image size-large\"><img loading=\"lazy\" data-attachment-id=\"11883\" data-permalink=\"https:\/\/cordobanewsnet.wordpress.com\/2024\/10\/03\/tras-la-marcha-federal-el-gobierno-veto-la-ley-de-financiamiento-universitario\/image-533\/\" data-orig-file=\"https:\/\/cordobanewsnet.wordpress.com\/wp-content\/uploads\/2024\/10\/image-8.png\" data-orig-size=\"1277,720\" data-comments-opened=\"1\" data-image-meta=\"{&quot;aperture&quot;:&quot;0&quot;,&quot;credit&quot;:&quot;&quot;,&quot;camera&quot;:&quot;&quot;,&quot;caption&quot;:&quot;&quot;,&quot;created_timestamp&quot;:&quot;0&quot;,&quot;copyright&quot;:&quot;&quot;,&quot;focal_length&quot;:&quot;0&quot;,&quot;iso&quot;:&quot;0&quot;,&quot;shutter_speed&quot;:&quot;0&quot;,&quot;title&quot;:&quot;&quot;,&quot;orientation&quot;:&quot;0&quot;}\" data-image-title=\"image\" data-image-description data-image-caption data-medium-file=\"https:\/\/cordobanewsnet.wordpress.com\/wp-content\/uploads\/2024\/10\/image-8.png?w=300\" data-large-file=\"https:\/\/cordobanewsnet.wordpress.com\/wp-content\/uploads\/2024\/10\/image-8.png?w=736\" tabindex=\"0\" role=\"button\" width=\"1024\" height=\"577\" src=\"http:\/\/nuevacordoba.net\/wp-content\/uploads\/2024\/10\/tras-la-marcha-federal-el-gobierno-veto-la-ley-de-financiamiento-universitario.png\" alt class=\"wp-image-11883\"><\/figure>\n<p>Fuente : Cba24n C\u00f3rdoba Argentina<\/p>\n<p><span id=\"wordads-inline-marker\"><\/span> <\/p>\n<div id=\"jp-post-flair\" class=\"sharedaddy sd-like-enabled sd-sharing-enabled\">\n<div class=\"sharedaddy sd-sharing-enabled\">\n<div class=\"robots-nocontent sd-block sd-social sd-social-icon-text sd-sharing\">\n<h3 class=\"sd-title\">Comparte esto:<\/h3>\n<\/div>\n<\/div>\n<div class=\"sharedaddy sd-block sd-like jetpack-likes-widget-wrapper jetpack-likes-widget-unloaded\" id=\"like-post-wrapper-143108178-11882-66ff321eea2cc\" data-src=\"\/\/widgets.wp.com\/likes\/index.html?ver=20241004#blog_id=143108178&amp;post_id=11882&amp;origin=cordobanewsnet.wordpress.com&amp;obj_id=143108178-11882-66ff321eea2cc\" data-name=\"like-post-frame-143108178-11882-66ff321eea2cc\" data-title=\"Me gusta o Compartir\">\n<p><span class=\"button\"><span>Me gusta<\/span><\/span> <span class=\"loading\">Cargando&#8230;<\/span><\/p>\n<p><span class=\"sd-text-color\"><\/span><\/div>\n<p><h3 class=\"jp-relatedposts-headline\"><em>Relacionado<\/em><\/h3>\n<\/p>\n<\/div>\n","protected":false},"excerpt":{"rendered":"<p>Fue con \u00abobservaci\u00f3n total\u00bb. La decisi\u00f3n fue publicada este jueves en el Bolet\u00edn Oficial de la Naci\u00f3n, pese a la defensa de la educaci\u00f3n superior de actores de diferentes estratos sociales e ideol\u00f3gicos. Como era de esperarse, a contrarreloj por los tiempos legales pero con la decisi\u00f3n tomada, el gobierno nacional vet\u00f3 este jueves la [&hellip;]<\/p>\n","protected":false},"author":1,"featured_media":49304,"comment_status":"closed","ping_status":"closed","sticky":false,"template":"","format":"standard","meta":[],"categories":[14],"tags":[],"_links":{"self":[{"href":"http:\/\/nuevacordoba.net\/index.php\/wp-json\/wp\/v2\/posts\/49303"}],"collection":[{"href":"http:\/\/nuevacordoba.net\/index.php\/wp-json\/wp\/v2\/posts"}],"about":[{"href":"http:\/\/nuevacordoba.net\/index.php\/wp-json\/wp\/v2\/types\/post"}],"author":[{"embeddable":true,"href":"http:\/\/nuevacordoba.net\/index.php\/wp-json\/wp\/v2\/users\/1"}],"replies":[{"embeddable":true,"href":"http:\/\/nuevacordoba.net\/index.php\/wp-json\/wp\/v2\/comments?post=49303"}],"version-history":[{"count":0,"href":"http:\/\/nuevacordoba.net\/index.php\/wp-json\/wp\/v2\/posts\/49303\/revisions"}],"wp:featuredmedia":[{"embeddable":true,"href":"http:\/\/nuevacordoba.net\/index.php\/wp-json\/wp\/v2\/media\/49304"}],"wp:attachment":[{"href":"http:\/\/nuevacordoba.net\/index.php\/wp-json\/wp\/v2\/media?parent=49303"}],"wp:term":[{"taxonomy":"category","embeddable":true,"href":"http:\/\/nuevacordoba.net\/index.php\/wp-json\/wp\/v2\/categories?post=49303"},{"taxonomy":"post_tag","embeddable":true,"href":"http:\/\/nuevacordoba.net\/index.php\/wp-json\/wp\/v2\/tags?post=49303"}],"curies":[{"name":"wp","href":"https:\/\/api.w.org\/{rel}","templated":true}]}}