{"id":49325,"date":"2024-10-03T20:45:53","date_gmt":"2024-10-03T20:45:53","guid":{"rendered":"https:\/\/www.ole.com.ar\/autos\/albon-aseguro-colapinto-deberia-tener-oportunidad-formula-1-2025-williams_0_RZK5VJpDIm.html"},"modified":"2024-10-03T20:45:53","modified_gmt":"2024-10-03T20:45:53","slug":"la-virtud-de-colapinto-que-sorprendio-en-la-f1-el-no-parece-sentirse","status":"publish","type":"post","link":"http:\/\/nuevacordoba.net\/index.php\/2024\/10\/03\/la-virtud-de-colapinto-que-sorprendio-en-la-f1-el-no-parece-sentirse\/","title":{"rendered":"La virtud de Colapinto que sorprendi\u00f3 en la F1: \u00ab\u00c9l no parece sentirse&#8230;\u00bb"},"content":{"rendered":"<p><time class=\"createDate\" datetime=\"2024-10-03T17:45:53-03:00\">03\/10\/2024 17:45hs.<\/time><\/p>\n<div id=\"storyBody\">\n<div class=\"custom-text \" readability=\"40\">\n<p><strong>Franco Colapinto<\/strong> sigue ganando terreno en el paddock de la <strong>F\u00f3rmula 1, <\/strong>aunque no solo por sus actuaciones al volante. Ahora, ni m\u00e1s ni menos que su compa\u00f1ero en Williams, <strong>Alex Albon, lo se\u00f1al\u00f3 como un posible candidato para ocupar el asiento de Sauber el pr\u00f3ximo a\u00f1o<\/strong>. Claro, el pilarense de 21 a\u00f1os la est\u00e1 rompiendo y su talento no pasa desapercibido.<\/p>\n<\/div>\n<div class=\"custom-text \" readability=\"41\">\n<p><strong>\u00abEs muy r\u00e1pido, muy relajado como piloto tambi\u00e9n\u00bb<\/strong>, afirm\u00f3 el tailand\u00e9s, en una entrevista con Motorsport.com. Adem\u00e1s, no solo elogi\u00f3 sus habilidades, sino tambi\u00e9n su actitud en un ambiente tan intenso como la M\u00e1xima. \u00ab<strong>Creo que para \u00e9l fue muy natural entrar en la categor\u00eda<\/strong>. Muchos pilotos est\u00e1n bastante tensos y un poco nerviosos. \u00c9l no parece sentirse as\u00ed. <strong>Lleg\u00f3 y enseguida fue veloz en circuitos muy dif\u00edciles<\/strong>\u00ab, destac\u00f3.<\/p>\n<\/div>\n<div class=\"custom-text \" readability=\"39\">\n<p>Sobre la pelea por el asiento en Sauber, agreg\u00f3: <strong>\u00ab<\/strong>No lo s\u00e9, creo que va a estar apretado. No creo que haya una respuesta obvia y <strong>creo que incluso Franco tambi\u00e9n va a entrar en la mezcla<\/strong>\u00ab. Seg\u00fan el propio Albon, pilotos como <strong>Kimi Antonelli<\/strong>, <strong>Ollie Berman<\/strong> y el propio Colapinto demostraron que pueden ser competitivos desde el primer momento.<\/p>\n<\/div>\n<div class=\"sc-e7b891c4-0 ifHnQL\"><img alt=\"Alexander Albon y Franco Colapinto, los pilotos de Williams.\" loading=\"lazy\" width=\"720\" height=\"100\" decoding=\"async\" data-nimg=\"1\" src=\"http:\/\/nuevacordoba.net\/wp-content\/uploads\/2024\/10\/la-virtud-de-colapinto-que-sorprendio-en-la-f1-el-no-parece-sentirse.jpg\"><span class=\"epigraphe\">Alexander Albon y Franco Colapinto, los pilotos de Williams.<\/span><\/div>\n<div class=\"custom-text \" readability=\"30.450292397661\">\n<p>Y es que desde que el piloto argentino reemplaz\u00f3 a Logan Sargeant en el Gran Premio de Italia, no dej\u00f3 de sorprender. Si bien <strong><a href=\"https:\/\/www.ole.com.ar\/tema\/AvpwIuP5AM.html\" title=\"debutar en Monza fue una prueba de fuego\" alt=\"debutar en Monza fue una prueba de fuego\">debutar en Monza fue una prueba de fuego<\/a><\/strong>, en apenas su segunda carrera, en Bak\u00fa, Colapinto logr\u00f3 lo que pocos pueden conseguir: sumar puntos<strong>.<\/strong> Luego, <strong><a href=\"https:\/\/www.ole.com.ar\/tema\/kpDS9V4iSe.html\" title=\"en Singapur, volvi\u00f3 a estar al borde del top 10\" alt=\"en Singapur, volvi\u00f3 a estar al borde del top 10\">en Singapur, volvi\u00f3 a estar al borde del top 10<\/a><\/strong> (qued\u00f3 11\u00b0).<\/p>\n<\/div>\n<div class=\"custom-text \" readability=\"36.117381489842\">\n<p>Sauber, que pasar\u00e1 a ser propiedad de Audi en 2026, tiene un asiento libre para 2025 y la competencia por ese lugar est\u00e1 al rojo vivo. Con Nico Hulkenberg confirmado, el segundo auto podr\u00eda ir para el brasile\u00f1o <strong>Gabriel Bortoleto<\/strong>, campe\u00f3n de la F3 en 2023 y l\u00edder de la F2 este a\u00f1o. Sin embargo, el pilarense entr\u00f3 de lleno en la conversaci\u00f3n tras sus actuaciones y ahora incluso parece que <strong><a href=\"https:\/\/www.ole.com.ar\/tema\/lk1YthTn3P.html\" title=\"se le puede llegar a abrir una puerta en RB\" alt=\"se le puede llegar a abrir una puerta en RB\">se le puede llegar a abrir una puerta en RB<\/a><\/strong>.<\/p>\n<\/div>\n<div class=\"sc-e7b891c4-0 ifHnQL\"><img alt=\"James Vowles est\u00e1 trabajando para que Colapinto tenga su lugar en el 2025.\" loading=\"lazy\" width=\"720\" height=\"100\" decoding=\"async\" data-nimg=\"1\" src=\"http:\/\/nuevacordoba.net\/wp-content\/uploads\/2024\/10\/la-virtud-de-colapinto-que-sorprendio-en-la-f1-el-no-parece-sentirse-1.jpg\"><span class=\"epigraphe\">James Vowles est\u00e1 trabajando para que Colapinto tenga su lugar en el 2025.<\/span><\/div>\n<div class=\"custom-text \" readability=\"30.227963525836\">\n<p>Aunque la escuder\u00eda de Grove tiene sus butacas aseguradas para 2025 (Alex Albon y Carlos Sainz), es evidente que no quieren que el futuro de Franco quede en el aire. <strong>James Vowles<\/strong>, el director del equipo, <strong><a href=\"https:\/\/www.ole.com.ar\/tema\/44zpXucSSr.html\" title=\"ya mencion\u00f3 que su prioridad es ayudarlo a conseguir un asiento en Sauber\" alt=\"ya mencion\u00f3 que su prioridad es ayudarlo a conseguir un asiento en Sauber\">ya mencion\u00f3 que su prioridad es ayudarlo a conseguir un asiento en Sauber<\/a><\/strong>. Y si el jefe lo dice, es porque lo tienen claro.<\/p>\n<\/div>\n<p><h2><strong>\u00bfCu\u00e1ndo es la pr\u00f3xima carrera de Franco Colapinto en la F\u00f3rmula 1?<\/strong><\/h2>\n<\/p>\n<div class=\"custom-text \" readability=\"37\">\n<p>El GP de Austin se disputar\u00e1 <strong>entre el viernes 18 y el domingo 20 de octubre <\/strong>en el Circuito de las Am\u00e9ricas. El calendario de ese fin de semana ser\u00e1 diferente a los tres anteriores en los que particip\u00f3 el argentino, debido a que en esta ocasi\u00f3n tambi\u00e9n<strong> se realizar\u00e1 un sprint<\/strong> (es decir, una carrera corta que le da puntos a los 8 primeros) el s\u00e1bado 19.<\/p>\n<\/div>\n<div class=\"sc-e7b891c4-0 ifHnQL\"><img alt=\"Franco Colapinto correr\u00e1 su pr\u00f3xima carrera en Estados Unidos.\" loading=\"lazy\" width=\"720\" height=\"100\" decoding=\"async\" data-nimg=\"1\" src=\"http:\/\/nuevacordoba.net\/wp-content\/uploads\/2024\/10\/la-virtud-de-colapinto-que-sorprendio-en-la-f1-el-no-parece-sentirse-2.jpg\"><span class=\"epigraphe\">Franco Colapinto correr\u00e1 su pr\u00f3xima carrera en Estados Unidos.<\/span><\/div>\n<div class=\"custom-text \" readability=\"36\">\n<p>Debido a esto, el cronograma se organizar\u00e1 de la siguiente manera: el viernes ser\u00e1 la clasificaci\u00f3n para la sprint race; el s\u00e1bado se disputar\u00e1 esa minicarrera y luego se llevar\u00e1 adelante la qualy para la final. El domingo ser\u00e1 el Gran Premio, <strong>que comenzar\u00e1 a las 16 de Argentina<\/strong>.<\/p>\n<\/div>\n<div class=\"sc-a7166897-0 eoLsBE\" readability=\"6\">\n<section readability=\"2\"><picture><img alt=\"Michael Schumacher reapareci\u00f3 en p\u00fablico: \u00bfc\u00f3mo est\u00e1?\" loading=\"lazy\" width=\"290\" height=\"290\" decoding=\"async\" data-nimg=\"1\" src=\"http:\/\/nuevacordoba.net\/wp-content\/uploads\/2024\/10\/la-virtud-de-colapinto-que-sorprendio-en-la-f1-el-no-parece-sentirse-3.jpg\"><\/picture>\n<p><span>Mir\u00e1 tambi\u00e9n<\/span><\/p>\n<hr>\n<h3>Michael Schumacher reapareci\u00f3 en p\u00fablico: \u00bfc\u00f3mo est\u00e1?<\/h3>\n<\/p>\n<\/section>\n<\/div>\n<div class=\"sc-a7166897-0 eoLsBE\" readability=\"6\">\n<section readability=\"2\"><picture><img alt=\"La ventana que puede abrirse para Colapinto en RB si Horner no quiere a Lawson\" loading=\"lazy\" width=\"290\" height=\"290\" decoding=\"async\" data-nimg=\"1\" src=\"http:\/\/nuevacordoba.net\/wp-content\/uploads\/2024\/10\/la-virtud-de-colapinto-que-sorprendio-en-la-f1-el-no-parece-sentirse-4.jpg\"><\/picture>\n<p><span>Mir\u00e1 tambi\u00e9n<\/span><\/p>\n<hr>\n<h3>La ventana que puede abrirse para Colapinto en RB si Horner no quiere a Lawson<\/h3>\n<\/p>\n<\/section>\n<\/div>\n<div class=\"sc-a7166897-0 eoLsBE\" readability=\"6.5\">\n<section readability=\"3\"><picture><img alt=\"Divertido ping pong de Colapinto y Albon: desde el miedo a las ara\u00f1as hasta la confusi\u00f3n con &quot;\u00bfPizza Wrap?&quot;\" loading=\"lazy\" width=\"290\" height=\"290\" decoding=\"async\" data-nimg=\"1\" src=\"http:\/\/nuevacordoba.net\/wp-content\/uploads\/2024\/10\/la-virtud-de-colapinto-que-sorprendio-en-la-f1-el-no-parece-sentirse-5.jpg\"><\/picture>\n<p><span>Mir\u00e1 tambi\u00e9n<\/span><\/p>\n<hr>\n<h3>Divertido ping pong de Colapinto y Albon: desde el miedo a las ara\u00f1as hasta la confusi\u00f3n con \u00ab\u00bfPizza Wrap?\u00bb<\/h3>\n<\/p>\n<\/section>\n<\/div>\n<div class=\"sc-a7166897-0 eoLsBE\" readability=\"6\">\n<section readability=\"2\"><picture><img alt=\"Se viraliz\u00f3 una incre\u00edble confesi\u00f3n retro de Colapinto: &quot;Un desastre&quot;\" loading=\"lazy\" width=\"290\" height=\"290\" decoding=\"async\" data-nimg=\"1\" src=\"http:\/\/nuevacordoba.net\/wp-content\/uploads\/2024\/10\/la-virtud-de-colapinto-que-sorprendio-en-la-f1-el-no-parece-sentirse-6.jpg\"><\/picture>\n<p><span>Mir\u00e1 tambi\u00e9n<\/span><\/p>\n<hr>\n<h3>Se viraliz\u00f3 una incre\u00edble confesi\u00f3n retro de Colapinto: \u00abUn desastre\u00bb<\/h3>\n<\/p>\n<\/section>\n<\/div>\n<\/div>\n","protected":false},"excerpt":{"rendered":"<p>03\/10\/2024 17:45hs. Franco Colapinto sigue ganando terreno en el paddock de la F\u00f3rmula 1, aunque no solo por sus actuaciones al volante. Ahora, ni m\u00e1s ni menos que su compa\u00f1ero en Williams, Alex Albon, lo se\u00f1al\u00f3 como un posible candidato para ocupar el asiento de Sauber el pr\u00f3ximo a\u00f1o. Claro, el pilarense de 21 a\u00f1os [&hellip;]<\/p>\n","protected":false},"author":1,"featured_media":49326,"comment_status":"closed","ping_status":"closed","sticky":false,"template":"","format":"standard","meta":[],"categories":[10],"tags":[],"_links":{"self":[{"href":"http:\/\/nuevacordoba.net\/index.php\/wp-json\/wp\/v2\/posts\/49325"}],"collection":[{"href":"http:\/\/nuevacordoba.net\/index.php\/wp-json\/wp\/v2\/posts"}],"about":[{"href":"http:\/\/nuevacordoba.net\/index.php\/wp-json\/wp\/v2\/types\/post"}],"author":[{"embeddable":true,"href":"http:\/\/nuevacordoba.net\/index.php\/wp-json\/wp\/v2\/users\/1"}],"replies":[{"embeddable":true,"href":"http:\/\/nuevacordoba.net\/index.php\/wp-json\/wp\/v2\/comments?post=49325"}],"version-history":[{"count":0,"href":"http:\/\/nuevacordoba.net\/index.php\/wp-json\/wp\/v2\/posts\/49325\/revisions"}],"wp:featuredmedia":[{"embeddable":true,"href":"http:\/\/nuevacordoba.net\/index.php\/wp-json\/wp\/v2\/media\/49326"}],"wp:attachment":[{"href":"http:\/\/nuevacordoba.net\/index.php\/wp-json\/wp\/v2\/media?parent=49325"}],"wp:term":[{"taxonomy":"category","embeddable":true,"href":"http:\/\/nuevacordoba.net\/index.php\/wp-json\/wp\/v2\/categories?post=49325"},{"taxonomy":"post_tag","embeddable":true,"href":"http:\/\/nuevacordoba.net\/index.php\/wp-json\/wp\/v2\/tags?post=49325"}],"curies":[{"name":"wp","href":"https:\/\/api.w.org\/{rel}","templated":true}]}}