{"id":49337,"date":"2024-10-03T14:32:22","date_gmt":"2024-10-03T14:32:22","guid":{"rendered":"http:\/\/cordobanewsnet.wordpress.com\/?p=11875"},"modified":"2024-10-03T14:32:22","modified_gmt":"2024-10-03T14:32:22","slug":"las-comisiones-de-economia-y-legislacion-general-avalaron-la-refuncionalizacion-del-orfeo-superdomo","status":"publish","type":"post","link":"http:\/\/nuevacordoba.net\/index.php\/2024\/10\/03\/las-comisiones-de-economia-y-legislacion-general-avalaron-la-refuncionalizacion-del-orfeo-superdomo\/","title":{"rendered":"Las Comisiones de Econom\u00eda y Legislaci\u00f3n General avalaron la refuncionalizaci\u00f3n del Orfeo Superdomo"},"content":{"rendered":"<p>En reuni\u00f3n conjunta celebrada hoy, las comisiones de Econom\u00eda y Finanzas, y de Legislaci\u00f3n General, Asuntos Constitucionales, Peticiones y Poderes del Concejo Deliberante, presididas respectivamente por Miriam Aparicio y Nicol\u00e1s Piloni, aprobaron por amplia mayor\u00eda el proyecto que habilita la refuncionalizaci\u00f3n del Orfeo Superdomo, para montar all\u00ed un centro de atenci\u00f3n m\u00e9dica.<\/p>\n<p>De esta manera, se ratifica la aprobaci\u00f3n previa que ya se hab\u00eda obtenido en la comisi\u00f3n de Desarrollo Urbano, con lo cual el proyecto est\u00e1 en condiciones de ser tratado en el recinto.<\/p>\n<p>El proyecto aprobado contempla que se deber\u00e1 destinar al menos un 60% de la superficie cubierta a fines sanitarios, mientras que el resto puede dedicarse a fines administrativos y\/o comerciales. Tambi\u00e9n se estipula que las modificaciones edilicias deben realizarse con material liviano, que permita su desmontaje o modificaci\u00f3n a futuro, de manera simple.<\/p>\n<p>Otro punto central es que el municipio exime en forma total y por el t\u00e9rmino de 10 a\u00f1os, el pago de la contribuci\u00f3n que incide sobre los inmuebles y sobre el uso del espacio p\u00fablico.<\/p>\n<p>Seg\u00fan se explic\u00f3 en la reuni\u00f3n, la eximici\u00f3n est\u00e1 contemplada en la ordenanza que enmarc\u00f3 la declaraci\u00f3n del Orfeo como \u201cde inter\u00e9s municipal\u201d, y que gener\u00f3 luego una disputa legal con el propietario del inmueble, que consider\u00f3 inconstitucional esa declaraci\u00f3n.<\/p>\n<p>Al debate asistieron los funcionarios municipales: Guillermo Pizarro, Subsecretario de Finanzas y Presupuesto; Magal\u00ed D\u00edaz, subsecretaria de Ingresos P\u00fablicos; y Emanuel Galetto, director de Legales. Lo hicieron para despejar algunas dudas que ediles opositores hab\u00edan planteado sobre las eximiciones y respecto de cu\u00e1nto tributa actualmente ese predio.<\/p>\n<p>Magal\u00ed D\u00edaz precis\u00f3 que Orfeo Superdomo abona anualmente al municipio $17 millones por inmueble y otros $3,8 millones por uso del suelo (debido al puente peatonal sobre Rodr\u00edguez del Busto).<\/p>\n<p>La funcionaria agreg\u00f3 que el propietario del inmueble actualmente est\u00e1 pagando solo porque mantiene el mencionado reclamo de inconstitucionalidad. \u201cHoy est\u00e1 al d\u00eda. Si no tuviera reclamo en la Justicia, ya gozar\u00eda del beneficio de la eximici\u00f3n\u201d, indic\u00f3.<\/p>\n<p>Sin m\u00e1s consultas de los bloques opositores, se procedi\u00f3 a la votaci\u00f3n del proyecto, que fue aprobado por todos los concejales presentes, salvo Laura Vilches (FIT), que se abstuvo.<\/p>\n<p><strong>Convenios<\/strong><\/p>\n<p>Luego sigui\u00f3 reunida s\u00f3lo la comisi\u00f3n de Legislaci\u00f3n General, que aprob\u00f3 sendos convenios de la Municipalidad de C\u00f3rdoba con la Municipalidad de San Miguel, provincia de Buenos Aires, y con los municipios de Jes\u00fas Mar\u00eda, Alta Gracia y Colonia Caroya, en este caso para la promoci\u00f3n tur\u00edstica.<\/p>\n<p>Finalmente se aprob\u00f3 la designaci\u00f3n con el nombre de \u201cPasaje Adolfo F. Orma\u201d a la actual calle \u201cAdolfo F. Orma, de barrio Cerros de las Rosas, y tambi\u00e9n la designaci\u00f3n de diversos pasajes y calles p\u00fablicas en barrios San Mart\u00edn, San Mart\u00edn Anexo, Villa Cabrera, Parque Chacabuco, Las Margaritas, Las Dalias, Las Palmas, Anexo Las Palmas, Villa Siburu, Parque Tablada y Ampliaci\u00f3n Urca.<\/p>\n<figure class=\"wp-block-image size-large\"><img loading=\"lazy\" data-attachment-id=\"11876\" data-permalink=\"https:\/\/cordobanewsnet.wordpress.com\/2024\/10\/03\/las-comisiones-de-economia-y-legislacion-general-avalaron-la-refuncionalizacion-del-orfeo-superdomo\/whatsapp-image-2024-10-02-at-12-29-24-pm\/\" data-orig-file=\"https:\/\/cordobanewsnet.wordpress.com\/wp-content\/uploads\/2024\/10\/whatsapp-image-2024-10-02-at-12.29.24-pm.jpeg\" data-orig-size=\"1600,1066\" data-comments-opened=\"1\" data-image-meta=\"{&quot;aperture&quot;:&quot;0&quot;,&quot;credit&quot;:&quot;&quot;,&quot;camera&quot;:&quot;&quot;,&quot;caption&quot;:&quot;&quot;,&quot;created_timestamp&quot;:&quot;0&quot;,&quot;copyright&quot;:&quot;&quot;,&quot;focal_length&quot;:&quot;0&quot;,&quot;iso&quot;:&quot;0&quot;,&quot;shutter_speed&quot;:&quot;0&quot;,&quot;title&quot;:&quot;&quot;,&quot;orientation&quot;:&quot;0&quot;}\" data-image-title=\"WhatsApp Image 2024-10-02 at 12.29.24 PM\" data-image-description data-image-caption data-medium-file=\"https:\/\/cordobanewsnet.wordpress.com\/wp-content\/uploads\/2024\/10\/whatsapp-image-2024-10-02-at-12.29.24-pm.jpeg?w=300\" data-large-file=\"https:\/\/cordobanewsnet.wordpress.com\/wp-content\/uploads\/2024\/10\/whatsapp-image-2024-10-02-at-12.29.24-pm.jpeg?w=736\" tabindex=\"0\" role=\"button\" width=\"1024\" height=\"682\" src=\"http:\/\/nuevacordoba.net\/wp-content\/uploads\/2024\/10\/las-comisiones-de-economia-y-legislacion-general-avalaron-la-refuncionalizacion-del-orfeo-superdomo.jpg\" alt class=\"wp-image-11876\"><\/figure>\n<figure class=\"wp-block-image size-large\"><img loading=\"lazy\" data-attachment-id=\"11877\" data-permalink=\"https:\/\/cordobanewsnet.wordpress.com\/2024\/10\/03\/las-comisiones-de-economia-y-legislacion-general-avalaron-la-refuncionalizacion-del-orfeo-superdomo\/whatsapp-image-2024-10-02-at-12-29-30-pm\/\" data-orig-file=\"https:\/\/cordobanewsnet.wordpress.com\/wp-content\/uploads\/2024\/10\/whatsapp-image-2024-10-02-at-12.29.30-pm.jpeg\" data-orig-size=\"1600,1066\" data-comments-opened=\"1\" data-image-meta=\"{&quot;aperture&quot;:&quot;0&quot;,&quot;credit&quot;:&quot;&quot;,&quot;camera&quot;:&quot;&quot;,&quot;caption&quot;:&quot;&quot;,&quot;created_timestamp&quot;:&quot;0&quot;,&quot;copyright&quot;:&quot;&quot;,&quot;focal_length&quot;:&quot;0&quot;,&quot;iso&quot;:&quot;0&quot;,&quot;shutter_speed&quot;:&quot;0&quot;,&quot;title&quot;:&quot;&quot;,&quot;orientation&quot;:&quot;0&quot;}\" data-image-title=\"WhatsApp Image 2024-10-02 at 12.29.30 PM\" data-image-description data-image-caption data-medium-file=\"https:\/\/cordobanewsnet.wordpress.com\/wp-content\/uploads\/2024\/10\/whatsapp-image-2024-10-02-at-12.29.30-pm.jpeg?w=300\" data-large-file=\"https:\/\/cordobanewsnet.wordpress.com\/wp-content\/uploads\/2024\/10\/whatsapp-image-2024-10-02-at-12.29.30-pm.jpeg?w=736\" tabindex=\"0\" role=\"button\" width=\"1024\" height=\"682\" src=\"http:\/\/nuevacordoba.net\/wp-content\/uploads\/2024\/10\/las-comisiones-de-economia-y-legislacion-general-avalaron-la-refuncionalizacion-del-orfeo-superdomo-1.jpg\" alt class=\"wp-image-11877\"><\/figure>\n<figure class=\"wp-block-image size-large\"><img loading=\"lazy\" data-attachment-id=\"11878\" data-permalink=\"https:\/\/cordobanewsnet.wordpress.com\/2024\/10\/03\/las-comisiones-de-economia-y-legislacion-general-avalaron-la-refuncionalizacion-del-orfeo-superdomo\/whatsapp-image-2024-10-02-at-12-29-40-pm\/\" data-orig-file=\"https:\/\/cordobanewsnet.wordpress.com\/wp-content\/uploads\/2024\/10\/whatsapp-image-2024-10-02-at-12.29.40-pm.jpeg\" data-orig-size=\"1600,1066\" data-comments-opened=\"1\" data-image-meta=\"{&quot;aperture&quot;:&quot;0&quot;,&quot;credit&quot;:&quot;&quot;,&quot;camera&quot;:&quot;&quot;,&quot;caption&quot;:&quot;&quot;,&quot;created_timestamp&quot;:&quot;0&quot;,&quot;copyright&quot;:&quot;&quot;,&quot;focal_length&quot;:&quot;0&quot;,&quot;iso&quot;:&quot;0&quot;,&quot;shutter_speed&quot;:&quot;0&quot;,&quot;title&quot;:&quot;&quot;,&quot;orientation&quot;:&quot;0&quot;}\" data-image-title=\"WhatsApp Image 2024-10-02 at 12.29.40 PM\" data-image-description data-image-caption data-medium-file=\"https:\/\/cordobanewsnet.wordpress.com\/wp-content\/uploads\/2024\/10\/whatsapp-image-2024-10-02-at-12.29.40-pm.jpeg?w=300\" data-large-file=\"https:\/\/cordobanewsnet.wordpress.com\/wp-content\/uploads\/2024\/10\/whatsapp-image-2024-10-02-at-12.29.40-pm.jpeg?w=736\" tabindex=\"0\" role=\"button\" width=\"1024\" height=\"682\" src=\"http:\/\/nuevacordoba.net\/wp-content\/uploads\/2024\/10\/las-comisiones-de-economia-y-legislacion-general-avalaron-la-refuncionalizacion-del-orfeo-superdomo-2.jpg\" alt class=\"wp-image-11878\"><\/figure>\n<figure class=\"wp-block-image size-large\"><img data-attachment-id=\"11879\" data-permalink=\"https:\/\/cordobanewsnet.wordpress.com\/2024\/10\/03\/las-comisiones-de-economia-y-legislacion-general-avalaron-la-refuncionalizacion-del-orfeo-superdomo\/whatsapp-image-2024-10-02-at-12-29-47-pm\/\" data-orig-file=\"https:\/\/cordobanewsnet.wordpress.com\/wp-content\/uploads\/2024\/10\/whatsapp-image-2024-10-02-at-12.29.47-pm.jpeg\" data-orig-size=\"1600,1066\" data-comments-opened=\"1\" data-image-meta=\"{&quot;aperture&quot;:&quot;0&quot;,&quot;credit&quot;:&quot;&quot;,&quot;camera&quot;:&quot;&quot;,&quot;caption&quot;:&quot;&quot;,&quot;created_timestamp&quot;:&quot;0&quot;,&quot;copyright&quot;:&quot;&quot;,&quot;focal_length&quot;:&quot;0&quot;,&quot;iso&quot;:&quot;0&quot;,&quot;shutter_speed&quot;:&quot;0&quot;,&quot;title&quot;:&quot;&quot;,&quot;orientation&quot;:&quot;0&quot;}\" data-image-title=\"WhatsApp Image 2024-10-02 at 12.29.47 PM\" data-image-description data-image-caption data-medium-file=\"https:\/\/cordobanewsnet.wordpress.com\/wp-content\/uploads\/2024\/10\/whatsapp-image-2024-10-02-at-12.29.47-pm.jpeg?w=300\" data-large-file=\"https:\/\/cordobanewsnet.wordpress.com\/wp-content\/uploads\/2024\/10\/whatsapp-image-2024-10-02-at-12.29.47-pm.jpeg?w=736\" tabindex=\"0\" role=\"button\" loading=\"lazy\" width=\"1024\" height=\"682\" src=\"http:\/\/nuevacordoba.net\/wp-content\/uploads\/2024\/10\/las-comisiones-de-economia-y-legislacion-general-avalaron-la-refuncionalizacion-del-orfeo-superdomo-3.jpg\" alt class=\"wp-image-11879\"><\/figure>\n<p>Concejo Deliberante de C\u00f3rdoba<\/p>\n<p><span id=\"wordads-inline-marker\"><\/span> <\/p>\n<div id=\"jp-post-flair\" class=\"sharedaddy sd-like-enabled sd-sharing-enabled\">\n<div class=\"sharedaddy sd-sharing-enabled\">\n<div class=\"robots-nocontent sd-block sd-social sd-social-icon-text sd-sharing\">\n<h3 class=\"sd-title\">Comparte esto:<\/h3>\n<\/div>\n<\/div>\n<div class=\"sharedaddy sd-block sd-like jetpack-likes-widget-wrapper jetpack-likes-widget-unloaded\" id=\"like-post-wrapper-143108178-11875-6700192d449b8\" data-src=\"\/\/widgets.wp.com\/likes\/index.html?ver=20241004#blog_id=143108178&amp;post_id=11875&amp;origin=cordobanewsnet.wordpress.com&amp;obj_id=143108178-11875-6700192d449b8\" data-name=\"like-post-frame-143108178-11875-6700192d449b8\" data-title=\"Me gusta o Compartir\">\n<p><span class=\"button\"><span>Me gusta<\/span><\/span> <span class=\"loading\">Cargando&#8230;<\/span><\/p>\n<p><span class=\"sd-text-color\"><\/span><\/div>\n<p><h3 class=\"jp-relatedposts-headline\"><em>Relacionado<\/em><\/h3>\n<\/p>\n<\/div>\n","protected":false},"excerpt":{"rendered":"<p>En reuni\u00f3n conjunta celebrada hoy, las comisiones de Econom\u00eda y Finanzas, y de Legislaci\u00f3n General, Asuntos Constitucionales, Peticiones y Poderes del Concejo Deliberante, presididas respectivamente por Miriam Aparicio y Nicol\u00e1s Piloni, aprobaron por amplia mayor\u00eda el proyecto que habilita la refuncionalizaci\u00f3n del Orfeo Superdomo, para montar all\u00ed un centro de atenci\u00f3n m\u00e9dica. De esta manera, [&hellip;]<\/p>\n","protected":false},"author":1,"featured_media":49338,"comment_status":"closed","ping_status":"closed","sticky":false,"template":"","format":"standard","meta":[],"categories":[14],"tags":[],"_links":{"self":[{"href":"http:\/\/nuevacordoba.net\/index.php\/wp-json\/wp\/v2\/posts\/49337"}],"collection":[{"href":"http:\/\/nuevacordoba.net\/index.php\/wp-json\/wp\/v2\/posts"}],"about":[{"href":"http:\/\/nuevacordoba.net\/index.php\/wp-json\/wp\/v2\/types\/post"}],"author":[{"embeddable":true,"href":"http:\/\/nuevacordoba.net\/index.php\/wp-json\/wp\/v2\/users\/1"}],"replies":[{"embeddable":true,"href":"http:\/\/nuevacordoba.net\/index.php\/wp-json\/wp\/v2\/comments?post=49337"}],"version-history":[{"count":0,"href":"http:\/\/nuevacordoba.net\/index.php\/wp-json\/wp\/v2\/posts\/49337\/revisions"}],"wp:featuredmedia":[{"embeddable":true,"href":"http:\/\/nuevacordoba.net\/index.php\/wp-json\/wp\/v2\/media\/49338"}],"wp:attachment":[{"href":"http:\/\/nuevacordoba.net\/index.php\/wp-json\/wp\/v2\/media?parent=49337"}],"wp:term":[{"taxonomy":"category","embeddable":true,"href":"http:\/\/nuevacordoba.net\/index.php\/wp-json\/wp\/v2\/categories?post=49337"},{"taxonomy":"post_tag","embeddable":true,"href":"http:\/\/nuevacordoba.net\/index.php\/wp-json\/wp\/v2\/tags?post=49337"}],"curies":[{"name":"wp","href":"https:\/\/api.w.org\/{rel}","templated":true}]}}