{"id":49339,"date":"2024-10-04T16:00:57","date_gmt":"2024-10-04T16:00:57","guid":{"rendered":"https:\/\/cordoba.gob.ar\/?p=62119"},"modified":"2024-10-04T16:00:57","modified_gmt":"2024-10-04T16:00:57","slug":"189-recuperadores-urbanos-comienzan-cursos-para-capacitarse-en-oficios-y-alfabetizacion","status":"publish","type":"post","link":"http:\/\/nuevacordoba.net\/index.php\/2024\/10\/04\/189-recuperadores-urbanos-comienzan-cursos-para-capacitarse-en-oficios-y-alfabetizacion\/","title":{"rendered":"189 recuperadores urbanos comienzan cursos para capacitarse en oficios y alfabetizaci\u00f3n"},"content":{"rendered":"<div><img src=\"http:\/\/nuevacordoba.net\/wp-content\/uploads\/2024\/10\/189-recuperadores-urbanos-comienzan-cursos-para-capacitarse-en-oficios-y-alfabetizacion.jpg\" class=\"ff-og-image-inserted\"><\/div>\n<ul>\n<li><strong><strong>Esta acci\u00f3n contin\u00faa el compromiso de la Municipalidad de C\u00f3rdoba y la UNC con la integraci\u00f3n social y la Econom\u00eda Circular.<\/strong><\/strong><br \/>\n<hr>\n<\/li>\n<\/ul>\n<p>En el marco del programa de Modernizaci\u00f3n de Medios de Trabajo, que la Municipalidad de C\u00f3rdoba lleva adelante desde fines de 2022, el \u00faltimo grupo de recuperadores urbanos censados inici\u00f3 sus cursos de alfabetizaci\u00f3n y oficios.<\/p>\n<p>Gracias a los convenios firmados con la Universidad Nacional de C\u00f3rdoba y la Universidad Provincial de C\u00f3rdoba, 134 recuperadores urbanos comenzaron diferentes talleres en la UNC, mientras que 55 lo hicieron en el curso de alfabetizaci\u00f3n en la UPC.<\/p>\n<p>Los oficios dictados son \u201cHerrer\u00eda\u201d y \u201cMantenimiento de parques y jardines\u201d, que les permitir\u00e1n tener una salida laboral r\u00e1pida y reinsertarse en el mundo del trabajo.<\/p>\n<p>Tienen una duraci\u00f3n de tres meses y la capacitaci\u00f3n incluye la entrega de mochila y un kit escolar, as\u00ed como tambi\u00e9n gastos de traslado y un refrigerio por cada d\u00eda de asistencia.<\/p>\n<p>\u201cCon esta pol\u00edtica no s\u00f3lo brindamos contenci\u00f3n, formaci\u00f3n y mayores oportunidades laborales sino que tambi\u00e9n revalorizamos la figura de los carreros como trabajadores de la econom\u00eda popular, trabajadores organizados que se constituyen en una unidad productiva\u201d, asegur\u00f3 la titular del COyS, Ver\u00f3nica Bruera.<\/p>\n<p>La articulaci\u00f3n entre el Ente C\u00f3rdoba Obras y Servicios (COyS) y las universidades conforman un verdadero c\u00edrculo virtuoso entre distintos actores de la ciudad en beneficio de los vecinos, con un importante componente social y ambiental.<\/p>\n<p>Al final del proceso, entregar\u00e1n motocargas el\u00e9ctricas a quienes finalicen los cursos, que reemplazan la anterior tracci\u00f3n a sangre, prohibida por ordenanza en la ciudad.<\/p>\n<p>Al mismo tiempo, los caballos son asistidos por una fundaci\u00f3n que gestiona su cuidado y adopci\u00f3n; y los viejos carros son reinsertados en la Econom\u00eda Circular.<\/p>\n","protected":false},"excerpt":{"rendered":"<p>Esta acci\u00f3n contin\u00faa el compromiso de la Municipalidad de C\u00f3rdoba y la UNC con la integraci\u00f3n social y la Econom\u00eda Circular. En el marco del programa de Modernizaci\u00f3n de Medios de Trabajo, que la Municipalidad de C\u00f3rdoba lleva adelante desde fines de 2022, el \u00faltimo grupo de recuperadores urbanos censados inici\u00f3 sus cursos de alfabetizaci\u00f3n [&hellip;]<\/p>\n","protected":false},"author":1,"featured_media":49340,"comment_status":"closed","ping_status":"closed","sticky":false,"template":"","format":"standard","meta":[],"categories":[14],"tags":[],"_links":{"self":[{"href":"http:\/\/nuevacordoba.net\/index.php\/wp-json\/wp\/v2\/posts\/49339"}],"collection":[{"href":"http:\/\/nuevacordoba.net\/index.php\/wp-json\/wp\/v2\/posts"}],"about":[{"href":"http:\/\/nuevacordoba.net\/index.php\/wp-json\/wp\/v2\/types\/post"}],"author":[{"embeddable":true,"href":"http:\/\/nuevacordoba.net\/index.php\/wp-json\/wp\/v2\/users\/1"}],"replies":[{"embeddable":true,"href":"http:\/\/nuevacordoba.net\/index.php\/wp-json\/wp\/v2\/comments?post=49339"}],"version-history":[{"count":0,"href":"http:\/\/nuevacordoba.net\/index.php\/wp-json\/wp\/v2\/posts\/49339\/revisions"}],"wp:featuredmedia":[{"embeddable":true,"href":"http:\/\/nuevacordoba.net\/index.php\/wp-json\/wp\/v2\/media\/49340"}],"wp:attachment":[{"href":"http:\/\/nuevacordoba.net\/index.php\/wp-json\/wp\/v2\/media?parent=49339"}],"wp:term":[{"taxonomy":"category","embeddable":true,"href":"http:\/\/nuevacordoba.net\/index.php\/wp-json\/wp\/v2\/categories?post=49339"},{"taxonomy":"post_tag","embeddable":true,"href":"http:\/\/nuevacordoba.net\/index.php\/wp-json\/wp\/v2\/tags?post=49339"}],"curies":[{"name":"wp","href":"https:\/\/api.w.org\/{rel}","templated":true}]}}