{"id":49341,"date":"2024-10-04T12:36:44","date_gmt":"2024-10-04T12:36:44","guid":{"rendered":"https:\/\/puntoapunto.com.ar\/?p=365767"},"modified":"2024-10-04T12:36:44","modified_gmt":"2024-10-04T12:36:44","slug":"la-camara-de-opticas-de-cordoba-eligio-a-sus-nuevas-autoridades","status":"publish","type":"post","link":"http:\/\/nuevacordoba.net\/index.php\/2024\/10\/04\/la-camara-de-opticas-de-cordoba-eligio-a-sus-nuevas-autoridades\/","title":{"rendered":"La C\u00e1mara de \u00d3pticas de C\u00f3rdoba eligi\u00f3 a sus nuevas autoridades"},"content":{"rendered":"\n<p>Se celebr\u00f3 la Asamblea General Ordinaria donde fueron elegidas las<strong> nuevas autoridades de la C\u00e1mara de \u00d3pticas de la provincia de C\u00f3rdoba.<\/strong> <strong>Cristian Pastore es el nuevo presidente de la instituci\u00f3n<\/strong>. Pastore tuvo una gesti\u00f3n en el a\u00f1o 2014, en el que sent\u00f3 las bases para el crecimiento del sector \u00f3ptico en la provincia.<\/p>\n<p>Con experiencia en el \u00e1mbito comercial e institucional, Pastore, se ha destacado por su capacidad de liderazgo y visi\u00f3n estrat\u00e9gica, impulsando durante su primera gesti\u00f3n acciones claves que mejoraron la competitividad y consolidaron la relaci\u00f3n entre las \u00f3pticas y la comunidad.<\/p>\n<p>Su vuelta marca el inicio de una nueva etapa de dirigencia, con un fuerte<strong> enfoque en fortalecer las \u00f3pticas en todo el territorio provincial, a trav\u00e9s de programas de capacitaci\u00f3n comercial y mentor\u00edas<\/strong>, como as\u00ed tambi\u00e9n guiando acciones que refuercen el laboratorio \u00f3ptico, sin dejar de atender a las necesidades del sector.<\/p>\n<p><img decoding=\"async\" class=\"aligncenter wp-image-365769 size-full\" src=\"http:\/\/nuevacordoba.net\/wp-content\/uploads\/2024\/10\/la-camara-de-opticas-de-cordoba-eligio-a-sus-nuevas-autoridades.jpg\" alt width=\"1200\" height=\"608\" srcset=\"http:\/\/nuevacordoba.net\/wp-content\/uploads\/2024\/10\/la-camara-de-opticas-de-cordoba-eligio-a-sus-nuevas-autoridades.jpg 1200w, http:\/\/nuevacordoba.net\/wp-content\/uploads\/2024\/10\/la-camara-de-opticas-de-cordoba-eligio-a-sus-nuevas-autoridades-1.jpg 300w, http:\/\/nuevacordoba.net\/wp-content\/uploads\/2024\/10\/la-camara-de-opticas-de-cordoba-eligio-a-sus-nuevas-autoridades-2.jpg 1024w, http:\/\/nuevacordoba.net\/wp-content\/uploads\/2024\/10\/la-camara-de-opticas-de-cordoba-eligio-a-sus-nuevas-autoridades-3.jpg 768w, http:\/\/nuevacordoba.net\/wp-content\/uploads\/2024\/10\/la-camara-de-opticas-de-cordoba-eligio-a-sus-nuevas-autoridades-4.jpg 750w, http:\/\/nuevacordoba.net\/wp-content\/uploads\/2024\/10\/la-camara-de-opticas-de-cordoba-eligio-a-sus-nuevas-autoridades-5.jpg 1140w\" sizes=\"(max-width: 1200px) 100vw, 1200px\" loading=\"lazy\"><\/p>\n<p>\u201cEs un honor regresar a este rol y retomar el trabajo junto a colegas y profesionales del sector. Estamos preparados para enfrentar grandes desaf\u00edos y, con esfuerzo y unidad, fortaleceremos la industria \u00f3ptica en toda la provincia, especialmente en el interior, donde se concentra la mayor parte de nuestros asociados\u00bb, afirm\u00f3 el nuevo presidente tras su designaci\u00f3n.<\/p>\n<p>Durante la asamblea, tambi\u00e9n se designaron a<strong> Susana Garlati como Secretaria, Sebasti\u00e1n Paesani como Tesorero y Silvina Gonz\u00e1lez como Vocal Titular,<\/strong> entre las principales autoridades.<\/p>\n<p>Cristian Pastore se comprometi\u00f3 a trabajar intensamente en toda la provincia, robusteciendo la industria \u00f3ptica tanto en la capital como en el interior, donde se encuentra la mayor\u00eda de los asociados. Adem\u00e1s, se fortalecer\u00e1n las alianzas con instituciones locales y nacionales para posicionar al sector \u00f3ptico como un actor clave en la econom\u00eda regional.<\/p>\n<p>Cristian Pastore destac\u00f3 que su gesti\u00f3n pondr\u00e1 un fuerte <strong>\u00e9nfasis en impulsar el desarrollo en toda la provincia, priorizando el trabajo en ciudades claves como R\u00edo Cuarto, Villa Mar\u00eda y localidades del departamento San Justo como San Francisco, Arroyito y Ju\u00e1rez Celman<\/strong>, entre otras. Adem\u00e1s, buscar\u00e1 consolidar alianzas estrat\u00e9gicas con instituciones locales y nacionales, con el objetivo de posicionar al sector \u00f3ptico como un <strong>actor fundamental en la econom\u00eda regional,<\/strong> tanto en la capital como en el interior<\/p>\n","protected":false},"excerpt":{"rendered":"<p>Se celebr\u00f3 la Asamblea General Ordinaria donde fueron elegidas las nuevas autoridades de la C\u00e1mara de \u00d3pticas de la provincia de C\u00f3rdoba. Cristian Pastore es el nuevo presidente de la instituci\u00f3n. Pastore tuvo una gesti\u00f3n en el a\u00f1o 2014, en el que sent\u00f3 las bases para el crecimiento del sector \u00f3ptico en la provincia. Con [&hellip;]<\/p>\n","protected":false},"author":1,"featured_media":49342,"comment_status":"open","ping_status":"closed","sticky":false,"template":"","format":"standard","meta":[],"categories":[14],"tags":[],"_links":{"self":[{"href":"http:\/\/nuevacordoba.net\/index.php\/wp-json\/wp\/v2\/posts\/49341"}],"collection":[{"href":"http:\/\/nuevacordoba.net\/index.php\/wp-json\/wp\/v2\/posts"}],"about":[{"href":"http:\/\/nuevacordoba.net\/index.php\/wp-json\/wp\/v2\/types\/post"}],"author":[{"embeddable":true,"href":"http:\/\/nuevacordoba.net\/index.php\/wp-json\/wp\/v2\/users\/1"}],"replies":[{"embeddable":true,"href":"http:\/\/nuevacordoba.net\/index.php\/wp-json\/wp\/v2\/comments?post=49341"}],"version-history":[{"count":0,"href":"http:\/\/nuevacordoba.net\/index.php\/wp-json\/wp\/v2\/posts\/49341\/revisions"}],"wp:featuredmedia":[{"embeddable":true,"href":"http:\/\/nuevacordoba.net\/index.php\/wp-json\/wp\/v2\/media\/49342"}],"wp:attachment":[{"href":"http:\/\/nuevacordoba.net\/index.php\/wp-json\/wp\/v2\/media?parent=49341"}],"wp:term":[{"taxonomy":"category","embeddable":true,"href":"http:\/\/nuevacordoba.net\/index.php\/wp-json\/wp\/v2\/categories?post=49341"},{"taxonomy":"post_tag","embeddable":true,"href":"http:\/\/nuevacordoba.net\/index.php\/wp-json\/wp\/v2\/tags?post=49341"}],"curies":[{"name":"wp","href":"https:\/\/api.w.org\/{rel}","templated":true}]}}