{"id":49373,"date":"2024-10-04T17:40:27","date_gmt":"2024-10-04T17:40:27","guid":{"rendered":"http:\/\/cordobanewsnet.wordpress.com\/?p=11888"},"modified":"2024-10-04T17:40:27","modified_gmt":"2024-10-04T17:40:27","slug":"tiempo-en-cordoba-vientos-fuertes-y-mucho-calor-en-la-provincia","status":"publish","type":"post","link":"http:\/\/nuevacordoba.net\/index.php\/2024\/10\/04\/tiempo-en-cordoba-vientos-fuertes-y-mucho-calor-en-la-provincia\/","title":{"rendered":"Tiempo en C\u00f3rdoba: vientos fuertes y mucho calor en la provincia"},"content":{"rendered":"<p><!-- \/featured-media --> <\/p>\n<div class=\"post-content clear\" readability=\"46.871473354232\">\n<p>El ente meteorol\u00f3gico comunic\u00f3 una m\u00e1xima de 30\u00b0C y fuertes vientos.<\/p>\n<figure class=\"wp-block-image\"><img src=\"http:\/\/nuevacordoba.net\/wp-content\/uploads\/2024\/10\/tiempo-en-cordoba-vientos-fuertes-y-mucho-calor-en-la-provincia.jpg\" alt=\"e-card\"><\/figure>\n<p>El Servicio Meteorol\u00f3gico Nacional (SMN) inform\u00f3 que para este viernes 4 se espera un d\u00eda soleado, con cielo despejado y con mucho viento en la provincia de C\u00f3rdoba.<\/p>\n<p>Rige una alerta amarilla, por lo que se prev\u00e9n r\u00e1fagas de viento entre 42 y 50 kil\u00f3metros por hora durante la ma\u00f1ana y la tarde.<\/p>\n<p>En tanto, se espera una temperatura m\u00e1xima de 30\u00b0C y una m\u00ednima de 12\u00b0C.<\/p>\n<p>Las temperaturas ir\u00e1n en ascenso este fin de semana, pero con cielo mayormente nublado.<\/p>\n<figure class=\"wp-block-image size-large\"><img loading=\"lazy\" data-attachment-id=\"11889\" data-permalink=\"https:\/\/cordobanewsnet.wordpress.com\/2024\/10\/04\/tiempo-en-cordoba-vientos-fuertes-y-mucho-calor-en-la-provincia\/image-534\/\" data-orig-file=\"https:\/\/cordobanewsnet.wordpress.com\/wp-content\/uploads\/2024\/10\/image-9.png\" data-orig-size=\"929,523\" data-comments-opened=\"1\" data-image-meta=\"{&quot;aperture&quot;:&quot;0&quot;,&quot;credit&quot;:&quot;&quot;,&quot;camera&quot;:&quot;&quot;,&quot;caption&quot;:&quot;&quot;,&quot;created_timestamp&quot;:&quot;0&quot;,&quot;copyright&quot;:&quot;&quot;,&quot;focal_length&quot;:&quot;0&quot;,&quot;iso&quot;:&quot;0&quot;,&quot;shutter_speed&quot;:&quot;0&quot;,&quot;title&quot;:&quot;&quot;,&quot;orientation&quot;:&quot;0&quot;}\" data-image-title=\"image\" data-image-description data-image-caption data-medium-file=\"https:\/\/cordobanewsnet.wordpress.com\/wp-content\/uploads\/2024\/10\/image-9.png?w=300\" data-large-file=\"https:\/\/cordobanewsnet.wordpress.com\/wp-content\/uploads\/2024\/10\/image-9.png?w=736\" tabindex=\"0\" role=\"button\" width=\"929\" height=\"523\" src=\"http:\/\/nuevacordoba.net\/wp-content\/uploads\/2024\/10\/tiempo-en-cordoba-vientos-fuertes-y-mucho-calor-en-la-provincia.png\" alt class=\"wp-image-11889\"><\/figure>\n<p>Fuente : Telefe C\u00f3rdoba Argentina<\/p>\n<p><span id=\"wordads-inline-marker\"><\/span> <\/p>\n<div id=\"jp-post-flair\" class=\"sharedaddy sd-like-enabled sd-sharing-enabled\">\n<div class=\"sharedaddy sd-sharing-enabled\">\n<div class=\"robots-nocontent sd-block sd-social sd-social-icon-text sd-sharing\">\n<h3 class=\"sd-title\">Comparte esto:<\/h3>\n<\/div>\n<\/div>\n<div class=\"sharedaddy sd-block sd-like jetpack-likes-widget-wrapper jetpack-likes-widget-unloaded\" id=\"like-post-wrapper-143108178-11888-6701024b64ebe\" data-src=\"\/\/widgets.wp.com\/likes\/index.html?ver=20241005#blog_id=143108178&amp;post_id=11888&amp;origin=cordobanewsnet.wordpress.com&amp;obj_id=143108178-11888-6701024b64ebe\" data-name=\"like-post-frame-143108178-11888-6701024b64ebe\" data-title=\"Me gusta o Compartir\">\n<p><span class=\"button\"><span>Me gusta<\/span><\/span> <span class=\"loading\">Cargando&#8230;<\/span><\/p>\n<p><span class=\"sd-text-color\"><\/span><\/div>\n<p><h3 class=\"jp-relatedposts-headline\"><em>Relacionado<\/em><\/h3>\n<\/p>\n<\/div><\/div>\n<p><!--\/.post-content--> <\/p>\n<footer class=\"post-meta-container clear\" readability=\"0.34010152284264\">\n<div class=\"entry-author author-avatar-show\" readability=\"13.114754098361\">\n<div class=\"author-avatar\"> <img alt src=\"http:\/\/nuevacordoba.net\/wp-content\/uploads\/2024\/10\/tiempo-en-cordoba-vientos-fuertes-y-mucho-calor-en-la-provincia-1.png\" srcset=\"http:\/\/nuevacordoba.net\/wp-content\/uploads\/2024\/10\/tiempo-en-cordoba-vientos-fuertes-y-mucho-calor-en-la-provincia-1.png 1x, http:\/\/nuevacordoba.net\/wp-content\/uploads\/2024\/10\/tiempo-en-cordoba-vientos-fuertes-y-mucho-calor-en-la-provincia-2.png 1.5x, http:\/\/nuevacordoba.net\/wp-content\/uploads\/2024\/10\/tiempo-en-cordoba-vientos-fuertes-y-mucho-calor-en-la-provincia-3.png 2x, http:\/\/nuevacordoba.net\/wp-content\/uploads\/2024\/10\/tiempo-en-cordoba-vientos-fuertes-y-mucho-calor-en-la-provincia-4.png 3x, http:\/\/nuevacordoba.net\/wp-content\/uploads\/2024\/10\/tiempo-en-cordoba-vientos-fuertes-y-mucho-calor-en-la-provincia-5.png 4x\" class=\"avatar avatar-90\" height=\"90\" width=\"90\" loading=\"lazy\" decoding=\"async\"> <\/div>\n<p><!-- .author-avatar --> <\/p>\n<p><h2 class=\"author-title\"> Publicado por <span class=\"author-name\">Redacci\u00f3n<\/span> <\/h2>\n<\/p>\n<p><!-- .author-heading --> <\/p>\n<p class=\"author-bio\"> <a class=\"author-link\" href=\"https:\/\/cordobanewsnet.wordpress.com\/author\/prettomatias\/\" rel=\"author\"> Ver todas las entradas de Redacci\u00f3n <\/a> <\/p>\n<p><!-- .author-bio --> <\/div>\n<p><!-- .entry-auhtor --> <\/footer>\n<p> <!-- \/post-meta-container --> <!-- #respond --> <\/p>\n","protected":false},"excerpt":{"rendered":"<p>El ente meteorol\u00f3gico comunic\u00f3 una m\u00e1xima de 30\u00b0C y fuertes vientos. El Servicio Meteorol\u00f3gico Nacional (SMN) inform\u00f3 que para este viernes 4 se espera un d\u00eda soleado, con cielo despejado y con mucho viento en la provincia de C\u00f3rdoba. Rige una alerta amarilla, por lo que se prev\u00e9n r\u00e1fagas de viento entre 42 y 50 [&hellip;]<\/p>\n","protected":false},"author":1,"featured_media":49374,"comment_status":"closed","ping_status":"closed","sticky":false,"template":"","format":"standard","meta":[],"categories":[14],"tags":[],"_links":{"self":[{"href":"http:\/\/nuevacordoba.net\/index.php\/wp-json\/wp\/v2\/posts\/49373"}],"collection":[{"href":"http:\/\/nuevacordoba.net\/index.php\/wp-json\/wp\/v2\/posts"}],"about":[{"href":"http:\/\/nuevacordoba.net\/index.php\/wp-json\/wp\/v2\/types\/post"}],"author":[{"embeddable":true,"href":"http:\/\/nuevacordoba.net\/index.php\/wp-json\/wp\/v2\/users\/1"}],"replies":[{"embeddable":true,"href":"http:\/\/nuevacordoba.net\/index.php\/wp-json\/wp\/v2\/comments?post=49373"}],"version-history":[{"count":0,"href":"http:\/\/nuevacordoba.net\/index.php\/wp-json\/wp\/v2\/posts\/49373\/revisions"}],"wp:featuredmedia":[{"embeddable":true,"href":"http:\/\/nuevacordoba.net\/index.php\/wp-json\/wp\/v2\/media\/49374"}],"wp:attachment":[{"href":"http:\/\/nuevacordoba.net\/index.php\/wp-json\/wp\/v2\/media?parent=49373"}],"wp:term":[{"taxonomy":"category","embeddable":true,"href":"http:\/\/nuevacordoba.net\/index.php\/wp-json\/wp\/v2\/categories?post=49373"},{"taxonomy":"post_tag","embeddable":true,"href":"http:\/\/nuevacordoba.net\/index.php\/wp-json\/wp\/v2\/tags?post=49373"}],"curies":[{"name":"wp","href":"https:\/\/api.w.org\/{rel}","templated":true}]}}