{"id":49434,"date":"2024-10-04T03:01:56","date_gmt":"2024-10-04T03:01:56","guid":{"rendered":"https:\/\/puntoapunto.com.ar\/?p=365734"},"modified":"2024-10-04T03:01:56","modified_gmt":"2024-10-04T03:01:56","slug":"salarios-bajos-brecha-de-genero-y-pluriempleo-radiografia-del-empleo-profesional-en-cordoba","status":"publish","type":"post","link":"http:\/\/nuevacordoba.net\/index.php\/2024\/10\/04\/salarios-bajos-brecha-de-genero-y-pluriempleo-radiografia-del-empleo-profesional-en-cordoba\/","title":{"rendered":"Salarios bajos, brecha de g\u00e9nero y pluriempleo: radiograf\u00eda del empleo profesional en C\u00f3rdoba"},"content":{"rendered":"<div class=\"g g-36\">\n<div class=\"g-dyn a-29 c-1\"><a class=\"gofollow\" data-track=\"MjksMzYsMSw2MA==\" href=\"https:\/\/www.harmoniechateau.com.ar\/\" target=\"_blank\" rel=\"noopener\"><img src=\"http:\/\/nuevacordoba.net\/wp-content\/uploads\/2024\/10\/salarios-bajos-brecha-de-genero-y-pluriempleo-radiografia-del-empleo-profesional-en-cordoba.gif\" loading=\"lazy\"><\/a><\/div>\n<\/div>\n<p>&nbsp;\n<\/p>\n<p><strong>Liliana Barbero, Directora del Observatorio de la Federaci\u00f3n de Entidades Profesionales Universitarias de C\u00f3rdoba<\/strong> (<a href=\"https:\/\/fepuc.org.ar\/\">Fepuc<\/a>), present\u00f3 los resultados de un estudio que revela el delicado estado de las condiciones laborales de los profesionales en la provincia<strong>. El informe detalla c\u00f3mo la pandemia y la crisis econ\u00f3mica han afectado significativamente al sector, generando ingresos bajos, pluriempleo y una persistente brecha <a href=\"https:\/\/puntoapunto.com.ar\/el-futuro-del-empleo-horarios-flexibles-mas-virtualidad-y-mejores-salarios\/\">salarial<\/a> de g\u00e9nero.<\/strong><!-- \u00a1O bien no hay banners, estan desactivados o no estan programados para esta ubicaci\u00f3n! -->\n<\/p>\n<p>\u00ab<strong>El sector profesional ha sufrido diversos impactos a lo largo del tiempo, pero el m\u00e1s fuerte fue durante la pandemia, cuando la actividad laboral se paraliz\u00f3\u00bb<\/strong>, explic\u00f3 Barbero en su paso por el programa Con el Diario del Lunes. A pesar de la reactivaci\u00f3n progresiva, la situaci\u00f3n no ha logrado recomponerse por completo, y los efectos de la crisis econ\u00f3mica actual profundizan a\u00fan m\u00e1s las dificultades.\n<\/p>\n<p><iframe id=\"_ytid_20894\" width=\"480\" height=\"270\" data-origwidth=\"480\" data-origheight=\"270\" src=\"https:\/\/www.youtube.com\/embed\/s6Txu5PEltY?enablejsapi=1&amp;autoplay=0&amp;cc_load_policy=0&amp;cc_lang_pref=&amp;iv_load_policy=1&amp;loop=0&amp;modestbranding=0&amp;rel=0&amp;fs=1&amp;playsinline=0&amp;autohide=2&amp;theme=dark&amp;color=red&amp;controls=1&amp;\" class=\"__youtube_prefs__ epyt-is-override no-lazyload\" title=\"YouTube player\" allow=\"fullscreen; accelerometer; autoplay; clipboard-write; encrypted-media; gyroscope; picture-in-picture\" allowfullscreen data-no-lazy=\"1\" data-skipgform_ajax_framebjll>[embedded content]<\/iframe><!-- \u00a1O bien no hay banners, estan desactivados o no estan programados para esta ubicaci\u00f3n! -->\n<\/p>\n<p>Seg\u00fan el estudio, <strong>el ingreso promedio de los profesionales cordobeses en mayo de 2024 fue de 1.040.000 pesos, mientras que el costo de la canasta b\u00e1sica total para un hogar de cuatro personas<\/strong>, seg\u00fan el INDEC, era de 800.000 pesos en ese mismo mes. \u00abA pesar de parecer un salario relativamente alto, muchos profesionales tienen dificultades para cubrir los gastos b\u00e1sicos debido a la inflaci\u00f3n y al aumento del costo de vida\u00bb, a\u00f1adi\u00f3 Barbero.<\/p>\n<p><strong>Brecha salarial de g\u00e9nero: una preocupaci\u00f3n persistente<\/strong>\n<\/p>\n<p>Uno de los datos m\u00e1s preocupantes del informe es la persistente brecha salarial de g\u00e9nero. \u00abLos varones ganan, en promedio<strong>, un 36% m\u00e1s que las mujeres<\/strong>. <strong>La mediana de ingresos en mayo era de 830.000 pesos o menos,<\/strong> lo que afecta de manera m\u00e1s severa a las profesionales mujeres\u00bb, detall\u00f3 Barbero.\n<\/p>\n<p>Esta diferencia tiene m\u00faltiples causas, entre las cuales se destaca la dificultad que enfrentan las mujeres para acceder a m\u00faltiples empleos o para trabajar m\u00e1s de 10 horas al d\u00eda, una opci\u00f3n que muchos hombres utilizan para compensar la ca\u00edda de ingresos. \u00abLas mujeres, debido a las responsabilidades familiares y la falta de igualdad de oportunidades, no pueden dedicar la misma cantidad de horas que los hombres al trabajo\u00bb, afirm\u00f3 la directora.\n<\/p>\n<p><img decoding=\"async\" class=\"aligncenter wp-image-365735 size-full\" src=\"http:\/\/nuevacordoba.net\/wp-content\/uploads\/2024\/10\/salarios-bajos-brecha-de-genero-y-pluriempleo-radiografia-del-empleo-profesional-en-cordoba.jpg\" alt width=\"1200\" height=\"900\" srcset=\"http:\/\/nuevacordoba.net\/wp-content\/uploads\/2024\/10\/salarios-bajos-brecha-de-genero-y-pluriempleo-radiografia-del-empleo-profesional-en-cordoba.jpg 1200w, http:\/\/nuevacordoba.net\/wp-content\/uploads\/2024\/10\/salarios-bajos-brecha-de-genero-y-pluriempleo-radiografia-del-empleo-profesional-en-cordoba-1.jpg 300w, http:\/\/nuevacordoba.net\/wp-content\/uploads\/2024\/10\/salarios-bajos-brecha-de-genero-y-pluriempleo-radiografia-del-empleo-profesional-en-cordoba-2.jpg 1024w, http:\/\/nuevacordoba.net\/wp-content\/uploads\/2024\/10\/salarios-bajos-brecha-de-genero-y-pluriempleo-radiografia-del-empleo-profesional-en-cordoba-3.jpg 768w, http:\/\/nuevacordoba.net\/wp-content\/uploads\/2024\/10\/salarios-bajos-brecha-de-genero-y-pluriempleo-radiografia-del-empleo-profesional-en-cordoba-4.jpg 750w, http:\/\/nuevacordoba.net\/wp-content\/uploads\/2024\/10\/salarios-bajos-brecha-de-genero-y-pluriempleo-radiografia-del-empleo-profesional-en-cordoba-5.jpg 1140w\" sizes=\"(max-width: 1200px) 100vw, 1200px\" loading=\"lazy\">\n<\/p>\n<p><strong>El pluriempleo como salida a la crisis<\/strong>\n<\/p>\n<p>El estudio muestra un crecimiento del trabajo independiente y una disminuci\u00f3n del trabajo asalariado, tendencia que no ha revertido desde la pandemia. Ante la necesidad de alcanzar ingresos suficientes para cubrir los gastos, muchos profesionales han optado por tener m\u00e1s de un empleo. <strong>\u00abUn 43% de los profesionales cordobeses sostiene m\u00e1s de un trabajo, un incremento de casi el 10% en los \u00faltimos a\u00f1os\u00bb<\/strong>, se\u00f1al\u00f3 Barbero.\n<\/p>\n<p>Adem\u00e1s, un porcentaje significativo de los profesionales trabaja m\u00e1s de 10 horas al d\u00eda. \u00abEsta situaci\u00f3n, adem\u00e1s de generar agotamiento, afecta directamente a las mujeres, que por sus responsabilidades dom\u00e9sticas no pueden acceder a las mismas oportunidades laborales que los hombres\u00bb, remarc\u00f3 Barbero.\n<\/p>\n<p>El informe tambi\u00e9n revela que<strong> el 9% de los profesionales perdieron al menos un empleo en el \u00faltimo a\u00f1o. Los sectores m\u00e1s afectados fueron el de la construcci\u00f3n y el desarrollo, con una ca\u00edda del 14%,<\/strong> y el sector salud, con una baja del 8%.\n<\/p>\n<p><strong>Expectativas ante la reforma laboral<\/strong>\n<\/p>\n<p>Respecto a las expectativas en torno a la posible reforma laboral, Barbero advirti\u00f3 que los profesionales est\u00e1n en una situaci\u00f3n cr\u00edtica. \u00abEl poder adquisitivo de los profesionales ha ido disminuyendo cada vez m\u00e1s, al punto de que muchos est\u00e1n cerca de quedar por debajo de la l\u00ednea de pobreza, a pesar de ser uno de los sectores m\u00e1s formados acad\u00e9micamente\u00bb, concluy\u00f3.\n<\/p>\n<p>El informe del Observatorio Fepuc subraya la necesidad de generar pol\u00edticas p\u00fablicas que aborden la brecha salarial, el pluriempleo y la precarizaci\u00f3n laboral que afecta a uno de los sectores m\u00e1s capacitados como el de los profesionales de C\u00f3rdoba.\n<\/p>\n<div class=\"g g-38\">\n<div class=\"g-dyn a-12 c-1\"><a class=\"gofollow\" data-track=\"MTIsMzgsMSw2MA==\" href=\"https:\/\/hospitalprivado.com.ar\/blog\/institucional\/somos-la-primera-institucion-del-interior-del-pais-en-acreditar-joint-commission-international.html\" target=\"_blank\" rel=\"noopener\"><img src=\"http:\/\/nuevacordoba.net\/wp-content\/uploads\/2024\/10\/salarios-bajos-brecha-de-genero-y-pluriempleo-radiografia-del-empleo-profesional-en-cordoba-1.gif\" loading=\"lazy\"><\/a><\/div>\n<\/div>\n","protected":false},"excerpt":{"rendered":"<p>&nbsp; Liliana Barbero, Directora del Observatorio de la Federaci\u00f3n de Entidades Profesionales Universitarias de C\u00f3rdoba (Fepuc), present\u00f3 los resultados de un estudio que revela el delicado estado de las condiciones laborales de los profesionales en la provincia. El informe detalla c\u00f3mo la pandemia y la crisis econ\u00f3mica han afectado significativamente al sector, generando ingresos bajos, [&hellip;]<\/p>\n","protected":false},"author":1,"featured_media":49435,"comment_status":"open","ping_status":"closed","sticky":false,"template":"","format":"standard","meta":[],"categories":[14],"tags":[],"_links":{"self":[{"href":"http:\/\/nuevacordoba.net\/index.php\/wp-json\/wp\/v2\/posts\/49434"}],"collection":[{"href":"http:\/\/nuevacordoba.net\/index.php\/wp-json\/wp\/v2\/posts"}],"about":[{"href":"http:\/\/nuevacordoba.net\/index.php\/wp-json\/wp\/v2\/types\/post"}],"author":[{"embeddable":true,"href":"http:\/\/nuevacordoba.net\/index.php\/wp-json\/wp\/v2\/users\/1"}],"replies":[{"embeddable":true,"href":"http:\/\/nuevacordoba.net\/index.php\/wp-json\/wp\/v2\/comments?post=49434"}],"version-history":[{"count":0,"href":"http:\/\/nuevacordoba.net\/index.php\/wp-json\/wp\/v2\/posts\/49434\/revisions"}],"wp:featuredmedia":[{"embeddable":true,"href":"http:\/\/nuevacordoba.net\/index.php\/wp-json\/wp\/v2\/media\/49435"}],"wp:attachment":[{"href":"http:\/\/nuevacordoba.net\/index.php\/wp-json\/wp\/v2\/media?parent=49434"}],"wp:term":[{"taxonomy":"category","embeddable":true,"href":"http:\/\/nuevacordoba.net\/index.php\/wp-json\/wp\/v2\/categories?post=49434"},{"taxonomy":"post_tag","embeddable":true,"href":"http:\/\/nuevacordoba.net\/index.php\/wp-json\/wp\/v2\/tags?post=49434"}],"curies":[{"name":"wp","href":"https:\/\/api.w.org\/{rel}","templated":true}]}}