{"id":49446,"date":"2024-10-07T03:04:55","date_gmt":"2024-10-07T03:04:55","guid":{"rendered":"https:\/\/puntoapunto.com.ar\/?p=365795"},"modified":"2024-10-07T03:04:55","modified_gmt":"2024-10-07T03:04:55","slug":"se-vienen-meses-hot-para-el-consumo-y-una-empresa-activa-1-000-busquedas-laborales","status":"publish","type":"post","link":"http:\/\/nuevacordoba.net\/index.php\/2024\/10\/07\/se-vienen-meses-hot-para-el-consumo-y-una-empresa-activa-1-000-busquedas-laborales\/","title":{"rendered":"Se vienen meses hot para el consumo y una empresa activa 1.000 b\u00fasquedas laborales"},"content":{"rendered":"<div class=\"g g-36\">\n<div class=\"g-dyn a-29 c-1\"><a class=\"gofollow\" data-track=\"MjksMzYsMSw2MA==\" href=\"https:\/\/www.harmoniechateau.com.ar\/\" target=\"_blank\" rel=\"noopener\"><img src=\"http:\/\/nuevacordoba.net\/wp-content\/uploads\/2024\/10\/se-vienen-meses-hot-para-el-consumo-y-una-empresa-activa-1-000-busquedas-laborales.gif\" loading=\"lazy\"><\/a><\/div>\n<\/div>\n<p>&nbsp;\n<\/p>\n<p>La compa\u00f1\u00eda de b\u00fasqueda, selecci\u00f3n y gesti\u00f3n de capital humano, Grupo Gesti\u00f3n, inici\u00f3 la b\u00fasqueda de personal para cubrir 1.000 nuevas posiciones laborales orientadas a atender la creciente demanda de personal eventual en el sector retail. Esta iniciativa responde a la intensa actividad comercial que se prev\u00e9 para los pr\u00f3ximos meses, impulsada por fechas clave como el D\u00eda de las Madres, Cyber Monday y Black Friday.\n<\/p>\n<p>Con la llegada de octubre, el sector retail se prepara para una de sus temporadas m\u00e1s din\u00e1micas del a\u00f1o. Las estad\u00edsticas de 2023 revelan que las ventas durante Cyber Monday y Black Friday generaron el 38% de la demanda laboral eventual del \u00faltimo trimestre, lo que subraya la necesidad de incorporar personal capacitado y disponible para satisfacer las expectativas de los consumidores.\n<\/p>\n<p>\u201cSi bien estas fechas impactan en el consumidor entre fines de octubre y todo noviembre, lo cierto es que la actividad en las empresas requiere personal con m\u00e1s antelaci\u00f3n, con lo cual la demanda para noviembre ya se siente en los primeros d\u00edas de octubre\u201d, se\u00f1ala Fernando Dante Ciarmatori, Gerente de Desarrollo Comercial y Selecci\u00f3n de Grupo Gesti\u00f3n.<!-- \u00a1O bien no hay banners, estan desactivados o no estan programados para esta ubicaci\u00f3n! -->\n<\/p>\n<p><img decoding=\"async\" class=\"aligncenter wp-image-365799 size-full\" src=\"http:\/\/nuevacordoba.net\/wp-content\/uploads\/2024\/10\/se-vienen-meses-hot-para-el-consumo-y-una-empresa-activa-1-000-busquedas-laborales.jpg\" alt width=\"770\" height=\"420\" srcset=\"http:\/\/nuevacordoba.net\/wp-content\/uploads\/2024\/10\/se-vienen-meses-hot-para-el-consumo-y-una-empresa-activa-1-000-busquedas-laborales.jpg 770w, http:\/\/nuevacordoba.net\/wp-content\/uploads\/2024\/10\/se-vienen-meses-hot-para-el-consumo-y-una-empresa-activa-1-000-busquedas-laborales-1.jpg 300w, http:\/\/nuevacordoba.net\/wp-content\/uploads\/2024\/10\/se-vienen-meses-hot-para-el-consumo-y-una-empresa-activa-1-000-busquedas-laborales-2.jpg 768w, http:\/\/nuevacordoba.net\/wp-content\/uploads\/2024\/10\/se-vienen-meses-hot-para-el-consumo-y-una-empresa-activa-1-000-busquedas-laborales-3.jpg 750w\" sizes=\"(max-width: 770px) 100vw, 770px\" loading=\"lazy\">\n<\/p>\n<p>Las posiciones m\u00e1s demandadas en esta nueva convocatoria incluyen roles en \u00e1reas cr\u00edticas como cajeros, repositores, pickers y personal para procesamiento de paqueter\u00eda por venta online.&nbsp;Estos puestos son esenciales para garantizar un flujo eficiente de productos y servicios, y para asegurar que las empresas del sector puedan manejar el aumento en la carga de trabajo que se experimenta durante estos per\u00edodos comerciales.\n<\/p>\n<p>\u201cEn Grupo Gesti\u00f3n entendemos la importancia de contar con un equipo de trabajo preparado y \u00e1gil, capaz de responder a los momentos de alta exigencia de los consumidores. La apertura de estas 1.000 posiciones no solo responde a la demanda actual, sino que tambi\u00e9n representa una oportunidad para que muchas personas se incorporen al mundo laboral, especialmente en un contexto donde la econom\u00eda est\u00e1 en constante evoluci\u00f3n\u201d, afirm\u00f3&nbsp;Ciarmatori.\n<\/p>\n<p>Seg\u00fan destac\u00f3 la empresa, el proceso de selecci\u00f3n est\u00e1 dise\u00f1ado para ser \u00e1gil y accesible, brindando oportunidades a una amplia gama de candidatos, independientemente de su experiencia previa. Grupo Gesti\u00f3n se compromete a acompa\u00f1ar la formaci\u00f3n y capacitaci\u00f3n a todos los nuevos empleados, asegurando que est\u00e9n bien equipados para desempe\u00f1ar sus funciones de manera efectiva.\n<\/p>\n<p>Para aquellos interesados en formar parte de esta iniciativa, las postulaciones pueden realizarse a trav\u00e9s del sitio web de Grupo Gesti\u00f3n&nbsp;<a href=\"http:\/\/www.grupo-gestion.com.ar\/\" data-saferedirecturl=\"https:\/\/www.google.com\/url?q=http:\/\/www.grupo-gestion.com.ar&amp;source=gmail&amp;ust=1728144367138000&amp;usg=AOvVaw3xUropaqe2eZ40963WLsR2\">www.grupo-gestion.com.ar<\/a>.\n<\/p>\n<div class=\"g g-38\">\n<div class=\"g-dyn a-12 c-1\"><a class=\"gofollow\" data-track=\"MTIsMzgsMSw2MA==\" href=\"https:\/\/hospitalprivado.com.ar\/blog\/institucional\/somos-la-primera-institucion-del-interior-del-pais-en-acreditar-joint-commission-international.html\" target=\"_blank\" rel=\"noopener\"><img src=\"http:\/\/nuevacordoba.net\/wp-content\/uploads\/2024\/10\/se-vienen-meses-hot-para-el-consumo-y-una-empresa-activa-1-000-busquedas-laborales-1.gif\" loading=\"lazy\"><\/a><\/div>\n<\/div>\n","protected":false},"excerpt":{"rendered":"<p>&nbsp; La compa\u00f1\u00eda de b\u00fasqueda, selecci\u00f3n y gesti\u00f3n de capital humano, Grupo Gesti\u00f3n, inici\u00f3 la b\u00fasqueda de personal para cubrir 1.000 nuevas posiciones laborales orientadas a atender la creciente demanda de personal eventual en el sector retail. Esta iniciativa responde a la intensa actividad comercial que se prev\u00e9 para los pr\u00f3ximos meses, impulsada por fechas [&hellip;]<\/p>\n","protected":false},"author":1,"featured_media":49447,"comment_status":"open","ping_status":"closed","sticky":false,"template":"","format":"standard","meta":[],"categories":[14],"tags":[],"_links":{"self":[{"href":"http:\/\/nuevacordoba.net\/index.php\/wp-json\/wp\/v2\/posts\/49446"}],"collection":[{"href":"http:\/\/nuevacordoba.net\/index.php\/wp-json\/wp\/v2\/posts"}],"about":[{"href":"http:\/\/nuevacordoba.net\/index.php\/wp-json\/wp\/v2\/types\/post"}],"author":[{"embeddable":true,"href":"http:\/\/nuevacordoba.net\/index.php\/wp-json\/wp\/v2\/users\/1"}],"replies":[{"embeddable":true,"href":"http:\/\/nuevacordoba.net\/index.php\/wp-json\/wp\/v2\/comments?post=49446"}],"version-history":[{"count":0,"href":"http:\/\/nuevacordoba.net\/index.php\/wp-json\/wp\/v2\/posts\/49446\/revisions"}],"wp:featuredmedia":[{"embeddable":true,"href":"http:\/\/nuevacordoba.net\/index.php\/wp-json\/wp\/v2\/media\/49447"}],"wp:attachment":[{"href":"http:\/\/nuevacordoba.net\/index.php\/wp-json\/wp\/v2\/media?parent=49446"}],"wp:term":[{"taxonomy":"category","embeddable":true,"href":"http:\/\/nuevacordoba.net\/index.php\/wp-json\/wp\/v2\/categories?post=49446"},{"taxonomy":"post_tag","embeddable":true,"href":"http:\/\/nuevacordoba.net\/index.php\/wp-json\/wp\/v2\/tags?post=49446"}],"curies":[{"name":"wp","href":"https:\/\/api.w.org\/{rel}","templated":true}]}}