{"id":49448,"date":"2024-10-07T12:32:13","date_gmt":"2024-10-07T12:32:13","guid":{"rendered":"https:\/\/cordoba.gob.ar\/?p=62269"},"modified":"2024-10-07T12:32:13","modified_gmt":"2024-10-07T12:32:13","slug":"esta-semana-abriran-con-horario-extendido-los-cpc-pueyrredon-jardin-colon-y-rancagua","status":"publish","type":"post","link":"http:\/\/nuevacordoba.net\/index.php\/2024\/10\/07\/esta-semana-abriran-con-horario-extendido-los-cpc-pueyrredon-jardin-colon-y-rancagua\/","title":{"rendered":"Esta semana abrir\u00e1n con horario extendido los CPC Pueyrred\u00f3n, Jard\u00edn, Col\u00f3n y Rancagua"},"content":{"rendered":"<div><img src=\"http:\/\/nuevacordoba.net\/wp-content\/uploads\/2024\/10\/esta-semana-abriran-con-horario-extendido-los-cpc-pueyrredon-jardin-colon-y-rancagua.jpg\" class=\"ff-og-image-inserted\"><\/div>\n<ul>\n<li><strong>Ser\u00e1 de 8 a 18 de lunes a jueves.<\/strong><\/li>\n<li><strong>El fin de semana largo no habr\u00e1 atenci\u00f3n al p\u00fablico.<\/strong><\/li>\n<\/ul>\n<hr>\n<p>La Municipalidad de C\u00f3rdoba informa que esta semana, como es habitual, cuatro CPC abrir\u00e1n sus puertas con horario extendido. En esta ocasi\u00f3n ser\u00e1n aquellos ubicados en Pueyrred\u00f3n, Jard\u00edn, Col\u00f3n y Rancagua.<\/p>\n<p>El horario de atenci\u00f3n ser\u00e1 de 8 a 18 horas, entre el lunes 7 y el jueves 10 de octubre. El resto de los CPC funcionar\u00e1 en su horario habitual de 8 a 14.<\/p>\n<p>El viernes y s\u00e1bado no habr\u00e1 atenci\u00f3n en ning\u00fan CPC por el fin de semana largo del D\u00eda del Respeto a la Diversidad Cultural.<\/p>\n<p>Ya son miles de vecinos que hacen sus tr\u00e1mites en el horario de la tarde y s\u00e1bados, con m\u00e1s de la mitad de los tr\u00e1mites realizados en esta franja horaria.<\/p>\n<p>La ubicaci\u00f3n de estos Centros de Participaci\u00f3n Comunal es:<\/p>\n<ul>\n<li>CPC Col\u00f3n: Av. Col\u00f3n 5400, barrio San Ignacio.<\/li>\n<li>CPC Pueyrred\u00f3n: Gavil\u00e1n 850, barrio General Pueyrred\u00f3n.<\/li>\n<li>CPC Jard\u00edn: Celso Barrios esq. Av. Pablo Ricchieri, barrio Ampliaci\u00f3n Jard\u00edn Espinosa.<\/li>\n<li>CPC Rancagua: Av. Rancagua 2900. barrio Villa Corina.<\/li>\n<\/ul>\n","protected":false},"excerpt":{"rendered":"<p>Ser\u00e1 de 8 a 18 de lunes a jueves. El fin de semana largo no habr\u00e1 atenci\u00f3n al p\u00fablico. La Municipalidad de C\u00f3rdoba informa que esta semana, como es habitual, cuatro CPC abrir\u00e1n sus puertas con horario extendido. En esta ocasi\u00f3n ser\u00e1n aquellos ubicados en Pueyrred\u00f3n, Jard\u00edn, Col\u00f3n y Rancagua. El horario de atenci\u00f3n ser\u00e1 [&hellip;]<\/p>\n","protected":false},"author":1,"featured_media":49449,"comment_status":"closed","ping_status":"closed","sticky":false,"template":"","format":"standard","meta":[],"categories":[14],"tags":[],"_links":{"self":[{"href":"http:\/\/nuevacordoba.net\/index.php\/wp-json\/wp\/v2\/posts\/49448"}],"collection":[{"href":"http:\/\/nuevacordoba.net\/index.php\/wp-json\/wp\/v2\/posts"}],"about":[{"href":"http:\/\/nuevacordoba.net\/index.php\/wp-json\/wp\/v2\/types\/post"}],"author":[{"embeddable":true,"href":"http:\/\/nuevacordoba.net\/index.php\/wp-json\/wp\/v2\/users\/1"}],"replies":[{"embeddable":true,"href":"http:\/\/nuevacordoba.net\/index.php\/wp-json\/wp\/v2\/comments?post=49448"}],"version-history":[{"count":0,"href":"http:\/\/nuevacordoba.net\/index.php\/wp-json\/wp\/v2\/posts\/49448\/revisions"}],"wp:featuredmedia":[{"embeddable":true,"href":"http:\/\/nuevacordoba.net\/index.php\/wp-json\/wp\/v2\/media\/49449"}],"wp:attachment":[{"href":"http:\/\/nuevacordoba.net\/index.php\/wp-json\/wp\/v2\/media?parent=49448"}],"wp:term":[{"taxonomy":"category","embeddable":true,"href":"http:\/\/nuevacordoba.net\/index.php\/wp-json\/wp\/v2\/categories?post=49448"},{"taxonomy":"post_tag","embeddable":true,"href":"http:\/\/nuevacordoba.net\/index.php\/wp-json\/wp\/v2\/tags?post=49448"}],"curies":[{"name":"wp","href":"https:\/\/api.w.org\/{rel}","templated":true}]}}