{"id":5000,"date":"2021-05-27T16:49:50","date_gmt":"2021-05-27T16:49:50","guid":{"rendered":"http:\/\/nuevacordoba.net\/index.php\/2021\/05\/27\/el-gobierno-le-pidio-a-la-conmebol-un-protocolo-de-alta-fiscalizacion\/"},"modified":"2021-05-27T16:49:50","modified_gmt":"2021-05-27T16:49:50","slug":"el-gobierno-le-pidio-a-la-conmebol-un-protocolo-de-alta-fiscalizacion","status":"publish","type":"post","link":"http:\/\/nuevacordoba.net\/index.php\/2021\/05\/27\/el-gobierno-le-pidio-a-la-conmebol-un-protocolo-de-alta-fiscalizacion\/","title":{"rendered":"El Gobierno le pidi\u00f3 a la Conmebol un \u00abprotocolo de alta fiscalizaci\u00f3n\u00bb"},"content":{"rendered":"<div class=\"image\" id=\"image\" readability=\"9\"> <img src=\"http:\/\/nuevacordoba.net\/wp-content\/uploads\/2021\/05\/el-gobierno-le-pidio-a-la-conmebol-un-protocolo-de-alta-fiscalizacion.jpg\" alt=\"Seg\u00fan precis\u00f3 Cafiero, las autoridades de la Conmebol &quot;se llevaron&quot; esos protocolos para &quot;analizar para ver si pod\u00edan cumplir&quot;.\" title=\"Seg\u00fan precis\u00f3 Cafiero, las autoridades de la Conmebol &quot;se llevaron&quot; esos protocolos para &quot;analizar para ver si pod\u00edan cumplir&quot;.\"><\/p>\n<p>Seg\u00fan precis\u00f3 Cafiero, las autoridades de la Conmebol \u00abse llevaron\u00bb esos protocolos para \u00abanalizar para ver si pod\u00edan cumplir\u00bb.<\/p>\n<\/div>\n<p>El Gobierno nacional le solicit\u00f3 a la Conmebol, organizadora de la Copa Am\u00e9rica, un protocolo \u00abestricto\u00bb y de \u00abalta y permanente fiscalizaci\u00f3n\u00bb para poder disputar el torneo en el pa\u00eds, en el marco de la segunda ola de coronavirus que afecta a la Argentina.<\/p>\n<p><strong>\u00abNos reunimos ayer con el presidente de la Conmebol, Alejandro Dom\u00ednguez, y fue una buena reuni\u00f3n. La Argentina tiene un compromiso para organizar parte de la Copa y el a\u00f1o pasado se posterg\u00f3 y este a\u00f1o hab\u00eda que hacerla. Lo que plantemos fueron protocolos muy estrictos, de alta y permanente fiscalizaci\u00f3n\u00bb<\/strong>, explic\u00f3 el Jefe de Gabinete Santiago Cafiero este jueves a la ma\u00f1ana en declaraciones a radio Diez.<\/p>\n<p><strong>El mi\u00e9rcoles, el presidente Alberto Fern\u00e1ndez recibi\u00f3 al titular de la Conmebol en la residencia de Olivos, y le entreg\u00f3 un estricto protocolo sanitario que deber\u00e1 cumplirse para que se juegue la Copa Am\u00e9rica 2021 en el pa\u00eds<\/strong>, seg\u00fan informaron fuentes oficiales.<\/p>\n<p>Fern\u00e1ndez y Dom\u00ednguez evaluaron el mi\u00e9rcoles los aspectos organizativos y log\u00edsticos -con la eventual habilitaci\u00f3n de sedes adicionales, como los estadios de Estudiantes de La Plata y V\u00e9lez Sarsfield- y todo lo concerniente a los protocolos sanitarios.<\/p>\n<p>Seg\u00fan precis\u00f3 Cafiero, las autoridades de la Conmebol \u00abse llevaron\u00bb esos protocolos para \u00abanalizar para ver si pod\u00edan cumplir\u00bb, y explic\u00f3 que \u00abse sorprendieron bastante respecto a las exigencias e incluso nos hicieron comentarios de que ni siquiera en la Eurocopa\u00bb tienen ese tipo de exigencias.<\/p>\n<p><strong>En ese protocolo hay cuestiones referidas a \u00abreducir mucho la presencia de la gente que va a venir\u00bb <\/strong>y, en ese sentido, Cafiero sostuvo que la Conmebol \u00abtienen que hablar con las delegaciones para ver si pueden cumplir con eso\u00bb.<\/p>\n<p>\u00abComo es una Copa que se juega en distintas sedes de la Argentina hay que trabajar con los gobernadores y las autoridades locales para ver si est\u00e1n en condiciones de cumplir los requerimientos que estamos pidiendo y hay que ver la situaci\u00f3n sanitaria de cada provincia\u00bb, dijo tambi\u00e9n Cafiero.<\/p>\n<p>Adem\u00e1s, aclar\u00f3 que la realizaci\u00f3n del torneo en el pa\u00eds \u00abno tiene impacto desde el punto de vista sanitario\u00bb, tal como ya dijo la ministra de Salud, Carla Vizzotti, debido a los protocolos \u00abestrictos\u00bb para todos los planteles de f\u00fatbol y las delegaciones.<\/p>\n<p><strong>La Copa Am\u00e9rica se disputar\u00e1 entre el 13 junio y el 10 de julio pr\u00f3ximos, y Colombia no compartir\u00e1 la organizaci\u00f3n con la Argentina -como estaba previsto-<\/strong>, tras anunciar la semana pasada su deserci\u00f3n debido la situaci\u00f3n imperante en ese pa\u00eds.<\/p>\n<p>El Grupo A est\u00e1 compuesto por Argentina, Bolivia, Chile, Paraguay y Uruguay, mientras que el B lo integran Brasil, Colombia, Ecuador, Per\u00fa y Venezuela. <\/p>\n","protected":false},"excerpt":{"rendered":"<p>Seg\u00fan precis\u00f3 Cafiero, las autoridades de la Conmebol \u00abse llevaron\u00bb esos protocolos para \u00abanalizar para ver si pod\u00edan cumplir\u00bb. El Gobierno nacional le solicit\u00f3 a la Conmebol, organizadora de la Copa Am\u00e9rica, un protocolo \u00abestricto\u00bb y de \u00abalta y permanente fiscalizaci\u00f3n\u00bb para poder disputar el torneo en el pa\u00eds, en el marco de la segunda [&hellip;]<\/p>\n","protected":false},"author":1,"featured_media":5001,"comment_status":"closed","ping_status":"closed","sticky":false,"template":"","format":"standard","meta":[],"categories":[10],"tags":[],"_links":{"self":[{"href":"http:\/\/nuevacordoba.net\/index.php\/wp-json\/wp\/v2\/posts\/5000"}],"collection":[{"href":"http:\/\/nuevacordoba.net\/index.php\/wp-json\/wp\/v2\/posts"}],"about":[{"href":"http:\/\/nuevacordoba.net\/index.php\/wp-json\/wp\/v2\/types\/post"}],"author":[{"embeddable":true,"href":"http:\/\/nuevacordoba.net\/index.php\/wp-json\/wp\/v2\/users\/1"}],"replies":[{"embeddable":true,"href":"http:\/\/nuevacordoba.net\/index.php\/wp-json\/wp\/v2\/comments?post=5000"}],"version-history":[{"count":0,"href":"http:\/\/nuevacordoba.net\/index.php\/wp-json\/wp\/v2\/posts\/5000\/revisions"}],"wp:featuredmedia":[{"embeddable":true,"href":"http:\/\/nuevacordoba.net\/index.php\/wp-json\/wp\/v2\/media\/5001"}],"wp:attachment":[{"href":"http:\/\/nuevacordoba.net\/index.php\/wp-json\/wp\/v2\/media?parent=5000"}],"wp:term":[{"taxonomy":"category","embeddable":true,"href":"http:\/\/nuevacordoba.net\/index.php\/wp-json\/wp\/v2\/categories?post=5000"},{"taxonomy":"post_tag","embeddable":true,"href":"http:\/\/nuevacordoba.net\/index.php\/wp-json\/wp\/v2\/tags?post=5000"}],"curies":[{"name":"wp","href":"https:\/\/api.w.org\/{rel}","templated":true}]}}