{"id":5004,"date":"2021-05-27T16:49:57","date_gmt":"2021-05-27T16:49:57","guid":{"rendered":"https:\/\/www.espinof.com\/trailers\/trailer-casa-flores-pelicula-mora-van-al-asalto-su-antigua-mansion-regreso-serie-netflix"},"modified":"2021-05-27T16:49:57","modified_gmt":"2021-05-27T16:49:57","slug":"trailer-de-la-casa-de-las-flores-la-pelicula-los-de-la-mora-van-al-asalto-de-su-antigua-mansion-en-el-regreso-de-la-serie-de-netflix","status":"publish","type":"post","link":"http:\/\/nuevacordoba.net\/index.php\/2021\/05\/27\/trailer-de-la-casa-de-las-flores-la-pelicula-los-de-la-mora-van-al-asalto-de-su-antigua-mansion-en-el-regreso-de-la-serie-de-netflix\/","title":{"rendered":"Tr\u00e1iler de &#8216;La casa de las flores: la pel\u00edcula&#8217;: los De la Mora van al asalto de su antigua mansi\u00f3n en el regreso de la serie de Netflix"},"content":{"rendered":"<p>La verdad es que cuando se anunci\u00f3 que <a href=\"https:\/\/www.espinof.com\/proyectos\/casa-flores-regresa-a-netflix-manolo-caro-anuncia-pelicula-que-continua-saga-familiar-mora\">habr\u00eda pel\u00edcula de &#8216;La casa de las Flores&#8217;<\/a> no esperaba mucho. Pero he aqu\u00ed que <a href=\"http:\/\/netflix.com\/\">Netflix<\/a> <strong>ha lanzado el tr\u00e1iler de este regreso puntual<\/strong> de la serie y me han entrado unas ganas tremendas de que <a href=\"https:\/\/www.espinof.com\/estrenos\/casa-flores-pelicula-netflix-desvela-fecha-estreno-primeras-imagenes-filme-que-continua-saga-mora\">sea ya el 23 de junio<\/a>.<\/p>\n<p><!-- BREAK 1 --><\/p>\n<p>Dirigida por Manolo Caro, la pel\u00edcula nos presenta de nuevo a la familia De La Mora r<strong>eunida de nuevo para una gran misi\u00f3n: infiltrarse en su antigua mansi\u00f3n<\/strong> para, aparentemente recuperar algo. Mientras, viajamos al pasado para seguir con los secretos ancestrales de la familia.<\/p>\n<p><!-- BREAK 2 --> <\/p>\n<div class=\"article-asset article-asset-normal article-asset-center\">\n<div class=\"desvio-container\">\n<div class=\"desvio\">\n<div class=\"desvio-figure js-desvio-figure\"> <a href=\"https:\/\/www.espinof.com\/listas\/14-mejores-series-netflix-2020\"> <img alt=\"Las 17 mejores series de Netflix en 2020\" src=\"http:\/\/nuevacordoba.net\/wp-content\/uploads\/2021\/05\/trailer-de-la-casa-de-las-flores-la-pelicula-los-de-la-mora-van-al-asalto-de-su-antigua-mansion-en-el-regreso-de-la-serie-de-netflix.jpg\"> <\/a> <\/div><\/div><\/div>\n<\/div>\n<p>El reparto cuenta con <strong>Cecilia Su\u00e1rez, Dar\u00edo Yazbek, Aislinn Derbez, Juan Pablo Medina, Angelica Mar\u00eda, Tessa \u00cda, Andrea Chaparro, Luis de la Rosa, David Ostrosky<\/strong>, Paco Le\u00f3n, Jos\u00e9 Marquez, Mariana Santos, Ismael Rodr\u00edguez y Katia Balmori, entre otros.<\/p>\n<p><!-- BREAK 3 --><\/p>\n<h2>Paulina&#8217;s Eleven<\/h2>\n<p>Gabriel Nuncio coescribe la pel\u00edcula junto a Manolo Caro, que la dirige tambi\u00e9n. Este regreso <strong>se da un a\u00f1o despu\u00e9s de la temporada 3 y final<\/strong> de &#8216;La casa de las Flores&#8217;. Desde entonces Caro no ha parado quieto, firmando &#8216;<a href=\"https:\/\/www.espinof.com\/netflix\/alguien-tiene-que-morir-formula-netflix-que-nueva-serie-creador-casa-flores-no-termina-funcionar\">Alguien tiene que morir<\/a>&#8216; y la pr\u00f3xima &#8216;<a href=\"https:\/\/www.espinof.com\/proyectos\/netflix-anuncia-erase-vez-no-sebastian-yatra-protagoniza-serie-musical-creador-casa-flores\">\u00c9rase una vez&#8230; pero ya no<\/a>&#8216;. Ambas para Netflix.<\/p>\n<p><!-- BREAK 4 --> <\/p>\n","protected":false},"excerpt":{"rendered":"<p>La verdad es que cuando se anunci\u00f3 que habr\u00eda pel\u00edcula de &#8216;La casa de las Flores&#8217; no esperaba mucho. Pero he aqu\u00ed que Netflix ha lanzado el tr\u00e1iler de este regreso puntual de la serie y me han entrado unas ganas tremendas de que sea ya el 23 de junio. Dirigida por Manolo Caro, la [&hellip;]<\/p>\n","protected":false},"author":1,"featured_media":5005,"comment_status":"closed","ping_status":"closed","sticky":false,"template":"","format":"standard","meta":[],"categories":[6],"tags":[],"_links":{"self":[{"href":"http:\/\/nuevacordoba.net\/index.php\/wp-json\/wp\/v2\/posts\/5004"}],"collection":[{"href":"http:\/\/nuevacordoba.net\/index.php\/wp-json\/wp\/v2\/posts"}],"about":[{"href":"http:\/\/nuevacordoba.net\/index.php\/wp-json\/wp\/v2\/types\/post"}],"author":[{"embeddable":true,"href":"http:\/\/nuevacordoba.net\/index.php\/wp-json\/wp\/v2\/users\/1"}],"replies":[{"embeddable":true,"href":"http:\/\/nuevacordoba.net\/index.php\/wp-json\/wp\/v2\/comments?post=5004"}],"version-history":[{"count":0,"href":"http:\/\/nuevacordoba.net\/index.php\/wp-json\/wp\/v2\/posts\/5004\/revisions"}],"wp:featuredmedia":[{"embeddable":true,"href":"http:\/\/nuevacordoba.net\/index.php\/wp-json\/wp\/v2\/media\/5005"}],"wp:attachment":[{"href":"http:\/\/nuevacordoba.net\/index.php\/wp-json\/wp\/v2\/media?parent=5004"}],"wp:term":[{"taxonomy":"category","embeddable":true,"href":"http:\/\/nuevacordoba.net\/index.php\/wp-json\/wp\/v2\/categories?post=5004"},{"taxonomy":"post_tag","embeddable":true,"href":"http:\/\/nuevacordoba.net\/index.php\/wp-json\/wp\/v2\/tags?post=5004"}],"curies":[{"name":"wp","href":"https:\/\/api.w.org\/{rel}","templated":true}]}}