{"id":50204,"date":"2024-10-29T23:14:19","date_gmt":"2024-10-29T23:14:19","guid":{"rendered":"https:\/\/www.ole.com.ar\/ascenso\/ascenso-primera-nacional-aldosivi-final-liga-profesional_0_JfmDV6fTNv.html"},"modified":"2024-10-29T23:14:19","modified_gmt":"2024-10-29T23:14:19","slug":"natanael-guzman-con-ole-este-aldosivi-esta-para-jugar-en-primera-division","status":"publish","type":"post","link":"http:\/\/nuevacordoba.net\/index.php\/2024\/10\/29\/natanael-guzman-con-ole-este-aldosivi-esta-para-jugar-en-primera-division\/","title":{"rendered":"Natanael Guzm\u00e1n con Ol\u00e9: \u00abEste Aldosivi est\u00e1 para jugar en Primera Divisi\u00f3n\u00bb"},"content":{"rendered":"<p><time class=\"createDate\" datetime=\"2024-10-29T20:14:19-03:00\">29\/10\/2024 20:14hs.<\/time><\/p>\n<div id=\"storyBody\">\n<div class=\"custom-text \" readability=\"35.648148148148\">\n<p>La oportunidad es \u00fanica. As\u00ed lo entiende todo <a href=\"https:\/\/www.ole.com.ar\/tema\/aldosivi.html\" title=\"Aldosivi\" alt=\"Aldosivi\" class=\"slug\">Aldosivi<\/a>. Y <strong>Natanael Guzm\u00e1n, delantero del Tibur\u00f3n, no es la excepci\u00f3n<\/strong>. Este domingo (15 hs y con arbitraje de Yael Falc\u00f3n P\u00e9rez), en el Gigante de Arroyito, el equipo marplatense tiene una cita con la historia en b\u00fasqueda del tan ansiado objetivo, volver a la <a href=\"https:\/\/www.ole.com.ar\/tema\/liga-profesional.html\" title=\"Liga Profesional\" alt=\"Liga Profesional\" class=\"slug\">Liga Profesional<\/a>. La parada no es para nada f\u00e1cil: enfrente est\u00e1 un <a href=\"https:\/\/www.ole.com.ar\/tema\/san-martin-tucuman.html\" title=\"San Mart\u00edn Tucum\u00e1n\" alt=\"San Mart\u00edn Tucum\u00e1n\" class=\"slug\">San Mart\u00edn de Tucum\u00e1n<\/a> que arras\u00f3 en su zona.<\/p>\n<\/div>\n<div class=\"custom-text \" readability=\"40\">\n<p>\u201cTiene un buen equipo y entrenador, juegan bien\u201d, sostiene. El atacante fue clave para el triunfo de la \u00faltima fecha ante San Telmo que le dio el pase a la final ante el Ciruja. Y pese al fant\u00e1stico torneo de los tucumanos, no se achica: <strong>\u201cLos dos equipos somos favoritos, por algo estamos en la final\u201d<\/strong>, le dice a <strong>Ol\u00e9<\/strong>.<\/p>\n<\/div>\n<div class=\"custom-text \" readability=\"40\">\n<p>Con 25 a\u00f1os, el player se prepara para uno de los partidos m\u00e1s importantes de su carrera, con la posibilidad latente de jugar por primera vez en la categor\u00eda m\u00e1s alta del pa\u00eds. <strong>Surgi\u00f3 en Ca\u00f1uelas<\/strong>, donde fue campe\u00f3n y figura de la C en el 2019, lo que gener\u00f3 <strong>una venta al City Group<\/strong>. <strong>Jug\u00f3 en Montevideo City Torque y pas\u00f3 por Plaza Colonia previo al arribo a Aldosivi<\/strong>, club en el que se le presenta una chance inigualable.<\/p>\n<\/div>\n<div class=\"sc-e7b891c4-0 ifHnQL image-embed\"><img alt=\"Guzm\u00e1n fue titular en la \u00faltima fecha ante el Candombero (Foto: @natanael_guzman).\" loading=\"lazy\" width=\"720\" height=\"100\" decoding=\"async\" data-nimg=\"1\" src=\"http:\/\/nuevacordoba.net\/wp-content\/uploads\/2024\/10\/natanael-guzman-con-ole-este-aldosivi-esta-para-jugar-en-primera-division.jpg\"><span class=\"epigraphe\">Guzm\u00e1n fue titular en la \u00faltima fecha ante el Candombero (Foto: @natanael_guzman).<\/span><\/div>\n<p><h2><strong>La definici\u00f3n de la zona y la final<\/strong><\/h2>\n<\/p>\n<div class=\"custom-text \" readability=\"41\">\n<p>Tras superar a Deportivo Madryn y Nueva Chicago solo por diferencia de gol, el Tibur\u00f3n qued\u00f3 como l\u00edder de la Zona B del Nacional: <strong>\u201cNosotros cre\u00edamos que ganando nuestro partido se pod\u00edan dar los otros resultados<\/strong>. Chicago ten\u00eda un partido dif\u00edcil con un Brown que si perd\u00eda se iba al descenso, y Madryn, en Santa Fe (Col\u00f3n), tambi\u00e9n la iba a tener complicada. Por nuestra parte, ten\u00edamos la obligaci\u00f3n de ganar y gracias a Dios se dieron los otros resultados\u201d, expres\u00f3 Guzm\u00e1n en relaci\u00f3n a la definici\u00f3n.<\/p>\n<\/div>\n<div class=\"custom-text \" readability=\"40\">\n<p>\u201cEn lo personal <strong>quer\u00eda que el rival sea San Mart\u00edn de Tucum\u00e1n<\/strong>, por lo que mueve el club, la gente. Me gusta mucho el ambiente que se genera en esa provincia, son muy pasionales y va a ser una linda final. Nos estamos preparando de la mejor manera, sabemos que <strong>nosotros tenemos nuestras armas <\/strong>y vamos a competir como lo hicimos durante todo el a\u00f1o\u201d, solt\u00f3.<\/p>\n<\/div>\n<div class=\"sc-e7b891c4-0 ifHnQL image-embed\"><img alt=\"El Tibur\u00f3n gan\u00f3 una definici\u00f3n de locos en la Zona B (Foto: Prensa Aldosivi)\" loading=\"lazy\" width=\"720\" height=\"100\" decoding=\"async\" data-nimg=\"1\" src=\"http:\/\/nuevacordoba.net\/wp-content\/uploads\/2024\/10\/natanael-guzman-con-ole-este-aldosivi-esta-para-jugar-en-primera-division-1.jpg\"><span class=\"epigraphe\">El Tibur\u00f3n gan\u00f3 una definici\u00f3n de locos en la Zona B (Foto: Prensa Aldosivi)<\/span><\/div>\n<div class=\"custom-text \" readability=\"41\">\n<p>A su vez, aprovech\u00f3 para opinar sobre la sede del encuentro: \u201cEl estadio de Rosario Central est\u00e1 bien, casi que le queda a la misma distancia a los dos equipos. A las hinchadas tambi\u00e9n, que a veces se les complica por el tema de los traslados, distancias, gastos. Es un punto medio. <strong>A m\u00ed me hubiera gustado que se juegue en C\u00f3rdoba porque yo soy de ah\u00ed, je<\/strong>. Pero Rosario es lindo y va a ser una verdadera fiesta\u201d.<\/p>\n<\/div>\n<p><h2><strong>El a\u00f1o a nivel individual y colectivo<\/strong><\/h2>\n<\/p>\n<div class=\"custom-text \" readability=\"38\">\n<p>El delantero de 25 a\u00f1os fue titular en el partido ante San Telmo e hizo un an\u00e1lisis de su temporada: \u201cVivo un momento incre\u00edble. <strong>Me toc\u00f3 empezar jugando a principio de a\u00f1o, despu\u00e9s perd\u00ed el puesto e incluso no fui convocado en algunas fechas<\/strong>. Nunca baje la cabeza, siempre entrenando, dando el cien y dese\u00e1ndole lo mejor al equipo. Ahora <strong>tener la posibilidad de jugar este tipo de partidos me pone muy contento<\/strong> y voy a tratar de aprovecharlo para dejar al club en Primera Divisi\u00f3n\u201d.<\/p>\n<\/div>\n<div class=\"custom-text \" readability=\"39\">\n<p>Adem\u00e1s, aprovech\u00f3 para hablar del impacto del det\u00e9 Andres Yllana: \u201cDurante el a\u00f1o fuimos constantes, con una regularidad muy buena. Igual tuvimos un momento que no ganamos, de seis o siete partidos, pero <strong>siempre se intent\u00f3 mantener la idea de Andr\u00e9s y eso nos llev\u00f3 a que \u00e9l est\u00e9 con nosotros durante todo el a\u00f1o<\/strong>. Tuvo un papel muy importante: nos hizo mejor equipo y mejores jugadores\u201d.<\/p>\n<\/div>\n<p><h2><strong>El mensaje para el hincha<\/strong><\/h2>\n<\/p>\n<div class=\"custom-text \" readability=\"38\">\n<p>\u201cA la gente le digo que vamos a dejar todo en la final, como lo hicimos durante todo el a\u00f1o. Que nos acompa\u00f1e, sea en el estadio o atr\u00e1s de un televisor o una radio. <strong>Este Aldosivi est\u00e1 para jugar en Primera Divisi\u00f3n y ojal\u00e1 podamos cumplirlo<\/strong>. Vamos a hacer todo lo posible para conseguir el ascenso\u201d, cerr\u00f3.<\/p>\n<\/div>\n<div class=\"sc-a7166897-0 eoLsBE\" readability=\"6.5\">\n<section readability=\"3\"><picture><img alt=\"Orgullo nacional: Eugenia De Armas se coron\u00f3 campeona del mundo por segunda vez en su carrera\" loading=\"lazy\" width=\"290\" height=\"290\" decoding=\"async\" data-nimg=\"1\" src=\"http:\/\/nuevacordoba.net\/wp-content\/uploads\/2024\/10\/natanael-guzman-con-ole-este-aldosivi-esta-para-jugar-en-primera-division-2.jpg\"><\/picture>\n<p><span>Mir\u00e1 tambi\u00e9n<\/span><\/p>\n<hr>\n<h3>Orgullo nacional: Eugenia De Armas se coron\u00f3 campeona del mundo por segunda vez en su carrera<\/h3>\n<\/p>\n<\/section>\n<\/div>\n<div class=\"sc-a7166897-0 eoLsBE\" readability=\"6.5\">\n<section readability=\"3\"><picture><img alt=\"Garnacho, del Bal\u00f3n de Oro a celebrar una marca top con el United\" loading=\"lazy\" width=\"290\" height=\"290\" decoding=\"async\" data-nimg=\"1\" src=\"http:\/\/nuevacordoba.net\/wp-content\/uploads\/2024\/10\/natanael-guzman-con-ole-este-aldosivi-esta-para-jugar-en-primera-division-3.jpg\"><\/picture>\n<p><span>Mir\u00e1 tambi\u00e9n<\/span><\/p>\n<hr>\n<h3>Garnacho, del Bal\u00f3n de Oro a celebrar una marca top con el United<\/h3>\n<\/p>\n<\/section>\n<\/div>\n<div class=\"sc-a7166897-0 eoLsBE\" readability=\"6.5\">\n<section readability=\"3\"><picture><img alt=\"El pinturagate: mitos y verdades de lo que sucedi\u00f3 en el vestuario visitante a horas del River-Mineiro\" loading=\"lazy\" width=\"290\" height=\"290\" decoding=\"async\" data-nimg=\"1\" src=\"http:\/\/nuevacordoba.net\/wp-content\/uploads\/2024\/10\/natanael-guzman-con-ole-este-aldosivi-esta-para-jugar-en-primera-division-4.jpg\"><\/picture>\n<p><span>Mir\u00e1 tambi\u00e9n<\/span><\/p>\n<hr>\n<h3>El pinturagate: mitos y verdades de lo que sucedi\u00f3 en el vestuario visitante a horas del River-Mineiro<\/h3>\n<\/p>\n<\/section>\n<\/div>\n<div class=\"sc-a7166897-0 eoLsBE\" readability=\"6.5\">\n<section readability=\"3\"><picture><img alt=\"\u00bfQui\u00e9n es el \u00e1rbitro de River vs. Atl\u00e9tico Mineiro, por la Copa Libertadores?\" loading=\"lazy\" width=\"290\" height=\"290\" decoding=\"async\" data-nimg=\"1\" src=\"http:\/\/nuevacordoba.net\/wp-content\/uploads\/2024\/10\/natanael-guzman-con-ole-este-aldosivi-esta-para-jugar-en-primera-division-5.jpg\"><\/picture>\n<p><span>Mir\u00e1 tambi\u00e9n<\/span><\/p>\n<hr>\n<h3>\u00bfQui\u00e9n es el \u00e1rbitro de River vs. Atl\u00e9tico Mineiro, por la Copa Libertadores?<\/h3>\n<\/p>\n<\/section>\n<\/div>\n<\/div>\n","protected":false},"excerpt":{"rendered":"<p>29\/10\/2024 20:14hs. La oportunidad es \u00fanica. As\u00ed lo entiende todo Aldosivi. Y Natanael Guzm\u00e1n, delantero del Tibur\u00f3n, no es la excepci\u00f3n. Este domingo (15 hs y con arbitraje de Yael Falc\u00f3n P\u00e9rez), en el Gigante de Arroyito, el equipo marplatense tiene una cita con la historia en b\u00fasqueda del tan ansiado objetivo, volver a la [&hellip;]<\/p>\n","protected":false},"author":1,"featured_media":50205,"comment_status":"closed","ping_status":"closed","sticky":false,"template":"","format":"standard","meta":[],"categories":[10],"tags":[],"_links":{"self":[{"href":"http:\/\/nuevacordoba.net\/index.php\/wp-json\/wp\/v2\/posts\/50204"}],"collection":[{"href":"http:\/\/nuevacordoba.net\/index.php\/wp-json\/wp\/v2\/posts"}],"about":[{"href":"http:\/\/nuevacordoba.net\/index.php\/wp-json\/wp\/v2\/types\/post"}],"author":[{"embeddable":true,"href":"http:\/\/nuevacordoba.net\/index.php\/wp-json\/wp\/v2\/users\/1"}],"replies":[{"embeddable":true,"href":"http:\/\/nuevacordoba.net\/index.php\/wp-json\/wp\/v2\/comments?post=50204"}],"version-history":[{"count":0,"href":"http:\/\/nuevacordoba.net\/index.php\/wp-json\/wp\/v2\/posts\/50204\/revisions"}],"wp:featuredmedia":[{"embeddable":true,"href":"http:\/\/nuevacordoba.net\/index.php\/wp-json\/wp\/v2\/media\/50205"}],"wp:attachment":[{"href":"http:\/\/nuevacordoba.net\/index.php\/wp-json\/wp\/v2\/media?parent=50204"}],"wp:term":[{"taxonomy":"category","embeddable":true,"href":"http:\/\/nuevacordoba.net\/index.php\/wp-json\/wp\/v2\/categories?post=50204"},{"taxonomy":"post_tag","embeddable":true,"href":"http:\/\/nuevacordoba.net\/index.php\/wp-json\/wp\/v2\/tags?post=50204"}],"curies":[{"name":"wp","href":"https:\/\/api.w.org\/{rel}","templated":true}]}}