{"id":50220,"date":"2024-10-30T13:36:15","date_gmt":"2024-10-30T13:36:15","guid":{"rendered":"http:\/\/cordobanewsnet.wordpress.com\/?p=12045"},"modified":"2024-10-30T13:36:15","modified_gmt":"2024-10-30T13:36:15","slug":"cordoba-sin-colectivos-interurbanos-que-servicios-funcionan-este-miercoles","status":"publish","type":"post","link":"http:\/\/nuevacordoba.net\/index.php\/2024\/10\/30\/cordoba-sin-colectivos-interurbanos-que-servicios-funcionan-este-miercoles\/","title":{"rendered":"C\u00f3rdoba sin colectivos interurbanos: qu\u00e9 servicios funcionan este mi\u00e9rcoles"},"content":{"rendered":"<p>El sistema de transporte se interrumpi\u00f3 a la medianoche.<\/p>\n<p>La Asociaci\u00f3n Obrera de la Industria del Transporte Automotor (Aoita) decidi\u00f3 adherirse al paro nacional de transporte dispuesto para este mi\u00e9rcoles 30 de octubre.<\/p>\n<p>De esta manera, los colectivos interurbanos que conectan la ciudad con el interior provincial de C\u00f3rdoba no circulan desde la medianoche.<\/p>\n<p>La medida tambi\u00e9n incluye un reclamo en defensa de los trabajadores de la empresa Ersa, que manifest\u00f3 su intenci\u00f3n de retirarse de la plaza C\u00f3rdoba, lo que implicar\u00eda la p\u00e9rdida de empleo para 220 familias.<\/p>\n<p>Cabe recordar que UTA C\u00f3rdoba no ser\u00e1 parte del paro de transporte, y el servicio urbano de pasajeros en C\u00f3rdoba capital ser\u00e1 normal tanto el mi\u00e9rcoles como el jueves.<\/p>\n<p>En tanto, no estar\u00e1n funcionando trenes, subtes, vuelos, camiones y puertos, en varias ciudades del pa\u00eds.<\/p>\n<p><em><strong>Los servicios de transporte en C\u00f3rdoba este mi\u00e9rcoles:<\/strong><\/em><\/p>\n<p><em>Colectivos urbanos:<\/em>&nbsp;funcionar\u00e1n de manera normal.<\/p>\n<p><em>Colectivos interurbanos:<\/em>&nbsp;adhieren al paro.<\/p>\n<p><em>Trenes:<\/em>&nbsp;servicios como el Tren de las Sierras y trenes de carga adhieren al paro.<\/p>\n<p><em>A\u00e9reos:<\/em>&nbsp;los vuelos est\u00e1n cancelados o reprogramados.<\/p>\n<p><em>Camiones:<\/em>&nbsp;adhieren al paro.<\/p>\n<figure class=\"wp-block-image size-large\"><img loading=\"lazy\" data-attachment-id=\"12046\" data-permalink=\"https:\/\/cordobanewsnet.wordpress.com\/2024\/10\/30\/cordoba-sin-colectivos-interurbanos-que-servicios-funcionan-este-miercoles\/image-555\/\" data-orig-file=\"https:\/\/cordobanewsnet.wordpress.com\/wp-content\/uploads\/2024\/10\/image-30.png\" data-orig-size=\"929,523\" data-comments-opened=\"1\" data-image-meta=\"{&quot;aperture&quot;:&quot;0&quot;,&quot;credit&quot;:&quot;&quot;,&quot;camera&quot;:&quot;&quot;,&quot;caption&quot;:&quot;&quot;,&quot;created_timestamp&quot;:&quot;0&quot;,&quot;copyright&quot;:&quot;&quot;,&quot;focal_length&quot;:&quot;0&quot;,&quot;iso&quot;:&quot;0&quot;,&quot;shutter_speed&quot;:&quot;0&quot;,&quot;title&quot;:&quot;&quot;,&quot;orientation&quot;:&quot;0&quot;}\" data-image-title=\"image\" data-image-description data-image-caption data-medium-file=\"https:\/\/cordobanewsnet.wordpress.com\/wp-content\/uploads\/2024\/10\/image-30.png?w=300\" data-large-file=\"https:\/\/cordobanewsnet.wordpress.com\/wp-content\/uploads\/2024\/10\/image-30.png?w=736\" width=\"929\" height=\"523\" src=\"http:\/\/nuevacordoba.net\/wp-content\/uploads\/2024\/10\/cordoba-sin-colectivos-interurbanos-que-servicios-funcionan-este-miercoles.png\" alt class=\"wp-image-12046\"><\/figure>\n<p>Fuente : Telefe C\u00f3rdoba Argentina<\/p>\n<p> <span id=\"wordads-inline-marker\"><\/span> <\/p>\n<div id=\"jp-post-flair\" class=\"sharedaddy sd-like-enabled sd-sharing-enabled\">\n<div class=\"sharedaddy sd-sharing-enabled\">\n<div class=\"robots-nocontent sd-block sd-social sd-social-icon-text sd-sharing\">\n<h3 class=\"sd-title\">Comparte esto:<\/h3>\n<\/div>\n<\/div>\n<div class=\"sharedaddy sd-block sd-like jetpack-likes-widget-wrapper jetpack-likes-widget-unloaded\" id=\"like-post-wrapper-143108178-12045-67226ada25138\" data-src=\"\/\/widgets.wp.com\/likes\/index.html?ver=20241030#blog_id=143108178&amp;post_id=12045&amp;origin=cordobanewsnet.wordpress.com&amp;obj_id=143108178-12045-67226ada25138\" data-name=\"like-post-frame-143108178-12045-67226ada25138\" data-title=\"Me gusta o Compartir\">\n<p><span class=\"button\"><span>Me gusta<\/span><\/span> <span class=\"loading\">Cargando&#8230;<\/span><\/p>\n<p><span class=\"sd-text-color\"><\/span><\/div>\n<p><h3 class=\"jp-relatedposts-headline\"><em>Relacionado<\/em><\/h3>\n<\/p>\n<\/div>\n","protected":false},"excerpt":{"rendered":"<p>El sistema de transporte se interrumpi\u00f3 a la medianoche. La Asociaci\u00f3n Obrera de la Industria del Transporte Automotor (Aoita) decidi\u00f3 adherirse al paro nacional de transporte dispuesto para este mi\u00e9rcoles 30 de octubre. De esta manera, los colectivos interurbanos que conectan la ciudad con el interior provincial de C\u00f3rdoba no circulan desde la medianoche. La [&hellip;]<\/p>\n","protected":false},"author":1,"featured_media":50221,"comment_status":"closed","ping_status":"closed","sticky":false,"template":"","format":"standard","meta":[],"categories":[14],"tags":[],"_links":{"self":[{"href":"http:\/\/nuevacordoba.net\/index.php\/wp-json\/wp\/v2\/posts\/50220"}],"collection":[{"href":"http:\/\/nuevacordoba.net\/index.php\/wp-json\/wp\/v2\/posts"}],"about":[{"href":"http:\/\/nuevacordoba.net\/index.php\/wp-json\/wp\/v2\/types\/post"}],"author":[{"embeddable":true,"href":"http:\/\/nuevacordoba.net\/index.php\/wp-json\/wp\/v2\/users\/1"}],"replies":[{"embeddable":true,"href":"http:\/\/nuevacordoba.net\/index.php\/wp-json\/wp\/v2\/comments?post=50220"}],"version-history":[{"count":0,"href":"http:\/\/nuevacordoba.net\/index.php\/wp-json\/wp\/v2\/posts\/50220\/revisions"}],"wp:featuredmedia":[{"embeddable":true,"href":"http:\/\/nuevacordoba.net\/index.php\/wp-json\/wp\/v2\/media\/50221"}],"wp:attachment":[{"href":"http:\/\/nuevacordoba.net\/index.php\/wp-json\/wp\/v2\/media?parent=50220"}],"wp:term":[{"taxonomy":"category","embeddable":true,"href":"http:\/\/nuevacordoba.net\/index.php\/wp-json\/wp\/v2\/categories?post=50220"},{"taxonomy":"post_tag","embeddable":true,"href":"http:\/\/nuevacordoba.net\/index.php\/wp-json\/wp\/v2\/tags?post=50220"}],"curies":[{"name":"wp","href":"https:\/\/api.w.org\/{rel}","templated":true}]}}