{"id":50224,"date":"2024-10-30T21:01:55","date_gmt":"2024-10-30T21:01:55","guid":{"rendered":"https:\/\/puntoapunto.com.ar\/?p=366706"},"modified":"2024-10-30T21:01:55","modified_gmt":"2024-10-30T21:01:55","slug":"el-gobierno-echo-a-mondino-y-designo-a-gerardo-werthein-como-nuevo-canciller","status":"publish","type":"post","link":"http:\/\/nuevacordoba.net\/index.php\/2024\/10\/30\/el-gobierno-echo-a-mondino-y-designo-a-gerardo-werthein-como-nuevo-canciller\/","title":{"rendered":"El Gobierno ech\u00f3 a Mondino y design\u00f3 a Gerardo Werthein como nuevo canciller"},"content":{"rendered":"<div class=\"g g-36\">\n<div class=\"g-dyn a-29 c-1\"><a class=\"gofollow\" data-track=\"MjksMzYsMSw2MA==\" href=\"https:\/\/www.harmoniechateau.com.ar\/\" target=\"_blank\" rel=\"noopener\"><img src=\"http:\/\/nuevacordoba.net\/wp-content\/uploads\/2024\/10\/el-gobierno-echo-a-mondino-y-designo-a-gerardo-werthein-como-nuevo-canciller.gif\" loading=\"lazy\"><\/a><\/div>\n<\/div>\n<p>&nbsp;\n<\/p>\n<p>El presidente<strong>&nbsp;Javier Milei<\/strong>&nbsp;desplaz\u00f3 este mi\u00e9rcoles a la canciller&nbsp;<strong>Diana Mondino<\/strong>&nbsp;por el voto argentino en la ONU en contra del embargo de Estados Unidos a Cuba y design\u00f3 a&nbsp;<strong>Gerardo Werthein<\/strong>&nbsp;para el cargo, seg\u00fan pudo confirmar la&nbsp;<strong>Agencia Noticias Argentinas<\/strong>&nbsp;de fuentes oficiales.\n<\/p>\n<p>Argentina&nbsp;<strong>vot\u00f3 este mi\u00e9rcoles en contra del embargo de Estados Unidos a Cuba en la Asamblea General de la ONU<\/strong>, donde se aprob\u00f3 una resoluci\u00f3n que pide poner fin al \u00abbloqueo\u00bb a ese pa\u00eds.\n<\/p>\n<p>Tras esa toma de postura, Milei decidi\u00f3 desplazar a Mondino, confirm\u00f3 la Casa Rosada ante la consulta de esta agencia.&nbsp;<strong>Werthein se hab\u00eda desempe\u00f1ado hasta el momento como embajador argentino en Estados Unidos.<\/strong><!-- \u00a1O bien no hay banners, estan desactivados o no estan programados para esta ubicaci\u00f3n! -->\n<\/p>\n<p>El texto aprobado por la ONU ped\u00eda&nbsp;<strong>\u00abponer fin al bloqueo econ\u00f3mico comercial y financiero impuesto por los Estados Unidos de Am\u00e9rica contra Cuba\u00bb&nbsp;<\/strong>y fue presentado por el gobierno de la isla este mi\u00e9rcoles en la ciudad de Nueva York.<\/p>\n<p>La votaci\u00f3n tuvo luz verde con el respaldo de 187 pa\u00edses y solo dos en contra: Estados Unidos e Israel; mientras que Moldavia se abstuvo.\n<\/p>\n<p>Es la primera vez desde la llegada de Milei a la Casa Rosada que Argentina no se alinea con el gobierno norteamericano ni con la administraci\u00f3n israel\u00ed. De todos modos, la de este mi\u00e9rcoles fue la 32\u00b0 oportunidad en&nbsp;que la representaci\u00f3n argentina en la ONU vota de esa manera.\n<\/p>\n<div class=\"g g-38\">\n<div class=\"g-dyn a-12 c-1\"><a class=\"gofollow\" data-track=\"MTIsMzgsMSw2MA==\" href=\"https:\/\/hospitalprivado.com.ar\/blog\/institucional\/somos-la-primera-institucion-del-interior-del-pais-en-acreditar-joint-commission-international.html\" target=\"_blank\" rel=\"noopener\"><img src=\"http:\/\/nuevacordoba.net\/wp-content\/uploads\/2024\/10\/el-gobierno-echo-a-mondino-y-designo-a-gerardo-werthein-como-nuevo-canciller-1.gif\" loading=\"lazy\"><\/a><\/div>\n<\/div>\n","protected":false},"excerpt":{"rendered":"<p>&nbsp; El presidente&nbsp;Javier Milei&nbsp;desplaz\u00f3 este mi\u00e9rcoles a la canciller&nbsp;Diana Mondino&nbsp;por el voto argentino en la ONU en contra del embargo de Estados Unidos a Cuba y design\u00f3 a&nbsp;Gerardo Werthein&nbsp;para el cargo, seg\u00fan pudo confirmar la&nbsp;Agencia Noticias Argentinas&nbsp;de fuentes oficiales. Argentina&nbsp;vot\u00f3 este mi\u00e9rcoles en contra del embargo de Estados Unidos a Cuba en la Asamblea General [&hellip;]<\/p>\n","protected":false},"author":1,"featured_media":50225,"comment_status":"open","ping_status":"closed","sticky":false,"template":"","format":"standard","meta":[],"categories":[12,14],"tags":[],"_links":{"self":[{"href":"http:\/\/nuevacordoba.net\/index.php\/wp-json\/wp\/v2\/posts\/50224"}],"collection":[{"href":"http:\/\/nuevacordoba.net\/index.php\/wp-json\/wp\/v2\/posts"}],"about":[{"href":"http:\/\/nuevacordoba.net\/index.php\/wp-json\/wp\/v2\/types\/post"}],"author":[{"embeddable":true,"href":"http:\/\/nuevacordoba.net\/index.php\/wp-json\/wp\/v2\/users\/1"}],"replies":[{"embeddable":true,"href":"http:\/\/nuevacordoba.net\/index.php\/wp-json\/wp\/v2\/comments?post=50224"}],"version-history":[{"count":0,"href":"http:\/\/nuevacordoba.net\/index.php\/wp-json\/wp\/v2\/posts\/50224\/revisions"}],"wp:featuredmedia":[{"embeddable":true,"href":"http:\/\/nuevacordoba.net\/index.php\/wp-json\/wp\/v2\/media\/50225"}],"wp:attachment":[{"href":"http:\/\/nuevacordoba.net\/index.php\/wp-json\/wp\/v2\/media?parent=50224"}],"wp:term":[{"taxonomy":"category","embeddable":true,"href":"http:\/\/nuevacordoba.net\/index.php\/wp-json\/wp\/v2\/categories?post=50224"},{"taxonomy":"post_tag","embeddable":true,"href":"http:\/\/nuevacordoba.net\/index.php\/wp-json\/wp\/v2\/tags?post=50224"}],"curies":[{"name":"wp","href":"https:\/\/api.w.org\/{rel}","templated":true}]}}