{"id":50228,"date":"2024-10-30T22:29:04","date_gmt":"2024-10-30T22:29:04","guid":{"rendered":"https:\/\/www.ole.com.ar\/autos\/ralf-schumacher-dijo-checo-perezno-terminara-ano-red-bull-abre-puerta-colapinto_0_ckwgUU5oP8.html"},"modified":"2024-10-30T22:29:04","modified_gmt":"2024-10-30T22:29:04","slug":"ralf-schumacher-y-un-comentario-que-puede-influir-en-el-futuro-de-colapinto","status":"publish","type":"post","link":"http:\/\/nuevacordoba.net\/index.php\/2024\/10\/30\/ralf-schumacher-y-un-comentario-que-puede-influir-en-el-futuro-de-colapinto\/","title":{"rendered":"Ralf Schumacher y un comentario que puede influir en el futuro de Colapinto"},"content":{"rendered":"<p><time class=\"createDate\" datetime=\"2024-10-30T19:29:04-03:00\">30\/10\/2024 19:29hs.<\/time><\/p>\n<div id=\"storyBody\">\n<div class=\"custom-text \" readability=\"38.86925795053\">\n<p>Que a <a href=\"https:\/\/www.ole.com.ar\/tema\/franco-colapinto.html\" title=\"Franco Colapinto\" alt=\"Franco Colapinto\" class=\"slug\">Franco Colapinto<\/a> se lo empezara a vincular con Red Bull fue un bombazo, quiz\u00e1s inesperado para muchos por la magnitud del equipo. A partir del nuevo frente que se abri\u00f3 para que el pilarense ocupe un asiento en la categor\u00eda el a\u00f1o que viene, cada declaraci\u00f3n relacionada a la escuder\u00eda austr\u00edaca alimenta la ilusi\u00f3n sobre la llegada del argentino. El que sali\u00f3 a dar su opini\u00f3n esta vez fue <strong>Ralf Schumacher<\/strong>, el hermano de Mick, que en el \u00faltimo tiempo se acostumbr\u00f3 a apuntar contra alguien cada vez que tiene un micr\u00f3fono cerca, incluso a Franco.<\/p>\n<\/div>\n<div class=\"custom-text \" readability=\"40\">\n<p>El que lig\u00f3 ahora, y feo, fue <strong>Sergio P\u00e9rez, que est\u00e1 en la cuerda floja <\/strong>hace un buen tiempo y que su rendimiento en la temporada actual magnific\u00f3 las posibilidades de una posible salida para el 2025. El alem\u00e1n no se guard\u00f3 nada y atac\u00f3 al mexicano, dejando varias frases que pintan un panorama con Checo muy lejos del equipo de los Toros Rojos, lo que abrir\u00eda a\u00fan m\u00e1s la puerta para que Colapinto llegue a la escuder\u00eda como segundo de Max Verstappen.<\/p>\n<\/div>\n<div class=\"custom-text \" readability=\"37\">\n<p>\u00abNo creo que Checo maneje un solo metro m\u00e1s en el auto el pr\u00f3ximo a\u00f1o, estoy bastante seguro de eso. <strong>Ni siquiera creo que termine la temporada<\/strong>\u00ab, dijo tajante el germano, asegurando en Sky Deutschland que el mexicano finalizar\u00e1 su v\u00ednculo con Red Bull antes de que se acabe el 2024.<\/p>\n<\/div>\n<div class=\"sc-e7b891c4-0 ifHnQL image-embed\"><img alt=\"Ralf Schumacher apunt\u00f3 contra la continuidad de Checo P\u00e9rez en Red Bull.\" loading=\"lazy\" width=\"720\" height=\"100\" decoding=\"async\" data-nimg=\"1\" src=\"http:\/\/nuevacordoba.net\/wp-content\/uploads\/2024\/10\/ralf-schumacher-y-un-comentario-que-puede-influir-en-el-futuro-de-colapinto.jpg\"><span class=\"epigraphe\">Ralf Schumacher apunt\u00f3 contra la continuidad de Checo P\u00e9rez en Red Bull.<\/span><\/div>\n<div class=\"custom-text \" readability=\"37\">\n<p>Adem\u00e1s, se refiri\u00f3 al futuro cercano (el gran premio de Interlagos en Brasil), y coment\u00f3 casi en tono informativo que \u00ab<strong>Red Bull tomar\u00e1 una decisi\u00f3n despu\u00e9s de este fin de semana<\/strong>. Ya no tiene sentido para ambas partes, ni siquiera para P\u00e9rez\u00bb.<\/p>\n<\/div>\n<div class=\"custom-text \" readability=\"36\">\n<p>\u00ab<strong>El pobre est\u00e1 bajo mucha presi\u00f3n cuando se<\/strong> supone que este deporte debe ser divertido\u00bb, opin\u00f3 Ralf en referencia a la actuaci\u00f3n de Checo en el GP de M\u00e9xico, en el que termin\u00f3 en el puesto 17 siendo local en el Aut\u00f3dromo Hermanos Rodr\u00edguez.<\/p>\n<\/div>\n<p><h2><strong>\u00bfColapinto puede ir a Red Bull en 2025?<\/strong><\/h2>\n<\/p>\n<div class=\"custom-text \" readability=\"38\">\n<p>La posibilidad de Red Bull como equipo para Colapinto en 2025 es una de las tres que se barajan al momento, porque tambi\u00e9n est\u00e1 la chance de <strong>Sauber<\/strong>, que tiene una butaca disponible, y la de continuar en <strong>Williams<\/strong>, que en pocos meses contar\u00e1 con Carlos Sainz y tambi\u00e9n tiene a Alex Albon.<\/p>\n<\/div>\n<div class=\"sc-e7b891c4-0 ifHnQL image-embed\"><img alt=\"Franco Colapinto en el GP de M\u00e9xico. (Foto: @WilliamsRacing).\" loading=\"lazy\" width=\"720\" height=\"100\" decoding=\"async\" data-nimg=\"1\" src=\"http:\/\/nuevacordoba.net\/wp-content\/uploads\/2024\/10\/ralf-schumacher-y-un-comentario-que-puede-influir-en-el-futuro-de-colapinto-1.jpg\"><span class=\"epigraphe\">Franco Colapinto en el GP de M\u00e9xico. (Foto: @WilliamsRacing).<\/span><\/div>\n<div class=\"custom-text \" readability=\"29.579096045198\">\n<p>Si bien el asiento de la escuder\u00eda dirigida por Horner todav\u00eda est\u00e1 ocupado por P\u00e9rez (el otro por Verstappen, lejos de dejar el equipo), en pocos d\u00edas se dieron algunos indicios de que el neerland\u00e9s podr\u00eda ser acompa\u00f1ado por Colapa m\u00e1s adelante: el propio Horner dijo que <strong><a href=\"https:\/\/www.ole.com.ar\/tema\/5ZwcfjL8uV.html\" title=\"&quot;ser\u00eda un muy mal jefe de equipo si no preguntara si est\u00e1 disponible&quot;\" alt=\"&quot;ser\u00eda un muy mal jefe de equipo si no preguntara si est\u00e1 disponible&quot;\">\u00abser\u00eda un muy mal jefe de equipo si no preguntara si est\u00e1 disponible\u00bb<\/a>.<\/strong><\/p>\n<\/div>\n<p><h2><strong>Cuando Ralf Schumacher critic\u00f3 la llegada de Colapinto a la F1<\/strong><\/h2>\n<\/p>\n<div class=\"custom-text \" readability=\"39\">\n<p>El t\u00edo de Mick y ex piloto de F1 no tard\u00f3 en expresar su descontento con la elecci\u00f3n de Franco en el equipo ingl\u00e9s. <strong>Ralf calific\u00f3 de \u201cabsurda\u201d la decisi\u00f3n de Williams<\/strong>, argumentando que la inclusi\u00f3n de Colapinto en el equipo no se justifica desde el punto de vista del rendimiento. \u201cQuiz\u00e1 se pueda respetar esta decisi\u00f3n porque Colapinto es un piloto del programa u\u00fanior de Williams, pero desde el punto de vista del rendimiento, <strong>creo que es absurdo y no tiene sentido<\/strong>\u201d, manifest\u00f3 el ex piloto.<\/p>\n<\/div>\n<div class=\"sc-e7b891c4-0 ifHnQL image-embed\"><img alt=\"Mick Schumacher, el piloto de reserva de Mercedes.\" loading=\"lazy\" width=\"720\" height=\"100\" decoding=\"async\" data-nimg=\"1\" src=\"http:\/\/nuevacordoba.net\/wp-content\/uploads\/2024\/10\/ralf-schumacher-y-un-comentario-que-puede-influir-en-el-futuro-de-colapinto-2.jpg\"><span class=\"epigraphe\">Mick Schumacher, el piloto de reserva de Mercedes.<\/span><\/div>\n<div class=\"custom-text \" readability=\"38\">\n<p>Ralf tambi\u00e9n abord\u00f3 el retraso en el desempe\u00f1o de Mick en su segunda temporada con Haas, comparado con su compa\u00f1ero de equipo Kevin Magnussen. <strong>\u201cHay que ser justos y admitir que a Mick le llev\u00f3 demasiado tiempo en su segunda temporada en Haas encontrar su sitio y entenderse con su compa\u00f1ero de equipo\u201d<\/strong>, dijo Ralf, reflejando la complejidad de la carrera de su sobrino.<\/p>\n<\/div>\n<div class=\"sc-a7166897-0 eoLsBE\" readability=\"6\">\n<section readability=\"2\"><picture><img alt=\"El jefe de Red Bull confirm\u00f3 su inter\u00e9s por Franco Colapinto\" loading=\"lazy\" width=\"290\" height=\"290\" decoding=\"async\" data-nimg=\"1\" src=\"http:\/\/nuevacordoba.net\/wp-content\/uploads\/2024\/10\/ralf-schumacher-y-un-comentario-que-puede-influir-en-el-futuro-de-colapinto-3.jpg\"><\/picture>\n<p><span>Mir\u00e1 tambi\u00e9n<\/span><\/p>\n<hr>\n<h3>El jefe de Red Bull confirm\u00f3 su inter\u00e9s por Franco Colapinto<\/h3>\n<\/p>\n<\/section>\n<\/div>\n<div class=\"sc-a7166897-0 eoLsBE\" readability=\"6\">\n<section readability=\"2\"><picture><img alt=\"Senna eterno en San Pablo: el homenaje de una ciudad que sigue recordando a su \u00eddolo\" loading=\"lazy\" width=\"290\" height=\"290\" decoding=\"async\" data-nimg=\"1\" src=\"http:\/\/nuevacordoba.net\/wp-content\/uploads\/2024\/10\/ralf-schumacher-y-un-comentario-que-puede-influir-en-el-futuro-de-colapinto-4.jpg\"><\/picture>\n<p><span>Mir\u00e1 tambi\u00e9n<\/span><\/p>\n<hr>\n<h3>Senna eterno en San Pablo: el homenaje de una ciudad que sigue recordando a su \u00eddolo<\/h3>\n<\/p>\n<\/section>\n<\/div>\n<div class=\"sc-a7166897-0 eoLsBE\" readability=\"6.5\">\n<section readability=\"3\"><picture><img alt=\"La campa\u00f1a argentina en redes para que Franco Colapinto sea Piloto del D\u00eda en el GP de Brasil\" loading=\"lazy\" width=\"290\" height=\"290\" decoding=\"async\" data-nimg=\"1\" src=\"http:\/\/nuevacordoba.net\/wp-content\/uploads\/2024\/10\/ralf-schumacher-y-un-comentario-que-puede-influir-en-el-futuro-de-colapinto-5.jpg\"><\/picture>\n<p><span>Mir\u00e1 tambi\u00e9n<\/span><\/p>\n<hr>\n<h3>La campa\u00f1a argentina en redes para que Franco Colapinto sea Piloto del D\u00eda en el GP de Brasil<\/h3>\n<\/p>\n<\/section>\n<\/div>\n<div class=\"sc-a7166897-0 eoLsBE\" readability=\"6\">\n<section readability=\"2\"><picture><img alt=\"El d\u00eda que Williams invit\u00f3 a Diego Maradona a correr un auto de F\u00f3rmula 1\" loading=\"lazy\" width=\"290\" height=\"290\" decoding=\"async\" data-nimg=\"1\" src=\"http:\/\/nuevacordoba.net\/wp-content\/uploads\/2024\/10\/ralf-schumacher-y-un-comentario-que-puede-influir-en-el-futuro-de-colapinto-6.jpg\"><\/picture>\n<p><span>Mir\u00e1 tambi\u00e9n<\/span><\/p>\n<hr>\n<h3>El d\u00eda que Williams invit\u00f3 a Diego Maradona a correr un auto de F\u00f3rmula 1<\/h3>\n<\/p>\n<\/section>\n<\/div>\n<\/div>\n","protected":false},"excerpt":{"rendered":"<p>30\/10\/2024 19:29hs. Que a Franco Colapinto se lo empezara a vincular con Red Bull fue un bombazo, quiz\u00e1s inesperado para muchos por la magnitud del equipo. A partir del nuevo frente que se abri\u00f3 para que el pilarense ocupe un asiento en la categor\u00eda el a\u00f1o que viene, cada declaraci\u00f3n relacionada a la escuder\u00eda austr\u00edaca [&hellip;]<\/p>\n","protected":false},"author":1,"featured_media":50229,"comment_status":"closed","ping_status":"closed","sticky":false,"template":"","format":"standard","meta":[],"categories":[10],"tags":[],"_links":{"self":[{"href":"http:\/\/nuevacordoba.net\/index.php\/wp-json\/wp\/v2\/posts\/50228"}],"collection":[{"href":"http:\/\/nuevacordoba.net\/index.php\/wp-json\/wp\/v2\/posts"}],"about":[{"href":"http:\/\/nuevacordoba.net\/index.php\/wp-json\/wp\/v2\/types\/post"}],"author":[{"embeddable":true,"href":"http:\/\/nuevacordoba.net\/index.php\/wp-json\/wp\/v2\/users\/1"}],"replies":[{"embeddable":true,"href":"http:\/\/nuevacordoba.net\/index.php\/wp-json\/wp\/v2\/comments?post=50228"}],"version-history":[{"count":0,"href":"http:\/\/nuevacordoba.net\/index.php\/wp-json\/wp\/v2\/posts\/50228\/revisions"}],"wp:featuredmedia":[{"embeddable":true,"href":"http:\/\/nuevacordoba.net\/index.php\/wp-json\/wp\/v2\/media\/50229"}],"wp:attachment":[{"href":"http:\/\/nuevacordoba.net\/index.php\/wp-json\/wp\/v2\/media?parent=50228"}],"wp:term":[{"taxonomy":"category","embeddable":true,"href":"http:\/\/nuevacordoba.net\/index.php\/wp-json\/wp\/v2\/categories?post=50228"},{"taxonomy":"post_tag","embeddable":true,"href":"http:\/\/nuevacordoba.net\/index.php\/wp-json\/wp\/v2\/tags?post=50228"}],"curies":[{"name":"wp","href":"https:\/\/api.w.org\/{rel}","templated":true}]}}