{"id":50230,"date":"2024-10-30T20:46:08","date_gmt":"2024-10-30T20:46:08","guid":{"rendered":"https:\/\/www.ole.com.ar\/ascenso\/ascenso-primera-nacional-all-boys-agustin-gallo-lesion_0_zeIstjJuBO.html"},"modified":"2024-10-30T20:46:08","modified_gmt":"2024-10-30T20:46:08","slug":"de-no-creer-all-boys-pierde-a-su-goleador-para-el-reducido-por-una-patada-en-el-clasico","status":"publish","type":"post","link":"http:\/\/nuevacordoba.net\/index.php\/2024\/10\/30\/de-no-creer-all-boys-pierde-a-su-goleador-para-el-reducido-por-una-patada-en-el-clasico\/","title":{"rendered":"De no creer: All Boys pierde a su goleador para el Reducido por una patada en el cl\u00e1sico"},"content":{"rendered":"<p><time class=\"createDate\" datetime=\"2024-10-30T17:46:08-03:00\">30\/10\/2024 17:46hs.<\/time><\/p>\n<div id=\"storyBody\">\n<div class=\"custom-text \" readability=\"34.180952380952\">\n<p>Son d\u00edas claves para <a href=\"https:\/\/www.ole.com.ar\/tema\/all-boys.html\" title=\"All Boys\" alt=\"All Boys\" class=\"slug\">All Boys<\/a>. Tras quedar cuarto de la Zona A y clasificarse al Reducido con un buen margen de puntos, el equipo de Mariano Campod\u00f3nico cerr\u00f3 un gran torneo y va por el segundo ascenso a la <a href=\"https:\/\/www.ole.com.ar\/tema\/liga-profesional.html\" title=\"Liga Profesional\" alt=\"Liga Profesional\" class=\"slug\">Liga Profesional<\/a>. Pero en la previa de los octavos de final del Reducido, <strong>recibi\u00f3 una noticia dur\u00edsima<\/strong>.<\/p>\n<\/div>\n<div class=\"custom-text \" readability=\"38\">\n<p>Es que su goleador, Agust\u00edn Gallo, sali\u00f3 reemplazado a los 25 minutos del primer tiempo en el cl\u00e1sico ante Atlanta tras un patad\u00f3n que lo oblig\u00f3 a dejar la cancha. Y en la noche de este martes, se confirm\u00f3 la gravedad de la lesi\u00f3n: <strong>rotura de meniscos de la rodilla izquierda<\/strong>. Ser\u00e1 baja en lo que queda del a\u00f1o.<\/p>\n<\/div>\n<div type=\"embed\" class=\"sc-3f46f5ae-0 djVTgz\">\n<div class=\"sc-3f46f5ae-1 fTjZec videoText\" id=\"contentTitleembedOxYt5hDx\" type=\"embed\"><svg fill=\"#ffffff\"><symbol id=\"play\" viewBox=\"0 0 512 512\"><path d=\"M512 256C512 397.4 397.4 512 256 512C114.6 512 0 397.4 0 256C0 114.6 114.6 0 256 0C397.4 0 512 114.6 512 256zM176 168V344C176 352.7 180.7 360.7 188.3 364.9C195.8 369.2 205.1 369 212.5 364.5L356.5 276.5C363.6 272.1 368 264.4 368 256C368 247.6 363.6 239.9 356.5 235.5L212.5 147.5C205.1 142.1 195.8 142.8 188.3 147.1C180.7 151.3 176 159.3 176 168V168z\" \/><\/symbol><use xlink:href=\"#play\" \/><\/svg><\/p>\n<div class=\"right\">\n<p>Ascenso<!-- --> &#8211;<!-- --> <span>&nbsp;<\/span><\/p>\n<h2 class=\"title-vid\">La patada que deja a Agust\u00edn Gallo afuera del Reducido<\/h2>\n<\/div>\n<\/div>\n<p><span class=\"back\" id=\"spanBackembedOxYt5hDx\"><\/span><\/div>\n<div class=\"custom-text \" readability=\"35.570048309179\">\n<p>Lo cierto es que Gallo se perder\u00e1 el partido del pr\u00f3ximo lunes ante Col\u00f3n y no volver\u00e1 a pisar el verde c\u00e9sped hasta 2025. El delantero de 25 a\u00f1os es -junto a Franco Toloza- <strong>el goleador de All Boys en la temporada de la <a href=\"https:\/\/www.ole.com.ar\/tema\/primera-nacional.html\" title=\"Primera Nacional\" alt=\"Primera Nacional\" class=\"slug\">Primera Nacional<\/a>, con cinco tantos<\/strong>. Y hace menos de una semana, el conjunto de Floresta hab\u00eda anunciado la extensi\u00f3n de su contrato hasta diciembre de 2027. Baja clave para Campod\u00f3nico.<\/p>\n<\/div>\n<div class=\"custom-text \" readability=\"37\">\n<p>A su vez, en el mismo comunicado donde se anunci\u00f3 la lesi\u00f3n de Gallo, el Albo explic\u00f3 que <strong>Diego Guallama<\/strong> -ex delantero de River- <strong>comenz\u00f3 la rehabilitaci\u00f3n de su esguince del ligamento colateral medial<\/strong>. La misma se da tras los estudios complementados realizados por la lesi\u00f3n en la rodilla y considerando su evoluci\u00f3n. <\/p>\n<\/div>\n<div class=\"sc-e7b891c4-0 ifHnQL image-embed\"><img alt=\"Diego Guallama, ex delantero del Millonario llegado a principio de a\u00f1o, se recupera de su lesi\u00f3n (Foto: Prensa River).\" loading=\"lazy\" width=\"720\" height=\"100\" decoding=\"async\" data-nimg=\"1\" src=\"http:\/\/nuevacordoba.net\/wp-content\/uploads\/2024\/10\/de-no-creer-all-boys-pierde-a-su-goleador-para-el-reducido-por-una-patada-en-el-clasico.jpg\"><span class=\"epigraphe\">Diego Guallama, ex delantero del Millonario llegado a principio de a\u00f1o, se recupera de su lesi\u00f3n (Foto: Prensa River).<\/span><\/div>\n<p><h2><strong>As\u00ed son los cruces del Reducido<\/strong><\/h2>\n<\/p>\n<div class=\"custom-text \" readability=\"32\">\n<p>(2\u00b0 Zona A) San Mart\u00edn de San Juan vs. Gimnasia y Tiro de Salta (8\u00b0 Zona B)<\/p>\n<\/div>\n<div class=\"custom-text \" readability=\"32\">\n<p>(3\u00b0 Zona A) Quilmes vs. Defensores de Belgrano (7\u00b0 Zona B)<\/p>\n<\/div>\n<div class=\"custom-text \" readability=\"32\">\n<p>(4\u00b0 Zona A) <strong>All Boys<\/strong> vs. <strong>Col\u00f3n <\/strong>(6\u00b0 Zona B)<\/p>\n<\/div>\n<div class=\"custom-text \" readability=\"32\">\n<p>(5\u00b0 Zona B) San Telmo vs. Gimnasia de Jujuy (5\u00b0 Zona A)<\/p>\n<\/div>\n<div class=\"custom-text \" readability=\"32\">\n<p>(4\u00b0 Zona B) Gimnasia de Mendoza vs. Estudiantes BA vs (6\u00b0 Zona A)<\/p>\n<\/div>\n<div class=\"custom-text \" readability=\"32\">\n<p>(3\u00b0 Zona B) Nueva Chicago vs. Racing de C\u00f3rdoba (7\u00b0 Zona A)<\/p>\n<\/div>\n<div class=\"custom-text \" readability=\"32\">\n<p>(2\u00b0 Zona B) Deportivo Madryn vs. San Miguel (8\u00b0 Zona A)<\/p>\n<\/div>\n<\/div>\n","protected":false},"excerpt":{"rendered":"<p>30\/10\/2024 17:46hs. Son d\u00edas claves para All Boys. Tras quedar cuarto de la Zona A y clasificarse al Reducido con un buen margen de puntos, el equipo de Mariano Campod\u00f3nico cerr\u00f3 un gran torneo y va por el segundo ascenso a la Liga Profesional. Pero en la previa de los octavos de final del Reducido, [&hellip;]<\/p>\n","protected":false},"author":1,"featured_media":50231,"comment_status":"closed","ping_status":"closed","sticky":false,"template":"","format":"standard","meta":[],"categories":[10],"tags":[],"_links":{"self":[{"href":"http:\/\/nuevacordoba.net\/index.php\/wp-json\/wp\/v2\/posts\/50230"}],"collection":[{"href":"http:\/\/nuevacordoba.net\/index.php\/wp-json\/wp\/v2\/posts"}],"about":[{"href":"http:\/\/nuevacordoba.net\/index.php\/wp-json\/wp\/v2\/types\/post"}],"author":[{"embeddable":true,"href":"http:\/\/nuevacordoba.net\/index.php\/wp-json\/wp\/v2\/users\/1"}],"replies":[{"embeddable":true,"href":"http:\/\/nuevacordoba.net\/index.php\/wp-json\/wp\/v2\/comments?post=50230"}],"version-history":[{"count":0,"href":"http:\/\/nuevacordoba.net\/index.php\/wp-json\/wp\/v2\/posts\/50230\/revisions"}],"wp:featuredmedia":[{"embeddable":true,"href":"http:\/\/nuevacordoba.net\/index.php\/wp-json\/wp\/v2\/media\/50231"}],"wp:attachment":[{"href":"http:\/\/nuevacordoba.net\/index.php\/wp-json\/wp\/v2\/media?parent=50230"}],"wp:term":[{"taxonomy":"category","embeddable":true,"href":"http:\/\/nuevacordoba.net\/index.php\/wp-json\/wp\/v2\/categories?post=50230"},{"taxonomy":"post_tag","embeddable":true,"href":"http:\/\/nuevacordoba.net\/index.php\/wp-json\/wp\/v2\/tags?post=50230"}],"curies":[{"name":"wp","href":"https:\/\/api.w.org\/{rel}","templated":true}]}}