{"id":5024,"date":"2021-05-28T03:02:59","date_gmt":"2021-05-28T03:02:59","guid":{"rendered":"https:\/\/puntoapunto.com.ar\/?p=278246"},"modified":"2021-05-28T03:02:59","modified_gmt":"2021-05-28T03:02:59","slug":"simonella-sobre-las-nuevas-restricciones-hay-que-activar-atp-si-esto-se-prolonga","status":"publish","type":"post","link":"http:\/\/nuevacordoba.net\/index.php\/2021\/05\/28\/simonella-sobre-las-nuevas-restricciones-hay-que-activar-atp-si-esto-se-prolonga\/","title":{"rendered":"Simonella sobre las nuevas restricciones: \u201chay que activar ATP si esto se prolonga\u201d"},"content":{"rendered":"<p><!-- image --><\/p>\n<div class=\"td-post-featured-image\"><a href=\"http:\/\/nuevacordoba.net\/wp-content\/uploads\/2021\/05\/simonella-sobre-las-nuevas-restricciones-hay-que-activar-atp-si-esto-se-prolonga.jpg\" data-caption><img loading=\"lazy\" width=\"640\" height=\"381\" class=\"entry-thumb td-modal-image\" src=\"http:\/\/nuevacordoba.net\/wp-content\/uploads\/2021\/05\/simonella-sobre-las-nuevas-restricciones-hay-que-activar-atp-si-esto-se-prolonga.jpg\" srcset=\"http:\/\/nuevacordoba.net\/wp-content\/uploads\/2021\/05\/simonella-sobre-las-nuevas-restricciones-hay-que-activar-atp-si-esto-se-prolonga.jpg 640w, http:\/\/nuevacordoba.net\/wp-content\/uploads\/2021\/05\/simonella-sobre-las-nuevas-restricciones-hay-que-activar-atp-si-esto-se-prolonga-1.jpg 300w, http:\/\/nuevacordoba.net\/wp-content\/uploads\/2021\/05\/simonella-sobre-las-nuevas-restricciones-hay-que-activar-atp-si-esto-se-prolonga-2.jpg 150w\" sizes=\"(max-width: 640px) 100vw, 640px\" alt title=\"Simonella\"><\/a><\/div>\n<p> <!-- content --><\/p>\n<div class=\"td-a-rec td-a-rec-id-content_top tdi_73_272 td_block_template_10\">\n<div class=\"g g-34\">\n<div class=\"g-single a-299\"><a class=\"gofollow\" data-track=\"Mjk5LDM0LDEsNjA=\" href=\"http:\/\/www.grupocanter.com.ar\/landing\/blanqueo\/pap\/?utm_source=Punto%20a%20Punto&amp;utm_medium=Banners&amp;utm_campaign=Blanqueo&amp;utm_term=950x187\"><img src=\"http:\/\/nuevacordoba.net\/wp-content\/uploads\/2021\/05\/simonella-sobre-las-nuevas-restricciones-hay-que-activar-atp-si-esto-se-prolonga.gif\"><\/a><\/div>\n<\/div>\n<\/div>\n<p><strong>\u201cLa econom\u00eda no est\u00e1 en condiciones de enfrentar un nuevo encierro tan estricto<\/strong>. Habr\u00e1 sectores que han tenido la oportunidad de recuperarse, como la construcci\u00f3n o el industrial, pero hay otros que no lo lograron, lo vinculado a los servicios y el comercio. El ritmo de recuperaci\u00f3n ha sido lento y el EMAE muestra que <a href=\"https:\/\/puntoapunto.com.ar\/tag\/febrero\/\" class=\"st_tag internal_tag\" rel=\"tag\" title=\"Posts tagged with Febrero\">febrero<\/a> y marzo han tenido una ca\u00edda respecto de los meses anteriores. Los comercios y muchas pymes que han logrado subsistir al estricto y prolongado confinamiento del 2020 hoy no est\u00e1n en condiciones ni financieras ni econ\u00f3micas para soportar un nuevo cierre\u201d, plantea <strong>Jos\u00e9 Simonella, presidente del CPCE.<\/strong><\/p>\n<p>Y advierte que, en caso de un nuevo cierre prolongado, m\u00e1s all\u00e1 de estos 9 d\u00edas, \u201cva a haber que corregir a la baja el crecimiento esperado para 20<a href=\"https:\/\/puntoapunto.com.ar\/tag\/21\/\" class=\"st_tag internal_tag\" rel=\"tag\" title=\"Posts tagged with 21\">21<\/a>. <strong>La recuperaci\u00f3n se ha ralentizado y en algunos casos no se produjo<\/strong>. El AMBA ya viene con restricciones desde el a\u00f1o pasado y esto ahora va a impactar en todo el pa\u00eds as\u00ed que creo que s\u00ed <strong>vamos a tener que corregir las expectativas de crecimiento para este a\u00f1o\u201d.<\/strong><\/p>\n<p>Por otro lado, en relaci\u00f3n a la necesidad o no de volver a instrumentar programas de ayuda al sector privado como los<strong> ATP<\/strong> remarc\u00f3:<strong> \u201ccreo que no hay margen fiscal para reproducir los planes ATP e IFE<\/strong>, no obstante, va a haber que enfrentarlo porque de lo contrario muchas empresas no van a poder permanecer abiertas y por ende se van a seguir perdiendo fuentes de trabajo en el sector privado que se viene achicando de manera considerable\u201d.<\/p>\n<p>Y subray\u00f3 que el instrumento que hoy est\u00e1 vigente, los REPRO no tienen la agilidad y robustez para generar una asistencia concreta:<strong> \u201cLos REPRO no son una soluci\u00f3n a los problemas que tienen las industrias, los comercios, las empresas de servicios, realmente el REPRO tiene un mont\u00f3n de exigencias de informaci\u00f3n y dem\u00e1s, no es algo sencillo as\u00ed que seguramente habr\u00eda que avanzar con un ATP<\/strong> y eso va a generar mayores necesidades fiscales que hoy el gobierno no est\u00e1 en condiciones de enfrentar, pero me da la sensaci\u00f3n de que con el objetivo de mantener las industrias y los comercios y las persianas levantadas va a haber que darles ayuda porque si no muchas no van a poder resistir a un nuevo confinamiento\u201d.<\/p>\n<p>No tags for this post. <!-- A generated by theme --> <!-- end A --> <\/p>\n","protected":false},"excerpt":{"rendered":"<p>\u201cLa econom\u00eda no est\u00e1 en condiciones de enfrentar un nuevo encierro tan estricto. Habr\u00e1 sectores que han tenido la oportunidad de recuperarse, como la construcci\u00f3n o el industrial, pero hay otros que no lo lograron, lo vinculado a los servicios y el comercio. El ritmo de recuperaci\u00f3n ha sido lento y el EMAE muestra que [&hellip;]<\/p>\n","protected":false},"author":1,"featured_media":5025,"comment_status":"open","ping_status":"closed","sticky":false,"template":"","format":"standard","meta":[],"categories":[14],"tags":[],"_links":{"self":[{"href":"http:\/\/nuevacordoba.net\/index.php\/wp-json\/wp\/v2\/posts\/5024"}],"collection":[{"href":"http:\/\/nuevacordoba.net\/index.php\/wp-json\/wp\/v2\/posts"}],"about":[{"href":"http:\/\/nuevacordoba.net\/index.php\/wp-json\/wp\/v2\/types\/post"}],"author":[{"embeddable":true,"href":"http:\/\/nuevacordoba.net\/index.php\/wp-json\/wp\/v2\/users\/1"}],"replies":[{"embeddable":true,"href":"http:\/\/nuevacordoba.net\/index.php\/wp-json\/wp\/v2\/comments?post=5024"}],"version-history":[{"count":0,"href":"http:\/\/nuevacordoba.net\/index.php\/wp-json\/wp\/v2\/posts\/5024\/revisions"}],"wp:featuredmedia":[{"embeddable":true,"href":"http:\/\/nuevacordoba.net\/index.php\/wp-json\/wp\/v2\/media\/5025"}],"wp:attachment":[{"href":"http:\/\/nuevacordoba.net\/index.php\/wp-json\/wp\/v2\/media?parent=5024"}],"wp:term":[{"taxonomy":"category","embeddable":true,"href":"http:\/\/nuevacordoba.net\/index.php\/wp-json\/wp\/v2\/categories?post=5024"},{"taxonomy":"post_tag","embeddable":true,"href":"http:\/\/nuevacordoba.net\/index.php\/wp-json\/wp\/v2\/tags?post=5024"}],"curies":[{"name":"wp","href":"https:\/\/api.w.org\/{rel}","templated":true}]}}