{"id":50247,"date":"2024-10-31T03:04:53","date_gmt":"2024-10-31T03:04:53","guid":{"rendered":"https:\/\/puntoapunto.com.ar\/?p=366687"},"modified":"2024-10-31T03:04:53","modified_gmt":"2024-10-31T03:04:53","slug":"empresario-2024-conoce-la-terna-de-el-empresario-del-ano","status":"publish","type":"post","link":"http:\/\/nuevacordoba.net\/index.php\/2024\/10\/31\/empresario-2024-conoce-la-terna-de-el-empresario-del-ano\/","title":{"rendered":"Empresario 2024: conoc\u00e9 la terna de El Empresario del A\u00f1o"},"content":{"rendered":"<div class=\"g g-36\">\n<div class=\"g-dyn a-29 c-1\"><a class=\"gofollow\" data-track=\"MjksMzYsMSw2MA==\" href=\"https:\/\/www.harmoniechateau.com.ar\/\" target=\"_blank\" rel=\"noopener\"><img src=\"http:\/\/nuevacordoba.net\/wp-content\/uploads\/2024\/10\/empresario-2024-conoce-la-terna-de-el-empresario-del-ano.gif\" loading=\"lazy\"><\/a><\/div>\n<\/div>\n<p>&nbsp;\n<\/p>\n<p><strong>Juan Santiago (Santex)<\/strong><!-- \u00a1O bien no hay banners, estan desactivados o no estan programados para esta ubicaci\u00f3n! -->\n<\/p>\n<p>Su empresa, Santex realiz\u00f3 una inversi\u00f3n de<strong> 1,5 millones de d\u00f3lares en <a href=\"https:\/\/puntoapunto.com.ar\/con-inversion-de-us15-m-santex-lanza-su-laboratorio-de-inteligencia-artificial-como-funcionara\/\">Santex Lab<\/a>,<\/strong> un laboratorio de inteligencia artificial destinado a generar nuevos negocios en colaboraci\u00f3n con los clientes. La firma tecnol\u00f3gica cuenta con <strong>1.000 colaboradores, 600 de ellos en Argentina, y tiene presencia en 18 pa\u00edses y m\u00e1s de 100 ciudades<\/strong>. Entre sus principales mercados se destacan Estados Unidos, Canad\u00e1, Europa y Am\u00e9rica Latina. Para este a\u00f1o, la compa\u00f1\u00eda se propone crecer un 40% en facturaci\u00f3n y cantidad de colaboradores.\n<\/p>\n<p>Adem\u00e1s, posee <strong>oficinas en Rosario, Buenos Aires, C\u00f3rdoba, Lima (Per\u00fa), Florida y California (Estados Unidos),<\/strong> mientras que en otros pa\u00edses operan a trav\u00e9s de coworkings. Tambi\u00e9n promueven la adopci\u00f3n responsable de la tecnolog\u00eda y realizan numerosas acciones de impacto social con la Fundaci\u00f3n \u201cTecnolog\u00eda con prop\u00f3sito\u201d.<!-- \u00a1O bien no hay banners, estan desactivados o no estan programados para esta ubicaci\u00f3n! -->\n<\/p>\n<p><img decoding=\"async\" class=\"aligncenter size-full wp-image-366689\" src=\"http:\/\/nuevacordoba.net\/wp-content\/uploads\/2024\/10\/empresario-2024-conoce-la-terna-de-el-empresario-del-ano.jpg\" alt width=\"1280\" height=\"720\" srcset=\"http:\/\/nuevacordoba.net\/wp-content\/uploads\/2024\/10\/empresario-2024-conoce-la-terna-de-el-empresario-del-ano.jpg 1280w, http:\/\/nuevacordoba.net\/wp-content\/uploads\/2024\/10\/empresario-2024-conoce-la-terna-de-el-empresario-del-ano-2.jpg 300w, http:\/\/nuevacordoba.net\/wp-content\/uploads\/2024\/10\/empresario-2024-conoce-la-terna-de-el-empresario-del-ano-3.jpg 1024w, http:\/\/nuevacordoba.net\/wp-content\/uploads\/2024\/10\/empresario-2024-conoce-la-terna-de-el-empresario-del-ano-4.jpg 768w, http:\/\/nuevacordoba.net\/wp-content\/uploads\/2024\/10\/empresario-2024-conoce-la-terna-de-el-empresario-del-ano-5.jpg 750w, http:\/\/nuevacordoba.net\/wp-content\/uploads\/2024\/10\/empresario-2024-conoce-la-terna-de-el-empresario-del-ano-6.jpg 1140w\" sizes=\"(max-width: 1280px) 100vw, 1280px\" loading=\"lazy\"><\/p>\n<p><strong>Ivana Cavigliasso (Prodeman)<\/strong>\n<\/p>\n<p>Con m\u00e1s de 40 a\u00f1os en el mercado, <a href=\"https:\/\/puntoapunto.com.ar\/prodeman-se-diversifica-el-futuro-no-solo-esta-en-el-mani-sino-tambien-en-cultivos-como-el-maiz-y-la-soja\/\">Prodeman<\/a> es una de las empresas l\u00edderes en el sector manisero a nivel nacional e internacional. Su portafolio incluye man\u00ed confiter\u00eda, blancheado, tostado, frito, garrapi\u00f1ada, con chocolate, y derivados como pasta y manteca de man\u00ed.<strong> La empresa exporta a m\u00e1s de 40 pa\u00edses, entre ellos Pa\u00edses Bajos, Reino Unido, Australia, Sud\u00e1frica y China. <\/strong>\n<\/p>\n<p>Adem\u00e1s, ha diversificado su producci\u00f3n con la comercializaci\u00f3n de legumbres bajo la marca Man\u00ed King, reconocida en el mercado interno por su calidad y est\u00e1ndares internacionales. Con m\u00e1s de <strong>650 empleados,<\/strong> Prodeman tiene operaciones en diversas provincias como<strong> La Pampa, Buenos Aires, Tucum\u00e1n y San Luis<\/strong>. Es presidente del board de la C\u00e1mara Argentina del Man\u00ed, promoviendo la inserci\u00f3n internacional del cultivo.\n<\/p>\n<p><img decoding=\"async\" class=\"aligncenter size-full wp-image-366450\" src=\"http:\/\/nuevacordoba.net\/wp-content\/uploads\/2024\/10\/empresario-2024-conoce-la-terna-de-el-empresario-del-ano.png\" alt width=\"1280\" height=\"720\" srcset=\"http:\/\/nuevacordoba.net\/wp-content\/uploads\/2024\/10\/empresario-2024-conoce-la-terna-de-el-empresario-del-ano.png 1280w, http:\/\/nuevacordoba.net\/wp-content\/uploads\/2024\/10\/empresario-2024-conoce-la-terna-de-el-empresario-del-ano-1.png 300w, http:\/\/nuevacordoba.net\/wp-content\/uploads\/2024\/10\/empresario-2024-conoce-la-terna-de-el-empresario-del-ano-2.png 1024w, http:\/\/nuevacordoba.net\/wp-content\/uploads\/2024\/10\/empresario-2024-conoce-la-terna-de-el-empresario-del-ano-3.png 768w, http:\/\/nuevacordoba.net\/wp-content\/uploads\/2024\/10\/empresario-2024-conoce-la-terna-de-el-empresario-del-ano-4.png 750w, http:\/\/nuevacordoba.net\/wp-content\/uploads\/2024\/10\/empresario-2024-conoce-la-terna-de-el-empresario-del-ano-5.png 1140w\" sizes=\"(max-width: 1280px) 100vw, 1280px\" loading=\"lazy\">\n<\/p>\n<p><strong>Sebasti\u00e1n Parra (Familia Parra)<\/strong>\n<\/p>\n<p>Como director ejecutivo de Familia Parra,<strong><a href=\"https:\/\/puntoapunto.com.ar\/el-mercado-automotor-muestra-senales-el-impacto-de-la-baja-del-impuesto-pais-y-el-desafio-de-la-financiacion\/\"> Sebasti\u00e1n Parra<\/a> lider\u00f3 la apertura de un nuevo espacio para la comercializaci\u00f3n de motoveh\u00edculos para la marca QJ Motor en C\u00f3rdoba<\/strong>, con una inversi\u00f3n cercana a los <strong>$320 millones.<\/strong> Con esta nueva sucursal, la empresa ampl\u00eda su portafolio de soluciones de movilidad y se consolida como la \u00fanica en la provincia en comercializar productos de esta reconocida marca china. Familia Parra se especializa en la venta de veh\u00edculos 0 km y usados, adem\u00e1s de motos y opciones de movilidad sustentable en C\u00f3rdoba y San Luis.\n<\/p>\n<p>Cumplieron 20 a\u00f1os comercializando Citroen, dando cuenta el respaldo que lograron de una marca internacional. En su rol de dirigente empresario Parra participa como director en Acara y como consejero titular en Adec para el dise\u00f1o de pol\u00edticas p\u00fablicas municipales.\n<\/p>\n<p><img decoding=\"async\" class=\"aligncenter size-full wp-image-338641\" src=\"http:\/\/nuevacordoba.net\/wp-content\/uploads\/2024\/10\/empresario-2024-conoce-la-terna-de-el-empresario-del-ano-1.jpg\" alt width=\"2500\" height=\"1453\" srcset=\"http:\/\/nuevacordoba.net\/wp-content\/uploads\/2024\/10\/empresario-2024-conoce-la-terna-de-el-empresario-del-ano-1.jpg 2500w, http:\/\/nuevacordoba.net\/wp-content\/uploads\/2024\/10\/empresario-2024-conoce-la-terna-de-el-empresario-del-ano-7.jpg 300w, http:\/\/nuevacordoba.net\/wp-content\/uploads\/2024\/10\/empresario-2024-conoce-la-terna-de-el-empresario-del-ano-8.jpg 1024w, http:\/\/nuevacordoba.net\/wp-content\/uploads\/2024\/10\/empresario-2024-conoce-la-terna-de-el-empresario-del-ano-9.jpg 768w, http:\/\/nuevacordoba.net\/wp-content\/uploads\/2024\/10\/empresario-2024-conoce-la-terna-de-el-empresario-del-ano-10.jpg 1536w, http:\/\/nuevacordoba.net\/wp-content\/uploads\/2024\/10\/empresario-2024-conoce-la-terna-de-el-empresario-del-ano-11.jpg 2048w, http:\/\/nuevacordoba.net\/wp-content\/uploads\/2024\/10\/empresario-2024-conoce-la-terna-de-el-empresario-del-ano-12.jpg 750w, http:\/\/nuevacordoba.net\/wp-content\/uploads\/2024\/10\/empresario-2024-conoce-la-terna-de-el-empresario-del-ano-13.jpg 1140w\" sizes=\"(max-width: 2500px) 100vw, 2500px\" loading=\"lazy\">\n<\/p>\n<div class=\"g g-38\">\n<div class=\"g-dyn a-12 c-1\"><a class=\"gofollow\" data-track=\"MTIsMzgsMSw2MA==\" href=\"https:\/\/hospitalprivado.com.ar\/blog\/institucional\/somos-la-primera-institucion-del-interior-del-pais-en-acreditar-joint-commission-international.html\" target=\"_blank\" rel=\"noopener\"><img src=\"http:\/\/nuevacordoba.net\/wp-content\/uploads\/2024\/10\/empresario-2024-conoce-la-terna-de-el-empresario-del-ano-1.gif\" loading=\"lazy\"><\/a><\/div>\n<\/div>\n","protected":false},"excerpt":{"rendered":"<p>&nbsp; Juan Santiago (Santex) Su empresa, Santex realiz\u00f3 una inversi\u00f3n de 1,5 millones de d\u00f3lares en Santex Lab, un laboratorio de inteligencia artificial destinado a generar nuevos negocios en colaboraci\u00f3n con los clientes. La firma tecnol\u00f3gica cuenta con 1.000 colaboradores, 600 de ellos en Argentina, y tiene presencia en 18 pa\u00edses y m\u00e1s de 100 [&hellip;]<\/p>\n","protected":false},"author":1,"featured_media":50248,"comment_status":"open","ping_status":"closed","sticky":false,"template":"","format":"standard","meta":[],"categories":[14],"tags":[],"_links":{"self":[{"href":"http:\/\/nuevacordoba.net\/index.php\/wp-json\/wp\/v2\/posts\/50247"}],"collection":[{"href":"http:\/\/nuevacordoba.net\/index.php\/wp-json\/wp\/v2\/posts"}],"about":[{"href":"http:\/\/nuevacordoba.net\/index.php\/wp-json\/wp\/v2\/types\/post"}],"author":[{"embeddable":true,"href":"http:\/\/nuevacordoba.net\/index.php\/wp-json\/wp\/v2\/users\/1"}],"replies":[{"embeddable":true,"href":"http:\/\/nuevacordoba.net\/index.php\/wp-json\/wp\/v2\/comments?post=50247"}],"version-history":[{"count":0,"href":"http:\/\/nuevacordoba.net\/index.php\/wp-json\/wp\/v2\/posts\/50247\/revisions"}],"wp:featuredmedia":[{"embeddable":true,"href":"http:\/\/nuevacordoba.net\/index.php\/wp-json\/wp\/v2\/media\/50248"}],"wp:attachment":[{"href":"http:\/\/nuevacordoba.net\/index.php\/wp-json\/wp\/v2\/media?parent=50247"}],"wp:term":[{"taxonomy":"category","embeddable":true,"href":"http:\/\/nuevacordoba.net\/index.php\/wp-json\/wp\/v2\/categories?post=50247"},{"taxonomy":"post_tag","embeddable":true,"href":"http:\/\/nuevacordoba.net\/index.php\/wp-json\/wp\/v2\/tags?post=50247"}],"curies":[{"name":"wp","href":"https:\/\/api.w.org\/{rel}","templated":true}]}}