{"id":5026,"date":"2021-05-28T05:16:56","date_gmt":"2021-05-28T05:16:56","guid":{"rendered":"http:\/\/estaciontrip.com.ar\/?p=5733"},"modified":"2021-05-28T05:16:56","modified_gmt":"2021-05-28T05:16:56","slug":"valeria-mazza-y-cholo-simeone-embajadores-del-turismo-elegidos-por-la-omt","status":"publish","type":"post","link":"http:\/\/nuevacordoba.net\/index.php\/2021\/05\/28\/valeria-mazza-y-cholo-simeone-embajadores-del-turismo-elegidos-por-la-omt\/","title":{"rendered":"Valeria Mazza y Cholo Simeone, embajadores del Turismo elegidos por la OMT"},"content":{"rendered":"<p>Para celebrar el regreso de FITUR, la Organizaci\u00f3n Mundial del Turismo reuni\u00f3 en el Magnifico Teatro Real de Madrid a l\u00edderes de los sectores p\u00fablico y privado para anunciar que el turismo est\u00e1 listo para volver.<\/p>\n<p>En el evento, el secretario general, Zurab Pololikashvili, entreg\u00f3 los diplomas de Embajadores del Turismo a los argentinos Valeria Mazza y Diego Cholo Simeone.<\/p>\n<p>El sector reunido en Madrid transmiti\u00f3 un fuerte mensaje mostrando una total disposici\u00f3n para reiniciar la actividad tan pronto como las condiciones lo permitan.<\/p>\n<p>En la apertura el directivo de la OMT manifest\u00f3 que \u201cahora es el momento de la ambici\u00f3n y los pasos audaces, la decisi\u00f3n de acoger FITUR es el tipo de audacia que necesitamos para reactivar el turismo y as\u00ed iniciar una recuperaci\u00f3n m\u00e1s amplia. Y esta demostraci\u00f3n de unidad es el tipo de cooperaci\u00f3n que necesitamos para reiniciar el turismo de una manera coordinada y responsable, en beneficio de muchos millones de personas en todo el mundo\u201d.<\/p>\n<p>En el evento, la modelo y empresaria, Valeria Mazza agradeci\u00f3 la distinci\u00f3n, se comprometi\u00f3 a colaborar y retransmitir los mensajes de la organizaci\u00f3n por todo el mundo.&nbsp; Lo mismo hizo el ex futbolista y actual director t\u00e9cnico del Atl\u00e9tico de Madrid, Diego Simeone.<\/p>\n<div id=\"envira-gallery-wrap-5735\" class=\"envira-gallery-wrap envira-gallery-theme-base envira-lightbox-theme-base\" itemscope itemtype=\"https:\/\/schema.org\/ImageGallery\">\n<div data-row-height data-gallery-theme id=\"envira-gallery-5735\" class=\"envira-gallery-public envira-gallery-1-columns envira-clear enviratope envira-gallery-css-animations\" data-envira-columns=\"1\">\n<div id=\"envira-gallery-item-5736\" class=\"envira-gallery-item enviratope-item envira-gallery-item-1 envira-lazy-load\" itemscope itemtype=\"https:\/\/schema.org\/ImageObject\">\n<div class=\"envira-gallery-item-inner\"><a href=\"http:\/\/nuevacordoba.net\/wp-content\/uploads\/2021\/05\/valeria-mazza-y-cholo-simeone-embajadores-del-turismo-elegidos-por-la-omt-1.jpg\" class=\"envira-gallery-5735 envira-gallery-link\" rel=\"enviragallery5735\" title=\"vale04\" data-envira-caption=\"vale04\" data-envira-retina data-thumbnail itemprop=\"contentUrl\"><\/p>\n<div class=\"envira-lazy\" data-test-width=\"640\" data-test-height=\"480\"><img id=\"envira-gallery-image-5736\" class=\"envira-gallery-image envira-gallery-image-1\" data-envira-index=\"1\" src=\"http:\/\/nuevacordoba.net\/wp-content\/uploads\/2021\/05\/valeria-mazza-y-cholo-simeone-embajadores-del-turismo-elegidos-por-la-omt.jpg\" data-envira-src=\"http:\/\/nuevacordoba.net\/wp-content\/uploads\/2021\/05\/valeria-mazza-y-cholo-simeone-embajadores-del-turismo-elegidos-por-la-omt.jpg\" data-envira-gallery-id=\"5735\" data-envira-item-id=\"5736\" data-envira-caption=\"vale04\" alt title=\"vale04\" itemprop=\"thumbnailUrl\" data-envira-srcset=\"http:\/\/nuevacordoba.net\/wp-content\/uploads\/2021\/05\/valeria-mazza-y-cholo-simeone-embajadores-del-turismo-elegidos-por-la-omt.jpg 400w,http:\/\/nuevacordoba.net\/wp-content\/uploads\/2021\/05\/valeria-mazza-y-cholo-simeone-embajadores-del-turismo-elegidos-por-la-omt.jpg 2x\" srcset=\"data:image\/gif;base64,R0lGODlhAQABAIAAAP\/\/\/\/\/\/\/yH5BAEKAAEALAAAAAABAAEAAAICTAEAOw==\"><\/div>\n<p><\/a><\/div>\n<\/div>\n<\/div>\n<\/div>\n<p><noscript><img src=\"http:\/\/nuevacordoba.net\/wp-content\/uploads\/2021\/05\/valeria-mazza-y-cholo-simeone-embajadores-del-turismo-elegidos-por-la-omt-1.jpg\" alt><\/noscript> <\/p>\n<p>Acompa\u00f1ada por su marido Alejandro Gavier, luciendo un impecable vestido negro midi y sandalias Carolina Herrera, dijo: \u201cEstoy muy orgullosa de haber recibido el t\u00edtulo de embajadora. Sobre todo porque la industria del turismo ha sido tan afectada por esta pandemia, al igual que muchas otras. Ac\u00e1 en Europa ya se est\u00e1 viviendo la pospandemia y estoy segura de que esto es lo que va a suceder despu\u00e9s del invierno en Argentina. Me parece importante entonces empezar a pensar en c\u00f3mo se va a empezar a reactivar el turismo, algo que tiene consecuencia directa en millones de empleos. Hablar de turismo es desde los hoteles a los medios de transporte, restaurantes y todas las actividades vinculadas al rubro. Estoy muy feliz y con ganas de trabajar\u201c, concluy\u00f3.<\/p>\n<p>El primer paso de Valeria Mazza como embajadora ser\u00e1 integrar la comitiva oficial de la OMT que abrir\u00e1 oficinas en Arabia Saudita, en un acontecimiento hist\u00f3rico.<\/p>\n","protected":false},"excerpt":{"rendered":"<p>Para celebrar el regreso de FITUR, la Organizaci\u00f3n Mundial del Turismo reuni\u00f3 en el Magnifico Teatro Real de Madrid a l\u00edderes de los sectores p\u00fablico y privado para anunciar que el turismo est\u00e1 listo para volver. En el evento, el secretario general, Zurab Pololikashvili, entreg\u00f3 los diplomas de Embajadores del Turismo a los argentinos Valeria [&hellip;]<\/p>\n","protected":false},"author":1,"featured_media":5027,"comment_status":"closed","ping_status":"closed","sticky":false,"template":"","format":"standard","meta":[],"categories":[11],"tags":[],"_links":{"self":[{"href":"http:\/\/nuevacordoba.net\/index.php\/wp-json\/wp\/v2\/posts\/5026"}],"collection":[{"href":"http:\/\/nuevacordoba.net\/index.php\/wp-json\/wp\/v2\/posts"}],"about":[{"href":"http:\/\/nuevacordoba.net\/index.php\/wp-json\/wp\/v2\/types\/post"}],"author":[{"embeddable":true,"href":"http:\/\/nuevacordoba.net\/index.php\/wp-json\/wp\/v2\/users\/1"}],"replies":[{"embeddable":true,"href":"http:\/\/nuevacordoba.net\/index.php\/wp-json\/wp\/v2\/comments?post=5026"}],"version-history":[{"count":0,"href":"http:\/\/nuevacordoba.net\/index.php\/wp-json\/wp\/v2\/posts\/5026\/revisions"}],"wp:featuredmedia":[{"embeddable":true,"href":"http:\/\/nuevacordoba.net\/index.php\/wp-json\/wp\/v2\/media\/5027"}],"wp:attachment":[{"href":"http:\/\/nuevacordoba.net\/index.php\/wp-json\/wp\/v2\/media?parent=5026"}],"wp:term":[{"taxonomy":"category","embeddable":true,"href":"http:\/\/nuevacordoba.net\/index.php\/wp-json\/wp\/v2\/categories?post=5026"},{"taxonomy":"post_tag","embeddable":true,"href":"http:\/\/nuevacordoba.net\/index.php\/wp-json\/wp\/v2\/tags?post=5026"}],"curies":[{"name":"wp","href":"https:\/\/api.w.org\/{rel}","templated":true}]}}