{"id":5028,"date":"2021-05-28T01:24:59","date_gmt":"2021-05-28T01:24:59","guid":{"rendered":"http:\/\/cordobanewsnet.wordpress.com\/?p=5638"},"modified":"2021-05-28T01:24:59","modified_gmt":"2021-05-28T01:24:59","slug":"cordoba-sale-de-la-cuarentena-estricta-y-desde-el-lunes-podran-abrir-comercios","status":"publish","type":"post","link":"http:\/\/nuevacordoba.net\/index.php\/2021\/05\/28\/cordoba-sale-de-la-cuarentena-estricta-y-desde-el-lunes-podran-abrir-comercios\/","title":{"rendered":"C\u00f3rdoba sale de la cuarentena estricta y desde el lunes podr\u00e1n abrir comercios"},"content":{"rendered":"<div><img src=\"http:\/\/nuevacordoba.net\/wp-content\/uploads\/2021\/05\/cordoba-sale-de-la-cuarentena-estricta-y-desde-el-lunes-podran-abrir-comercios.jpg\" class=\"ff-og-image-inserted\"><\/div>\n<p>Seg\u00fan informaron fuentes del Gobierno de la provincia de C\u00f3rdoba desde el lunes 31 cambian las restricciones y terminar\u00eda la cuarentena estricta y <strong>hasta el d\u00eda 11 de junio<\/strong>, regir\u00e1n nuevas medidas sanitarias en medio de la segunda ola del coronavirus que arrasa con fuerza en el territorio cordob\u00e9s.<\/p>\n<p>Despu\u00e9s de una jornada con cifras r\u00e9cord,&nbsp;tanto en la provincia como en Argentina, el Gobierno de C\u00f3rdoba defini\u00f3&nbsp;<strong>c\u00f3mo seguir\u00e1 la situaci\u00f3n a partir del 31 de mayo<\/strong>:<\/p>\n<p><strong>*Educaci\u00f3n:<\/strong>&nbsp;las clases ser\u00e1n presenciales y virtuales, respetando los protocolos. Sin embargo, a\u00fan hay dudas de que el nivel secundario vuelva al aula.<\/p>\n<p><strong>*Actividades extraescolares:&nbsp;<\/strong>para evitar cruces de burbujas, deber\u00e1n seguir bajo modalidad virtual.<\/p>\n<p><strong>*Circulaci\u00f3n nocturna:<\/strong>&nbsp;estar\u00e1 prohibida entre las 19:00 y las 06:00.<\/p>\n<p><strong>*Actividades deportivas:<\/strong>&nbsp;quedar\u00e1n habilitadas, pero no las de car\u00e1cter competitivo.<\/p>\n<p><strong>*Salones de fiesta:&nbsp;<\/strong>continuar\u00e1n cerrados.<\/p>\n<p><strong>*Comercios (esenciales y no esenciales), servicios, shoppings y cines:<\/strong>&nbsp;podr\u00e1n abrir hasta las 19:00.<\/p>\n<p><strong>*Bares y restaurantes:<\/strong>&nbsp;tendr\u00e1n permiso para abrir, pero deber\u00e1n cerrar al p\u00fablico a las 19. Luego, continuar\u00e1n con take away y delivery.<\/p>\n<p><strong>*Oficinas p\u00fablicas y privadas har\u00e1n home office<\/strong>.<\/p>\n<p><strong>*Turismo:&nbsp;<\/strong>las familias volver\u00e1n a vacacionar, pero los viajes grupales y escolares siguen prohibidos.<\/p>\n<div id=\"jp-post-flair\" class=\"sharedaddy sd-like-enabled sd-sharing-enabled\">\n<div class=\"sharedaddy sd-sharing-enabled\">\n<div class=\"robots-nocontent sd-block sd-social sd-social-icon-text sd-sharing\">\n<h3 class=\"sd-title\">Share this:<\/h3>\n<\/div>\n<\/div>\n<div class=\"sharedaddy sd-block sd-like jetpack-likes-widget-wrapper jetpack-likes-widget-unloaded\" id=\"like-post-wrapper-143108178-5638-60b082bdc7a09\" data-src=\"\/\/widgets.wp.com\/likes\/index.html?ver=20210413#blog_id=143108178&amp;post_id=5638&amp;origin=cordobanewsnet.wordpress.com&amp;obj_id=143108178-5638-60b082bdc7a09\" data-name=\"like-post-frame-143108178-5638-60b082bdc7a09\">\n<h3 class=\"sd-title\">Me gusta esto:<\/h3>\n<p><span class=\"button\"><span>Me gusta<\/span><\/span> <span class=\"loading\">Cargando&#8230;<\/span><\/p>\n<p><span class=\"sd-text-color\"><\/span><\/div>\n<p><h3 class=\"jp-relatedposts-headline\"><em>Relacionado<\/em><\/h3>\n<\/p>\n<\/div>\n","protected":false},"excerpt":{"rendered":"<p>Seg\u00fan informaron fuentes del Gobierno de la provincia de C\u00f3rdoba desde el lunes 31 cambian las restricciones y terminar\u00eda la cuarentena estricta y hasta el d\u00eda 11 de junio, regir\u00e1n nuevas medidas sanitarias en medio de la segunda ola del coronavirus que arrasa con fuerza en el territorio cordob\u00e9s. Despu\u00e9s de una jornada con cifras [&hellip;]<\/p>\n","protected":false},"author":1,"featured_media":5029,"comment_status":"closed","ping_status":"closed","sticky":false,"template":"","format":"standard","meta":[],"categories":[14],"tags":[],"_links":{"self":[{"href":"http:\/\/nuevacordoba.net\/index.php\/wp-json\/wp\/v2\/posts\/5028"}],"collection":[{"href":"http:\/\/nuevacordoba.net\/index.php\/wp-json\/wp\/v2\/posts"}],"about":[{"href":"http:\/\/nuevacordoba.net\/index.php\/wp-json\/wp\/v2\/types\/post"}],"author":[{"embeddable":true,"href":"http:\/\/nuevacordoba.net\/index.php\/wp-json\/wp\/v2\/users\/1"}],"replies":[{"embeddable":true,"href":"http:\/\/nuevacordoba.net\/index.php\/wp-json\/wp\/v2\/comments?post=5028"}],"version-history":[{"count":0,"href":"http:\/\/nuevacordoba.net\/index.php\/wp-json\/wp\/v2\/posts\/5028\/revisions"}],"wp:featuredmedia":[{"embeddable":true,"href":"http:\/\/nuevacordoba.net\/index.php\/wp-json\/wp\/v2\/media\/5029"}],"wp:attachment":[{"href":"http:\/\/nuevacordoba.net\/index.php\/wp-json\/wp\/v2\/media?parent=5028"}],"wp:term":[{"taxonomy":"category","embeddable":true,"href":"http:\/\/nuevacordoba.net\/index.php\/wp-json\/wp\/v2\/categories?post=5028"},{"taxonomy":"post_tag","embeddable":true,"href":"http:\/\/nuevacordoba.net\/index.php\/wp-json\/wp\/v2\/tags?post=5028"}],"curies":[{"name":"wp","href":"https:\/\/api.w.org\/{rel}","templated":true}]}}