{"id":50354,"date":"2024-11-04T02:22:26","date_gmt":"2024-11-04T02:22:26","guid":{"rendered":"http:\/\/www.cordobaoutdoor.com.ar\/?p=2030"},"modified":"2024-11-04T02:22:26","modified_gmt":"2024-11-04T02:22:26","slug":"pluralidad-y-dialogo-el-concejo-deliberante-ejemplo-de-sintonia-politica","status":"publish","type":"post","link":"http:\/\/nuevacordoba.net\/index.php\/2024\/11\/04\/pluralidad-y-dialogo-el-concejo-deliberante-ejemplo-de-sintonia-politica\/","title":{"rendered":"Pluralidad y Di\u00e1logo: El Concejo Deliberante, ejemplo de sinton\u00eda pol\u00edtica"},"content":{"rendered":"<div class=\"flex-shrink-0 flex flex-col relative items-end\">\n<div class=\"pt-0\">\n<div class=\"gizmo-bot-avatar flex h-8 w-8 items-center justify-center overflow-hidden rounded-full\">\n<div class=\"relative p-1 rounded-sm flex items-center justify-center bg-token-main-surface-primary text-token-text-primary h-8 w-8\">\n<p>El Concejo Deliberante de C\u00f3rdoba mostr\u00f3 un ejemplo excepcional de unidad pol\u00edtica al aprobar por unanimidad un proyecto presentado por la Uni\u00f3n C\u00edvica Radical (UCR) que establece un sistema de capacitaci\u00f3n obligatoria para empleados y funcionarios municipales en materia de Salud Mental y Consumos Problem\u00e1ticos. Este proyecto, impulsado por el viceintendente Javier Pretto, busca promover un enfoque de derechos y bienestar para los empleados y la comunidad.<\/p>\n<p>La sesi\u00f3n del Concejo Deliberante se caracteriz\u00f3 por una din\u00e1mica de colaboraci\u00f3n que marc\u00f3 una notable diferencia respecto a la Legislatura unicameral. Mientras en el Concejo, los concejales lograron trabajar en conjunto y construir consensos, en la Legislatura unicameral predominan las fricciones y desacuerdos entre oficialismo y oposici\u00f3n, lo que frecuentemente obstaculiza el di\u00e1logo y el avance en temas clave. Esta diferencia evidencia el potencial de un enfoque colaborativo para abordar asuntos p\u00fablicos de manera m\u00e1s efectiva y alcanzar acuerdos que beneficien a la comunidad en su conjunto.<\/p>\n<p><img loading=\"lazy\" class=\"aligncenter size-full wp-image-2045\" src=\"http:\/\/nuevacordoba.net\/wp-content\/uploads\/2024\/11\/pluralidad-y-dialogo-el-concejo-deliberante-ejemplo-de-sintonia-politica.jpg\" alt width=\"3000\" height=\"2000\" srcset=\"http:\/\/nuevacordoba.net\/wp-content\/uploads\/2024\/11\/pluralidad-y-dialogo-el-concejo-deliberante-ejemplo-de-sintonia-politica.jpg 3000w, http:\/\/nuevacordoba.net\/wp-content\/uploads\/2024\/11\/pluralidad-y-dialogo-el-concejo-deliberante-ejemplo-de-sintonia-politica-2.jpg 300w, http:\/\/nuevacordoba.net\/wp-content\/uploads\/2024\/11\/pluralidad-y-dialogo-el-concejo-deliberante-ejemplo-de-sintonia-politica-3.jpg 768w, http:\/\/nuevacordoba.net\/wp-content\/uploads\/2024\/11\/pluralidad-y-dialogo-el-concejo-deliberante-ejemplo-de-sintonia-politica-4.jpg 1024w, http:\/\/nuevacordoba.net\/wp-content\/uploads\/2024\/11\/pluralidad-y-dialogo-el-concejo-deliberante-ejemplo-de-sintonia-politica-5.jpg 421w, http:\/\/nuevacordoba.net\/wp-content\/uploads\/2024\/11\/pluralidad-y-dialogo-el-concejo-deliberante-ejemplo-de-sintonia-politica-6.jpg 272w\" sizes=\"(max-width: 3000px) 100vw, 3000px\"><\/p>\n<p><span>La iniciativa contempla varios aspectos clave. En primer lugar, establece una capacitaci\u00f3n obligatoria en Salud Mental y Consumos Problem\u00e1ticos para todos los empleados y funcionarios municipales. Adem\u00e1s, promueve un enfoque de derechos y bienestar, beneficiando tanto a los empleados como a la comunidad. Finalmente, su aprobaci\u00f3n un\u00e1nime destaca la capacidad de trabajo en equipo entre el oficialismo y la oposici\u00f3n, demostrando una colaboraci\u00f3n pol\u00edtica significativa.<\/span><\/p>\n<p>Este enfoque cooperativo es especialmente relevante en un contexto pol\u00edtico donde la polarizaci\u00f3n es com\u00fan, as\u00ed el Concejo Deliberante de C\u00f3rdoba muestra que es posible trabajar juntos en beneficio de la comunidad.<\/p>\n<p><span>Este estilo de gesti\u00f3n es impulsado por el propio viceintendente Javier Pretto, quien est\u00e1 convencido de la necesidad de aunar esfuerzos en temas de gran inter\u00e9s para los vecinos. \u201cJavier es un dialoguista nato, abierto a opiniones y proyectos de otros bloques, que luego se enriquecen con la participaci\u00f3n de sus propios concejales y el aporte de funcionarios del Ejecutivo\u201d, comentan en los pasillos de la nueva sede del Concejo.<br \/><\/span><\/p>\n<p><img loading=\"lazy\" class=\"aligncenter size-full wp-image-2047\" src=\"http:\/\/nuevacordoba.net\/wp-content\/uploads\/2024\/11\/pluralidad-y-dialogo-el-concejo-deliberante-ejemplo-de-sintonia-politica-1.jpg\" alt width=\"3000\" height=\"2000\" srcset=\"http:\/\/nuevacordoba.net\/wp-content\/uploads\/2024\/11\/pluralidad-y-dialogo-el-concejo-deliberante-ejemplo-de-sintonia-politica-1.jpg 3000w, http:\/\/nuevacordoba.net\/wp-content\/uploads\/2024\/11\/pluralidad-y-dialogo-el-concejo-deliberante-ejemplo-de-sintonia-politica-7.jpg 300w, http:\/\/nuevacordoba.net\/wp-content\/uploads\/2024\/11\/pluralidad-y-dialogo-el-concejo-deliberante-ejemplo-de-sintonia-politica-8.jpg 768w, http:\/\/nuevacordoba.net\/wp-content\/uploads\/2024\/11\/pluralidad-y-dialogo-el-concejo-deliberante-ejemplo-de-sintonia-politica-9.jpg 1024w, http:\/\/nuevacordoba.net\/wp-content\/uploads\/2024\/11\/pluralidad-y-dialogo-el-concejo-deliberante-ejemplo-de-sintonia-politica-10.jpg 421w, http:\/\/nuevacordoba.net\/wp-content\/uploads\/2024\/11\/pluralidad-y-dialogo-el-concejo-deliberante-ejemplo-de-sintonia-politica-11.jpg 272w\" sizes=\"(max-width: 3000px) 100vw, 3000px\"><\/p>\n<p><span>Este clima de buena convivencia se hizo evidente con la presencia en el recinto del subsecretario de Salud Mental y Adicciones, Lucas Torrice, junto a gran parte de su equipo de trabajo, quienes asistieron para apoyar la sanci\u00f3n del proyecto.<\/span><\/p>\n<\/div>\n<\/div>\n<\/div>\n<\/div>\n<div class=\"group\/conversation-turn relative flex w-full min-w-0 flex-col agent-turn\">\n<div class=\"flex-col gap-1 md:gap-3\">\n<div class=\"flex max-w-full flex-col flex-grow\">\n<div class=\"min-h-8 text-message flex w-full flex-col items-end gap-2 whitespace-normal break-words [.text-message+&amp;]:mt-5\" dir=\"auto\" data-message-author-role=\"assistant\" data-message-id=\"27239da0-c170-4b48-a139-b5099910f334\" data-message-model-slug=\"gpt-4o\">\n<div class=\"flex w-full flex-col gap-1 empty:hidden first:pt-[3px]\">\n<div class=\"markdown prose w-full break-words dark:prose-invert dark\">\n<p>En el Concejo, la diversidad de opiniones y el respeto por todas las voces se han convertido en pilares de su funcionamiento, impulsados por el estilo de gesti\u00f3n del viceintendente Javier Pretto. Este enfoque busca fomentar el di\u00e1logo y el consenso entre las diferentes fuerzas pol\u00edticas, permitiendo que cada sector tenga la oportunidad de expresar sus perspectivas y contribuir al proceso de toma de decisiones. La apertura al debate y la disposici\u00f3n a escuchar son valores que Pretto ha promovido activamente, generando un ambiente de trabajo colaborativo y en sinton\u00eda con las demandas de la ciudadan\u00eda.<\/p>\n<\/p><\/div>\n<\/div>\n<\/div>\n<\/div>\n<\/div>\n<\/div>\n","protected":false},"excerpt":{"rendered":"<p>El Concejo Deliberante de C\u00f3rdoba mostr\u00f3 un ejemplo excepcional de unidad pol\u00edtica al aprobar por unanimidad un proyecto presentado por la Uni\u00f3n C\u00edvica Radical (UCR) que establece un sistema de capacitaci\u00f3n obligatoria para empleados y funcionarios municipales en materia de Salud Mental y Consumos Problem\u00e1ticos. Este proyecto, impulsado por el viceintendente Javier Pretto, busca promover [&hellip;]<\/p>\n","protected":false},"author":1,"featured_media":50355,"comment_status":"closed","ping_status":"closed","sticky":false,"template":"","format":"standard","meta":[],"categories":[11],"tags":[],"_links":{"self":[{"href":"http:\/\/nuevacordoba.net\/index.php\/wp-json\/wp\/v2\/posts\/50354"}],"collection":[{"href":"http:\/\/nuevacordoba.net\/index.php\/wp-json\/wp\/v2\/posts"}],"about":[{"href":"http:\/\/nuevacordoba.net\/index.php\/wp-json\/wp\/v2\/types\/post"}],"author":[{"embeddable":true,"href":"http:\/\/nuevacordoba.net\/index.php\/wp-json\/wp\/v2\/users\/1"}],"replies":[{"embeddable":true,"href":"http:\/\/nuevacordoba.net\/index.php\/wp-json\/wp\/v2\/comments?post=50354"}],"version-history":[{"count":0,"href":"http:\/\/nuevacordoba.net\/index.php\/wp-json\/wp\/v2\/posts\/50354\/revisions"}],"wp:featuredmedia":[{"embeddable":true,"href":"http:\/\/nuevacordoba.net\/index.php\/wp-json\/wp\/v2\/media\/50355"}],"wp:attachment":[{"href":"http:\/\/nuevacordoba.net\/index.php\/wp-json\/wp\/v2\/media?parent=50354"}],"wp:term":[{"taxonomy":"category","embeddable":true,"href":"http:\/\/nuevacordoba.net\/index.php\/wp-json\/wp\/v2\/categories?post=50354"},{"taxonomy":"post_tag","embeddable":true,"href":"http:\/\/nuevacordoba.net\/index.php\/wp-json\/wp\/v2\/tags?post=50354"}],"curies":[{"name":"wp","href":"https:\/\/api.w.org\/{rel}","templated":true}]}}