{"id":50392,"date":"2024-11-04T14:40:15","date_gmt":"2024-11-04T14:40:15","guid":{"rendered":"http:\/\/cordobanewsnet.wordpress.com\/?p=12065"},"modified":"2024-11-04T14:40:15","modified_gmt":"2024-11-04T14:40:15","slug":"el-viceintendente-de-cordoba-javier-pretto-dio-un-nuevo-paso-hacia-el-corazon-de-la-seccional-9na","status":"publish","type":"post","link":"http:\/\/nuevacordoba.net\/index.php\/2024\/11\/04\/el-viceintendente-de-cordoba-javier-pretto-dio-un-nuevo-paso-hacia-el-corazon-de-la-seccional-9na\/","title":{"rendered":"El viceintendente de C\u00f3rdoba, Javier Pretto, dio un nuevo paso hacia el coraz\u00f3n de la Secci\u00f3nal 9na"},"content":{"rendered":"<p><!-- \/featured-media --> <\/p>\n<div class=\"post-content clear\" readability=\"41.492753623188\">\n<p>Este s\u00e1bado se reuni\u00f3 con un grupo de unas 180 mujeres influyentes de Villa Cabrera. Provenientes del sector privado y de distintas organizaciones. Estas vecinas se acercaron para conocer el proyecto pol\u00edtico y poder participar en un encuentro cargado de intercambio y visi\u00f3n compartida. En un ambiente de genuina camarader\u00eda, cada una tuvo la oportunidad de conocer m\u00e1s de cerca al l\u00edder que busca hacer de C\u00f3rdoba una ciudad unida. Desde preguntas personales para entender su historia hasta reflexiones sobre su habilidad para forjar acuerdos en el Concejo Deliberante, las asistentes resaltaron el compromiso de Pretto por trascender divisiones y trabajar en pos del bien com\u00fan. Este acercamiento fue mucho m\u00e1s que una simple reuni\u00f3n: fue un s\u00edmbolo de la construcci\u00f3n de puentes entre la pol\u00edtica y la comunidad. Inspiradas, muchas de estas mujeres asumieron el compromiso de organizar encuentros m\u00e1s \u00edntimos en sus propios barrios, extendiendo la red de participaci\u00f3n ciudadana que encabeza Pretto. As\u00ed, paso a paso, el viceintendente fortalece su conexi\u00f3n con las vecinas de C\u00f3rdoba, reafirmando su visi\u00f3n de una ciudad construida desde y para su gente.<\/p>\n<figure class=\"wp-block-image size-large\"><img loading=\"lazy\" data-attachment-id=\"12067\" data-permalink=\"https:\/\/cordobanewsnet.wordpress.com\/2024\/11\/04\/el-viceintendente-de-cordoba-javier-pretto-dio-un-nuevo-paso-hacia-el-corazon-de-la-seccional-9na\/photo-2024-11-03-19-40-13\/\" data-orig-file=\"https:\/\/cordobanewsnet.wordpress.com\/wp-content\/uploads\/2024\/11\/photo-2024-11-03-19-40-13.jpg\" data-orig-size=\"4160,2774\" data-comments-opened=\"1\" data-image-meta=\"{&quot;aperture&quot;:&quot;0&quot;,&quot;credit&quot;:&quot;&quot;,&quot;camera&quot;:&quot;&quot;,&quot;caption&quot;:&quot;&quot;,&quot;created_timestamp&quot;:&quot;0&quot;,&quot;copyright&quot;:&quot;&quot;,&quot;focal_length&quot;:&quot;0&quot;,&quot;iso&quot;:&quot;0&quot;,&quot;shutter_speed&quot;:&quot;0&quot;,&quot;title&quot;:&quot;&quot;,&quot;orientation&quot;:&quot;0&quot;}\" data-image-title=\"PHOTO-2024-11-03-19-40-13\" data-image-description data-image-caption data-medium-file=\"https:\/\/cordobanewsnet.wordpress.com\/wp-content\/uploads\/2024\/11\/photo-2024-11-03-19-40-13.jpg?w=300\" data-large-file=\"https:\/\/cordobanewsnet.wordpress.com\/wp-content\/uploads\/2024\/11\/photo-2024-11-03-19-40-13.jpg?w=736\" width=\"1024\" height=\"682\" src=\"http:\/\/nuevacordoba.net\/wp-content\/uploads\/2024\/11\/el-viceintendente-de-cordoba-javier-pretto-dio-un-nuevo-paso-hacia-el-corazon-de-la-seccional-9na.jpg\" alt class=\"wp-image-12067\"><\/figure>\n<figure class=\"wp-block-image size-large\"><img loading=\"lazy\" data-attachment-id=\"12069\" data-permalink=\"https:\/\/cordobanewsnet.wordpress.com\/2024\/11\/04\/el-viceintendente-de-cordoba-javier-pretto-dio-un-nuevo-paso-hacia-el-corazon-de-la-seccional-9na\/photo-2024-11-03-19-40-13-1\/\" data-orig-file=\"https:\/\/cordobanewsnet.wordpress.com\/wp-content\/uploads\/2024\/11\/photo-2024-11-03-19-40-13-1.jpg\" data-orig-size=\"4160,2774\" data-comments-opened=\"1\" data-image-meta=\"{&quot;aperture&quot;:&quot;0&quot;,&quot;credit&quot;:&quot;&quot;,&quot;camera&quot;:&quot;&quot;,&quot;caption&quot;:&quot;&quot;,&quot;created_timestamp&quot;:&quot;0&quot;,&quot;copyright&quot;:&quot;&quot;,&quot;focal_length&quot;:&quot;0&quot;,&quot;iso&quot;:&quot;0&quot;,&quot;shutter_speed&quot;:&quot;0&quot;,&quot;title&quot;:&quot;&quot;,&quot;orientation&quot;:&quot;0&quot;}\" data-image-title=\"PHOTO-2024-11-03-19-40-13 (1)\" data-image-description data-image-caption data-medium-file=\"https:\/\/cordobanewsnet.wordpress.com\/wp-content\/uploads\/2024\/11\/photo-2024-11-03-19-40-13-1.jpg?w=300\" data-large-file=\"https:\/\/cordobanewsnet.wordpress.com\/wp-content\/uploads\/2024\/11\/photo-2024-11-03-19-40-13-1.jpg?w=736\" width=\"1024\" height=\"682\" src=\"http:\/\/nuevacordoba.net\/wp-content\/uploads\/2024\/11\/el-viceintendente-de-cordoba-javier-pretto-dio-un-nuevo-paso-hacia-el-corazon-de-la-seccional-9na-1.jpg\" alt class=\"wp-image-12069\"><\/figure>\n<figure class=\"wp-block-image size-large\"><img loading=\"lazy\" data-attachment-id=\"12071\" data-permalink=\"https:\/\/cordobanewsnet.wordpress.com\/2024\/11\/04\/el-viceintendente-de-cordoba-javier-pretto-dio-un-nuevo-paso-hacia-el-corazon-de-la-seccional-9na\/photo-2024-11-03-19-40-13-2\/\" data-orig-file=\"https:\/\/cordobanewsnet.wordpress.com\/wp-content\/uploads\/2024\/11\/photo-2024-11-03-19-40-13-2.jpg\" data-orig-size=\"4160,2774\" data-comments-opened=\"1\" data-image-meta=\"{&quot;aperture&quot;:&quot;0&quot;,&quot;credit&quot;:&quot;&quot;,&quot;camera&quot;:&quot;&quot;,&quot;caption&quot;:&quot;&quot;,&quot;created_timestamp&quot;:&quot;0&quot;,&quot;copyright&quot;:&quot;&quot;,&quot;focal_length&quot;:&quot;0&quot;,&quot;iso&quot;:&quot;0&quot;,&quot;shutter_speed&quot;:&quot;0&quot;,&quot;title&quot;:&quot;&quot;,&quot;orientation&quot;:&quot;0&quot;}\" data-image-title=\"PHOTO-2024-11-03-19-40-13 (2)\" data-image-description data-image-caption data-medium-file=\"https:\/\/cordobanewsnet.wordpress.com\/wp-content\/uploads\/2024\/11\/photo-2024-11-03-19-40-13-2.jpg?w=300\" data-large-file=\"https:\/\/cordobanewsnet.wordpress.com\/wp-content\/uploads\/2024\/11\/photo-2024-11-03-19-40-13-2.jpg?w=736\" width=\"1024\" height=\"682\" src=\"http:\/\/nuevacordoba.net\/wp-content\/uploads\/2024\/11\/el-viceintendente-de-cordoba-javier-pretto-dio-un-nuevo-paso-hacia-el-corazon-de-la-seccional-9na-2.jpg\" alt class=\"wp-image-12071\"><\/figure>\n<figure class=\"wp-block-image size-large\"><img data-attachment-id=\"12072\" data-permalink=\"https:\/\/cordobanewsnet.wordpress.com\/2024\/11\/04\/el-viceintendente-de-cordoba-javier-pretto-dio-un-nuevo-paso-hacia-el-corazon-de-la-seccional-9na\/photo-2024-11-03-19-40-14\/\" data-orig-file=\"https:\/\/cordobanewsnet.wordpress.com\/wp-content\/uploads\/2024\/11\/photo-2024-11-03-19-40-14.jpg\" data-orig-size=\"4160,2774\" data-comments-opened=\"1\" data-image-meta=\"{&quot;aperture&quot;:&quot;0&quot;,&quot;credit&quot;:&quot;&quot;,&quot;camera&quot;:&quot;&quot;,&quot;caption&quot;:&quot;&quot;,&quot;created_timestamp&quot;:&quot;0&quot;,&quot;copyright&quot;:&quot;&quot;,&quot;focal_length&quot;:&quot;0&quot;,&quot;iso&quot;:&quot;0&quot;,&quot;shutter_speed&quot;:&quot;0&quot;,&quot;title&quot;:&quot;&quot;,&quot;orientation&quot;:&quot;0&quot;}\" data-image-title=\"PHOTO-2024-11-03-19-40-14\" data-image-description data-image-caption data-medium-file=\"https:\/\/cordobanewsnet.wordpress.com\/wp-content\/uploads\/2024\/11\/photo-2024-11-03-19-40-14.jpg?w=300\" data-large-file=\"https:\/\/cordobanewsnet.wordpress.com\/wp-content\/uploads\/2024\/11\/photo-2024-11-03-19-40-14.jpg?w=736\" loading=\"lazy\" width=\"1024\" height=\"682\" src=\"http:\/\/nuevacordoba.net\/wp-content\/uploads\/2024\/11\/el-viceintendente-de-cordoba-javier-pretto-dio-un-nuevo-paso-hacia-el-corazon-de-la-seccional-9na-3.jpg\" alt class=\"wp-image-12072\"><\/figure>\n<p> <span id=\"wordads-inline-marker\"><\/span> <\/p>\n<div id=\"jp-post-flair\" class=\"sharedaddy sd-like-enabled sd-sharing-enabled\">\n<div class=\"sharedaddy sd-sharing-enabled\">\n<div class=\"robots-nocontent sd-block sd-social sd-social-icon-text sd-sharing\">\n<h3 class=\"sd-title\">Comparte esto:<\/h3>\n<\/div>\n<\/div>\n<div class=\"sharedaddy sd-block sd-like jetpack-likes-widget-wrapper jetpack-likes-widget-unloaded\" id=\"like-post-wrapper-143108178-12065-6729a6303e7de\" data-src=\"\/\/widgets.wp.com\/likes\/index.html?ver=20241105#blog_id=143108178&amp;post_id=12065&amp;origin=cordobanewsnet.wordpress.com&amp;obj_id=143108178-12065-6729a6303e7de\" data-name=\"like-post-frame-143108178-12065-6729a6303e7de\" data-title=\"Me gusta o Compartir\">\n<p><span class=\"button\"><span>Me gusta<\/span><\/span> <span class=\"loading\">Cargando&#8230;<\/span><\/p>\n<p><span class=\"sd-text-color\"><\/span><\/div>\n<p><h3 class=\"jp-relatedposts-headline\"><em>Relacionado<\/em><\/h3>\n<\/p>\n<\/div><\/div>\n<p><!--\/.post-content--> <\/p>\n<footer class=\"post-meta-container clear\" readability=\"0.33173076923077\">\n<div class=\"entry-author author-avatar-show\" readability=\"13.114754098361\">\n<div class=\"author-avatar\"> <img alt src=\"http:\/\/nuevacordoba.net\/wp-content\/uploads\/2024\/11\/el-viceintendente-de-cordoba-javier-pretto-dio-un-nuevo-paso-hacia-el-corazon-de-la-seccional-9na.png\" srcset=\"http:\/\/nuevacordoba.net\/wp-content\/uploads\/2024\/11\/el-viceintendente-de-cordoba-javier-pretto-dio-un-nuevo-paso-hacia-el-corazon-de-la-seccional-9na.png 1x, http:\/\/nuevacordoba.net\/wp-content\/uploads\/2024\/11\/el-viceintendente-de-cordoba-javier-pretto-dio-un-nuevo-paso-hacia-el-corazon-de-la-seccional-9na-1.png 1.5x, http:\/\/nuevacordoba.net\/wp-content\/uploads\/2024\/11\/el-viceintendente-de-cordoba-javier-pretto-dio-un-nuevo-paso-hacia-el-corazon-de-la-seccional-9na-2.png 2x, http:\/\/nuevacordoba.net\/wp-content\/uploads\/2024\/11\/el-viceintendente-de-cordoba-javier-pretto-dio-un-nuevo-paso-hacia-el-corazon-de-la-seccional-9na-3.png 3x, http:\/\/nuevacordoba.net\/wp-content\/uploads\/2024\/11\/el-viceintendente-de-cordoba-javier-pretto-dio-un-nuevo-paso-hacia-el-corazon-de-la-seccional-9na-4.png 4x\" class=\"avatar avatar-90\" height=\"90\" width=\"90\" loading=\"lazy\" decoding=\"async\"> <\/div>\n<p><!-- .author-avatar --> <\/p>\n<p><h2 class=\"author-title\"> Publicado por <span class=\"author-name\">Redacci\u00f3n<\/span> <\/h2>\n<\/p>\n<p><!-- .author-heading --> <\/p>\n<p class=\"author-bio\"> <a class=\"author-link\" href=\"https:\/\/cordobanewsnet.wordpress.com\/author\/prettomatias\/\" rel=\"author\"> Ver todas las entradas de Redacci\u00f3n <\/a> <\/p>\n<p><!-- .author-bio --> <\/div>\n<p><!-- .entry-auhtor --> <\/footer>\n<p> <!-- \/post-meta-container --> <!-- #respond --> <\/p>\n","protected":false},"excerpt":{"rendered":"<p>Este s\u00e1bado se reuni\u00f3 con un grupo de unas 180 mujeres influyentes de Villa Cabrera. Provenientes del sector privado y de distintas organizaciones. Estas vecinas se acercaron para conocer el proyecto pol\u00edtico y poder participar en un encuentro cargado de intercambio y visi\u00f3n compartida. En un ambiente de genuina camarader\u00eda, cada una tuvo la oportunidad [&hellip;]<\/p>\n","protected":false},"author":1,"featured_media":50393,"comment_status":"closed","ping_status":"closed","sticky":false,"template":"","format":"standard","meta":[],"categories":[14],"tags":[],"_links":{"self":[{"href":"http:\/\/nuevacordoba.net\/index.php\/wp-json\/wp\/v2\/posts\/50392"}],"collection":[{"href":"http:\/\/nuevacordoba.net\/index.php\/wp-json\/wp\/v2\/posts"}],"about":[{"href":"http:\/\/nuevacordoba.net\/index.php\/wp-json\/wp\/v2\/types\/post"}],"author":[{"embeddable":true,"href":"http:\/\/nuevacordoba.net\/index.php\/wp-json\/wp\/v2\/users\/1"}],"replies":[{"embeddable":true,"href":"http:\/\/nuevacordoba.net\/index.php\/wp-json\/wp\/v2\/comments?post=50392"}],"version-history":[{"count":0,"href":"http:\/\/nuevacordoba.net\/index.php\/wp-json\/wp\/v2\/posts\/50392\/revisions"}],"wp:featuredmedia":[{"embeddable":true,"href":"http:\/\/nuevacordoba.net\/index.php\/wp-json\/wp\/v2\/media\/50393"}],"wp:attachment":[{"href":"http:\/\/nuevacordoba.net\/index.php\/wp-json\/wp\/v2\/media?parent=50392"}],"wp:term":[{"taxonomy":"category","embeddable":true,"href":"http:\/\/nuevacordoba.net\/index.php\/wp-json\/wp\/v2\/categories?post=50392"},{"taxonomy":"post_tag","embeddable":true,"href":"http:\/\/nuevacordoba.net\/index.php\/wp-json\/wp\/v2\/tags?post=50392"}],"curies":[{"name":"wp","href":"https:\/\/api.w.org\/{rel}","templated":true}]}}