{"id":50549,"date":"2024-11-08T23:31:36","date_gmt":"2024-11-08T23:31:36","guid":{"rendered":"https:\/\/cordoba.gob.ar\/?p=63796"},"modified":"2024-11-08T23:31:36","modified_gmt":"2024-11-08T23:31:36","slug":"el-ente-metropolitano-cordoba-se-integra-a-la-agencia-para-el-desarrollo-economico-de-cordoba-adec","status":"publish","type":"post","link":"http:\/\/nuevacordoba.net\/index.php\/2024\/11\/08\/el-ente-metropolitano-cordoba-se-integra-a-la-agencia-para-el-desarrollo-economico-de-cordoba-adec\/","title":{"rendered":"El Ente Metropolitano C\u00f3rdoba se integra a la Agencia para el Desarrollo Econ\u00f3mico de C\u00f3rdoba (ADEC)"},"content":{"rendered":"<div><img src=\"http:\/\/nuevacordoba.net\/wp-content\/uploads\/2024\/11\/el-ente-metropolitano-cordoba-se-integra-a-la-agencia-para-el-desarrollo-economico-de-cordoba-adec.jpg\" class=\"ff-og-image-inserted\"><\/div>\n<ul>\n<li><strong>El acuerdo fue firmado por el intendente Daniel Passerini, sus pares del Ente Metropolitano, el titular de ese organismo, Rodrigo Fern\u00e1ndez y las autoridades de ADEC.<\/strong><\/li>\n<li><strong>La incorporaci\u00f3n como socio de la entidad permitir\u00e1 aunar esfuerzos y proyectos que apunten al fortalecimiento del desarrollo econ\u00f3mico, social y ambiental de las localidades que componen la regi\u00f3n metropolitana.<\/strong><\/li>\n<\/ul>\n<hr>\n<p>Este jueves, el Ente Metropolitano C\u00f3rdoba, se incorpor\u00f3 como socio a la Agencia para el Desarrollo Econ\u00f3mico de C\u00f3rdoba (ADEC). Este nuevo hito en la metropolizaci\u00f3n de C\u00f3rdoba facilitar\u00e1 la articulaci\u00f3n p\u00fablica y privada, brindado acceso a herramientas t\u00e9cnicas y para el financiamiento de proyectos en las localidades miembro.<\/p>\n<p>\u201cLa Agencia de Desarrollo C\u00f3rdoba fue creada por uno de los mejores intendentes que tuvo nuestra ciudad que fue Rub\u00e9n Am\u00e9rico Mart\u00ed y con nuestro gobernador hace cuatro a\u00f1os y diez meses, retomamos esa agenda que estuvo por mucho tiempo no priorizada\u201d, expres\u00f3 Passerini y agreg\u00f3: \u201cRetomamos la agenda de la descentralizaci\u00f3n, del cuidado de la casa com\u00fan que es el ambiente y fundamentalmente, la agenda de mirar a la ciudad como un \u00e1rea metropolitana\u201d.<\/p>\n<p>El intendente, y presidente de ADEC, destac\u00f3 la nueva interpretaci\u00f3n de los servicios en clave metropolitana, un enfoque que permitir\u00e1 mejorar la calidad y ampliar la agenda de desarrollo. \u201cTodos los colegas que estamos ac\u00e1 vamos a tener la posibilidad de interactuar y de generar oportunidades para nuestras ciudades, de la posibilidad de una inversi\u00f3n y de crear trabajo\u201d, fundament\u00f3.<\/p>\n<p>Por su parte el presidente del Ente Metropolitano, Rodrigo Fern\u00e1ndez, valor\u00f3 el trabajo conjunto con los municipios y la definici\u00f3n de una agenda com\u00fan de la regi\u00f3n. \u201cEs avanzar hacia un trabajo sobre el desarrollo y la posibilidad de que cada uno de los Municipios pueda crecer y que a trav\u00e9s de la Agencia para el Desarrollo de C\u00f3rdoba se pueda potenciar\u201d, detall\u00f3.<\/p>\n<p>Durante el encuentro, que se llev\u00f3 a cabo en el Palacio 6 de Julio, se firm\u00f3 el convenio entre el intendente Daniel Passerini (que tambi\u00e9n preside la ADEC), sus pares del Ente Metropolitano, el titular de ese organismo, Rodrigo Fern\u00e1ndez y las autoridades de ADEC: Ricardo Ruival (vicepresidente primero), Nicol\u00e1s Piloni (vicepresidente segundo) y Pablo Bali\u00e1n (secretario).<\/p>\n<p>Por su parte, Ricardo Ruival expres\u00f3: \u201cVamos a empezar a trabajar en distintos tipos de talleres t\u00e9cnicos para que la gente pueda capacitarse e idear soluciones. Esto es un hito, es un hito para C\u00f3rdoba y para nosotros como ADEC\u201d, manifest\u00f3.<\/p>\n<p>A su tiempo, Nicol\u00e1s Piloni rescat\u00f3 el aporte de la ADEC, especialmente en el contexto actual donde las agendas globales exigen a los gobiernos locales, muchas veces limitados en recursos econ\u00f3micos o t\u00e9cnicos. \u201cNuestra agencia cuenta con un enorme capital social, integrado por c\u00e1maras empresariales, universidades, colegios profesionales y creemos que desde all\u00ed vemos una gran oportunidad para atenderles una mano\u201d, explic\u00f3.<\/p>\n<p>En la reuni\u00f3n, donde participaron los 16 intendentes y jefes comunales que integran el Ente, se presentaron las distintas l\u00edneas de acci\u00f3n de la agencia, a la vez que se puso a disposici\u00f3n las instalaciones y el asesoramiento de los equipos t\u00e9cnicos.<\/p>\n<p>Cabe recordar que el intendente Daniel Passerini enfatiz\u00f3 que tanto ADEC como el Ente Metropolitano coinciden en un mismo objetivo que es el desarrollo de las ciudades como eje de un proyecto metropolitano.<\/p>\n","protected":false},"excerpt":{"rendered":"<p>El acuerdo fue firmado por el intendente Daniel Passerini, sus pares del Ente Metropolitano, el titular de ese organismo, Rodrigo Fern\u00e1ndez y las autoridades de ADEC. La incorporaci\u00f3n como socio de la entidad permitir\u00e1 aunar esfuerzos y proyectos que apunten al fortalecimiento del desarrollo econ\u00f3mico, social y ambiental de las localidades que componen la regi\u00f3n [&hellip;]<\/p>\n","protected":false},"author":1,"featured_media":50550,"comment_status":"closed","ping_status":"closed","sticky":false,"template":"","format":"standard","meta":[],"categories":[14],"tags":[],"_links":{"self":[{"href":"http:\/\/nuevacordoba.net\/index.php\/wp-json\/wp\/v2\/posts\/50549"}],"collection":[{"href":"http:\/\/nuevacordoba.net\/index.php\/wp-json\/wp\/v2\/posts"}],"about":[{"href":"http:\/\/nuevacordoba.net\/index.php\/wp-json\/wp\/v2\/types\/post"}],"author":[{"embeddable":true,"href":"http:\/\/nuevacordoba.net\/index.php\/wp-json\/wp\/v2\/users\/1"}],"replies":[{"embeddable":true,"href":"http:\/\/nuevacordoba.net\/index.php\/wp-json\/wp\/v2\/comments?post=50549"}],"version-history":[{"count":0,"href":"http:\/\/nuevacordoba.net\/index.php\/wp-json\/wp\/v2\/posts\/50549\/revisions"}],"wp:featuredmedia":[{"embeddable":true,"href":"http:\/\/nuevacordoba.net\/index.php\/wp-json\/wp\/v2\/media\/50550"}],"wp:attachment":[{"href":"http:\/\/nuevacordoba.net\/index.php\/wp-json\/wp\/v2\/media?parent=50549"}],"wp:term":[{"taxonomy":"category","embeddable":true,"href":"http:\/\/nuevacordoba.net\/index.php\/wp-json\/wp\/v2\/categories?post=50549"},{"taxonomy":"post_tag","embeddable":true,"href":"http:\/\/nuevacordoba.net\/index.php\/wp-json\/wp\/v2\/tags?post=50549"}],"curies":[{"name":"wp","href":"https:\/\/api.w.org\/{rel}","templated":true}]}}