{"id":50555,"date":"2024-11-08T21:37:45","date_gmt":"2024-11-08T21:37:45","guid":{"rendered":"https:\/\/www.ole.com.ar\/ascenso\/ascenso-primera-nacional-estudiantes-rio-cuarto-ivan-delfino-dt-colon_0_inbf99vwIP.html"},"modified":"2024-11-08T21:37:45","modified_gmt":"2024-11-08T21:37:45","slug":"tras-el-fracaso-en-colon-ivan-delfino-agarro-otro-equipo-del-nacional","status":"publish","type":"post","link":"http:\/\/nuevacordoba.net\/index.php\/2024\/11\/08\/tras-el-fracaso-en-colon-ivan-delfino-agarro-otro-equipo-del-nacional\/","title":{"rendered":"Tras el fracaso en Col\u00f3n, Iv\u00e1n Delfino agarr\u00f3 otro equipo del Nacional"},"content":{"rendered":"<p><time class=\"createDate\" datetime=\"2024-11-08T18:37:45-03:00\">08\/11\/2024 18:37hs.<\/time><\/p>\n<div id=\"storyBody\">\n<div class=\"custom-text \" readability=\"33.248251748252\">\n<p>Uno de los principales nombres que suele sonar en los equipos m\u00e1s grandes, o con mayor prespuesto<strong>, en la <a href=\"https:\/\/www.ole.com.ar\/tema\/primera-nacional.html\" title=\"Primera Nacional\" alt=\"Primera Nacional\" class=\"slug\">Primera Nacional<\/a> cuando se busca det\u00e9 es el de<\/strong><strong><a href=\"https:\/\/www.ole.com.ar\/tema\/ivan-delfino.html\" title=\"Iv\u00e1n Delfino\" alt=\"Iv\u00e1n Delfino\" class=\"slug\">Iv\u00e1n Delfino<\/a><\/strong>. Y claro, su extensa trayector\u00eda en el \u00e1mbito local lo avala y le da chapa suficiente para meterse en consideraci\u00f3n.<\/p>\n<\/div>\n<div class=\"custom-text \" readability=\"34.136222910217\">\n<p>De hecho, uno de los clubes donde mejor paso tuvo fue en <a href=\"https:\/\/www.ole.com.ar\/tema\/estudiantes-de-rio-cuarto.html\" title=\"Estudiantes de Rio Cuarto\" alt=\"Estudiantes de Rio Cuarto\" class=\"slug\">Estudiantes de Rio Cuarto<\/a>, que milita en la segunda categor\u00eda del f\u00fatbol argentino. Y dicen que uno siempre vuelve donde fue feliz. <strong>Por eso es que el entrenador oriundo de Sunchales regresa al Le\u00f3n para el 2025. Ya estamp\u00f3 la firma y fue presentado oficialmente.<\/strong><\/p>\n<\/div>\n<div class=\"sc-e7b891c4-0 ifHnQL image-embed\"><img alt=\"Iv\u00e1n Delfino ya fue presentado oficialmente en Estudiantes de Rio Cuarto (Foto: Prensa Estudiantes RC)\" loading=\"lazy\" width=\"720\" height=\"100\" decoding=\"async\" data-nimg=\"1\" src=\"http:\/\/nuevacordoba.net\/wp-content\/uploads\/2024\/11\/tras-el-fracaso-en-colon-ivan-delfino-agarro-otro-equipo-del-nacional.jpg\"><span class=\"epigraphe\">Iv\u00e1n Delfino ya fue presentado oficialmente en Estudiantes de Rio Cuarto (Foto: Prensa Estudiantes RC)<\/span><\/div>\n<div class=\"custom-text \" readability=\"34.188790560472\">\n<p>Lo m\u00e1s reciente de Iv\u00e1n Delfino result\u00f3 poco alegre. Si,<strong> fue en <a href=\"https:\/\/www.ole.com.ar\/tema\/colon.html\" title=\"Col\u00f3n\" alt=\"Col\u00f3n\" class=\"slug\">Col\u00f3n de Santa Fe<\/a>, donde no cumpli\u00f3 los objetivos y fue despedido antes de la finalizaci\u00f3n de su contrato.<\/strong> En el Sabalero, el resto ya es historia conocida: afuera del Reducido en primera ronda y un a\u00f1o m\u00e1s en la lucha por el tan ansiado regreso a la <a href=\"https:\/\/www.ole.com.ar\/tema\/liga-profesional.html\" title=\"Liga Profesional\" alt=\"Liga Profesional\" class=\"slug\">Liga Profesional<\/a><\/p>\n<\/div>\n<p><h2><strong>El paso de Iv\u00e1n Delfino por Col\u00f3n<\/strong><\/h2>\n<\/p>\n<div class=\"custom-text \" readability=\"38\">\n<p>Una vez consumado el descenso, tras perder el desempate con Gimnasia y Esgrima de La Plata, <strong>la Comisi\u00f3n Directiva de Col\u00f3n opt\u00f3 por alguien de renombre y con experiencia en el Ascenso como lo es el propio Iv\u00e1n Delfino<\/strong>. Expectativa a full y un arranque de a\u00f1o prometedor, donde daba la sensaci\u00f3n de que su equipo arrasar\u00eda en la pelea por el primer puesto en la Zona B.<\/p>\n<\/div>\n<div class=\"sc-e7b891c4-0 ifHnQL image-embed\"><img alt=\"Col\u00f3n, lo \u00faltimo de Delfino antes de volver a Estudiantes (Foto: Prensa Col\u00f3n)\" loading=\"lazy\" width=\"720\" height=\"100\" decoding=\"async\" data-nimg=\"1\" src=\"http:\/\/nuevacordoba.net\/wp-content\/uploads\/2024\/11\/tras-el-fracaso-en-colon-ivan-delfino-agarro-otro-equipo-del-nacional-1.jpg\"><span class=\"epigraphe\">Col\u00f3n, lo \u00faltimo de Delfino antes de volver a Estudiantes (Foto: Prensa Col\u00f3n)<\/span><\/div>\n<div class=\"custom-text \" readability=\"37\">\n<p>Y eso result\u00f3 de dicha manera hasta el fin de la primera ronda. El conjunto santafesino desfil\u00f3 y finaliz\u00f3 puntero. Sin embargo, todo cambi\u00f3 en el segundo semestre: el equipo emperor\u00f3 en el juego y los malos resultados comenzaron a pesar.<strong> Tal es asi que luego de la ca\u00edda por 2-1 en el Cemneterio de los Elefantes contra Mitre de Santiago del Estero, fue removido de su cargo.<\/strong><\/p>\n<\/div>\n<div class=\"custom-text \" readability=\"38\">\n<p>Con el buzo rojinegro dirigi\u00f3 26 encuentros. <strong>En dicha campa\u00f1a sum\u00f3 12 victorias, siete empates y la misma cantidad de derrotas, con 33 goles a favor y 19 en contra<\/strong>. Dej\u00f3 al equipo en puestos de ingreso al octogonal. Luego de \u00e9l hubo un interinato de Mart\u00edn Minella, el breve paso de Rodolfo De Paoli y el cierre con Diego Osella.<\/p>\n<\/div>\n<p><h2><strong>El antecedente que ilusiona a Estudiantes de Rio Cuarto<\/strong><\/h2>\n<\/p>\n<div class=\"custom-text \" readability=\"34\">\n<p>Tal como se mencion\u00f3 en un principio, el entrenador en cuesti\u00f3n ya tuvo un paso por la instituci\u00f3n cordobesa.<strong> Fue en 2023. M\u00e1s precisamente en la segunda parte de aquel a\u00f1o. <\/strong><\/p>\n<\/div>\n<div class=\"sc-e7b891c4-0 ifHnQL image-embed\"><img alt=\"Delfino meti\u00f3 al Le\u00f3n en semis de Reducido en 2023 (Foto: Prensa Estudiantes Rio Cuarto)\" loading=\"lazy\" width=\"720\" height=\"100\" decoding=\"async\" data-nimg=\"1\" src=\"http:\/\/nuevacordoba.net\/wp-content\/uploads\/2024\/11\/tras-el-fracaso-en-colon-ivan-delfino-agarro-otro-equipo-del-nacional-2.jpg\"><span class=\"epigraphe\">Delfino meti\u00f3 al Le\u00f3n en semis de Reducido en 2023 (Foto: Prensa Estudiantes Rio Cuarto)<\/span><\/div>\n<div class=\"custom-text \" readability=\"36\">\n<p>Y la realidad es que los n\u00fameros lo avalan:<strong> consigui\u00f3 una docena de triunfos, seis empates y tan solo cuatro derrotas<\/strong>. Bajo su direcci\u00f3n t\u00e9cnica,<strong> Estudiantes de Rio Cuarto se meti\u00f3 en semifinales del Reducido<\/strong> (cay\u00f3 ag\u00f3nicamente ante Deportivo Maip\u00fa). Quiere repetir y va por todo&#8230;<\/p>\n<\/div>\n<div class=\"sc-a7166897-0 eoLsBE\" readability=\"7\">\n<section readability=\"4\"><picture><img alt=\"Ferro: quiebra, gerenciamiento, gestiones y 25 a\u00f1os consecutivos en el Ascenso\" loading=\"lazy\" width=\"290\" height=\"290\" decoding=\"async\" data-nimg=\"1\" src=\"http:\/\/nuevacordoba.net\/wp-content\/uploads\/2024\/11\/tras-el-fracaso-en-colon-ivan-delfino-agarro-otro-equipo-del-nacional-3.jpg\"><\/picture>\n<p><span>Mir\u00e1 tambi\u00e9n<\/span><\/p>\n<hr>\n<h3>Ferro: quiebra, gerenciamiento, gestiones y 25 a\u00f1os consecutivos en el Ascenso<\/h3>\n<\/p>\n<\/section>\n<\/div>\n<div class=\"sc-a7166897-0 eoLsBE\" readability=\"6\">\n<section readability=\"2\"><picture><img alt=\"Scaloni: &quot;Estuve cerca de irme&quot;\" loading=\"lazy\" width=\"290\" height=\"290\" decoding=\"async\" data-nimg=\"1\" src=\"http:\/\/nuevacordoba.net\/wp-content\/uploads\/2024\/11\/tras-el-fracaso-en-colon-ivan-delfino-agarro-otro-equipo-del-nacional-4.jpg\"><\/picture>\n<p><span>Mir\u00e1 tambi\u00e9n<\/span><\/p>\n<hr>\n<h3>Scaloni: \u00abEstuve cerca de irme\u00bb<\/h3>\n<\/p>\n<\/section>\n<\/div>\n<div class=\"sc-a7166897-0 eoLsBE\" readability=\"6.5\">\n<section readability=\"3\"><picture><img alt=\"Bomba: qu\u00e9 hay de cierto con el supuesto llamado de Gago a Juanfer Quintero para llev\u00e1rselo a Boca\" loading=\"lazy\" width=\"290\" height=\"290\" decoding=\"async\" data-nimg=\"1\" src=\"http:\/\/nuevacordoba.net\/wp-content\/uploads\/2024\/11\/tras-el-fracaso-en-colon-ivan-delfino-agarro-otro-equipo-del-nacional-5.jpg\"><\/picture>\n<p><span>Mir\u00e1 tambi\u00e9n<\/span><\/p>\n<hr>\n<h3>Bomba: qu\u00e9 hay de cierto con el supuesto llamado de Gago a Juanfer Quintero para llev\u00e1rselo a Boca<\/h3>\n<\/p>\n<\/section>\n<\/div>\n<div class=\"sc-a7166897-0 eoLsBE\" readability=\"6\">\n<section readability=\"2\"><picture><img alt=\"La lista de Mascherano para los amistosos de la Sub 20\" loading=\"lazy\" width=\"290\" height=\"290\" decoding=\"async\" data-nimg=\"1\" src=\"http:\/\/nuevacordoba.net\/wp-content\/uploads\/2024\/11\/tras-el-fracaso-en-colon-ivan-delfino-agarro-otro-equipo-del-nacional-6.jpg\"><\/picture>\n<p><span>Mir\u00e1 tambi\u00e9n<\/span><\/p>\n<hr>\n<h3>La lista de Mascherano para los amistosos de la Sub 20<\/h3>\n<\/p>\n<\/section>\n<\/div>\n<\/div>\n","protected":false},"excerpt":{"rendered":"<p>08\/11\/2024 18:37hs. Uno de los principales nombres que suele sonar en los equipos m\u00e1s grandes, o con mayor prespuesto, en la Primera Nacional cuando se busca det\u00e9 es el deIv\u00e1n Delfino. Y claro, su extensa trayector\u00eda en el \u00e1mbito local lo avala y le da chapa suficiente para meterse en consideraci\u00f3n. De hecho, uno de [&hellip;]<\/p>\n","protected":false},"author":1,"featured_media":50556,"comment_status":"closed","ping_status":"closed","sticky":false,"template":"","format":"standard","meta":[],"categories":[10],"tags":[],"_links":{"self":[{"href":"http:\/\/nuevacordoba.net\/index.php\/wp-json\/wp\/v2\/posts\/50555"}],"collection":[{"href":"http:\/\/nuevacordoba.net\/index.php\/wp-json\/wp\/v2\/posts"}],"about":[{"href":"http:\/\/nuevacordoba.net\/index.php\/wp-json\/wp\/v2\/types\/post"}],"author":[{"embeddable":true,"href":"http:\/\/nuevacordoba.net\/index.php\/wp-json\/wp\/v2\/users\/1"}],"replies":[{"embeddable":true,"href":"http:\/\/nuevacordoba.net\/index.php\/wp-json\/wp\/v2\/comments?post=50555"}],"version-history":[{"count":0,"href":"http:\/\/nuevacordoba.net\/index.php\/wp-json\/wp\/v2\/posts\/50555\/revisions"}],"wp:featuredmedia":[{"embeddable":true,"href":"http:\/\/nuevacordoba.net\/index.php\/wp-json\/wp\/v2\/media\/50556"}],"wp:attachment":[{"href":"http:\/\/nuevacordoba.net\/index.php\/wp-json\/wp\/v2\/media?parent=50555"}],"wp:term":[{"taxonomy":"category","embeddable":true,"href":"http:\/\/nuevacordoba.net\/index.php\/wp-json\/wp\/v2\/categories?post=50555"},{"taxonomy":"post_tag","embeddable":true,"href":"http:\/\/nuevacordoba.net\/index.php\/wp-json\/wp\/v2\/tags?post=50555"}],"curies":[{"name":"wp","href":"https:\/\/api.w.org\/{rel}","templated":true}]}}