{"id":50557,"date":"2024-11-09T12:07:00","date_gmt":"2024-11-09T12:07:00","guid":{"rendered":"http:\/\/estaciontrip.com.ar\/?p=9614"},"modified":"2024-11-09T12:07:00","modified_gmt":"2024-11-09T12:07:00","slug":"se-viene-el-primer-festival-birra-en-las-alturas-de-las-heras-mendoza","status":"publish","type":"post","link":"http:\/\/nuevacordoba.net\/index.php\/2024\/11\/09\/se-viene-el-primer-festival-birra-en-las-alturas-de-las-heras-mendoza\/","title":{"rendered":"Se viene el primer Festival Birra en las Alturas de Las Heras, Mendoza"},"content":{"rendered":"<div><img src=\"http:\/\/nuevacordoba.net\/wp-content\/uploads\/2024\/11\/se-viene-el-primer-festival-birra-en-las-alturas-de-las-heras-mendoza.jpg\" class=\"ff-og-image-inserted\"><\/div>\n<p><strong><em>El s\u00e1bado 9 de noviembre desde las 18 horas hasta la 1 de la ma\u00f1ana inclusive, la C\u00e1mara Mendocina de Cerveceros Artesanales (CAMCA) realizar\u00e1 la 1\u00b0 edici\u00f3n del Festival \u201cBirra en las Alturas\u201d. Ser\u00e1 en Xtrem Park Mza \u2013 El Challao .<\/em><\/strong><\/p>\n<p>Cervezas de diferentes estilos, propuestas recreativas, art\u00edsticas y gastron\u00f3micas, ser\u00e1n protagonistas en la primera edici\u00f3n del Festival Birra en las Alturas, que se desarrollar\u00e1 en Las Heras, provincia de Mendoza.<\/p>\n<p>El festival promovido por la C\u00e1mara Mendocina de Cerveceros Artesanales (CAMCA) cuenta con el acompa\u00f1amiento de la&nbsp;Direcci\u00f3n de Desarrollo Econ\u00f3mico de la Municipalidad de Las Heras.<\/p>\n<p>Tambi\u00e9n estar\u00e1 presente la&nbsp;Feria de Artesanos y Emprendedores locales, habr\u00e1&nbsp;sorteos de vuelos en parapente,&nbsp;cerveza sin alcohol considerando a los conductores designados, promociones en paintball,&nbsp;dj \u2018s&nbsp;en vivo y la tradicional Feria de&nbsp;El Club del Vinilo. El cierre musical de la noche, lo har\u00e1 la banda&nbsp;Spaghetti Western.<\/p>\n<p>El director de Desarrollo Econ\u00f3mico del Municipio de Las Heras,&nbsp;Federico Carrascosa, expres\u00f3<em>&nbsp;\u201cnuestro departamento tiene todo lo necesario para ser anfitriones de este tipo de eventos y esto es gracias a la vinculaci\u00f3n p\u00fablico \u2013 privado\u201d<\/em>&nbsp;y finaliz\u00f3&nbsp;<em>\u201cnuestro mayor deseo es ver a nuestro departamento con m\u00e1s desarrollo comercial y local\u201d.<\/em><\/p>\n<p>La&nbsp;C\u00e1mara Mendocina de Cerveceros Artesanales (CAMCA)&nbsp;busca con este primer festival promocionar el consumo de la cerveza artesanal local, visibilizar los emprendimientos de sus asociados y aportar un atractivo tur\u00edstico m\u00e1s, al distrito lasherino El Challao.<\/p>\n<p>Entrada: $ 5000 \u2013&nbsp;<a href=\"https:\/\/www.entradaweb.com.ar\/evento\/d4efee4b\/step\/1\" target=\"_blank\" rel=\"noreferrer noopener\">Comprala en Entrada Web<\/a><br \/><strong><em>Estacionamiento propio \u2013&nbsp;<\/em><\/strong><strong>Colectivos que te dejan en la puerta: 300 \u2013 301 \u2013 302 \u2013 303 -304 \u2013 651<\/strong><\/p>\n","protected":false},"excerpt":{"rendered":"<p>El s\u00e1bado 9 de noviembre desde las 18 horas hasta la 1 de la ma\u00f1ana inclusive, la C\u00e1mara Mendocina de Cerveceros Artesanales (CAMCA) realizar\u00e1 la 1\u00b0 edici\u00f3n del Festival \u201cBirra en las Alturas\u201d. Ser\u00e1 en Xtrem Park Mza \u2013 El Challao . Cervezas de diferentes estilos, propuestas recreativas, art\u00edsticas y gastron\u00f3micas, ser\u00e1n protagonistas en la [&hellip;]<\/p>\n","protected":false},"author":1,"featured_media":50558,"comment_status":"closed","ping_status":"closed","sticky":false,"template":"","format":"standard","meta":[],"categories":[11],"tags":[],"_links":{"self":[{"href":"http:\/\/nuevacordoba.net\/index.php\/wp-json\/wp\/v2\/posts\/50557"}],"collection":[{"href":"http:\/\/nuevacordoba.net\/index.php\/wp-json\/wp\/v2\/posts"}],"about":[{"href":"http:\/\/nuevacordoba.net\/index.php\/wp-json\/wp\/v2\/types\/post"}],"author":[{"embeddable":true,"href":"http:\/\/nuevacordoba.net\/index.php\/wp-json\/wp\/v2\/users\/1"}],"replies":[{"embeddable":true,"href":"http:\/\/nuevacordoba.net\/index.php\/wp-json\/wp\/v2\/comments?post=50557"}],"version-history":[{"count":0,"href":"http:\/\/nuevacordoba.net\/index.php\/wp-json\/wp\/v2\/posts\/50557\/revisions"}],"wp:featuredmedia":[{"embeddable":true,"href":"http:\/\/nuevacordoba.net\/index.php\/wp-json\/wp\/v2\/media\/50558"}],"wp:attachment":[{"href":"http:\/\/nuevacordoba.net\/index.php\/wp-json\/wp\/v2\/media?parent=50557"}],"wp:term":[{"taxonomy":"category","embeddable":true,"href":"http:\/\/nuevacordoba.net\/index.php\/wp-json\/wp\/v2\/categories?post=50557"},{"taxonomy":"post_tag","embeddable":true,"href":"http:\/\/nuevacordoba.net\/index.php\/wp-json\/wp\/v2\/tags?post=50557"}],"curies":[{"name":"wp","href":"https:\/\/api.w.org\/{rel}","templated":true}]}}