{"id":506,"date":"2021-02-03T04:38:11","date_gmt":"2021-02-03T04:38:11","guid":{"rendered":"http:\/\/nuevacordoba.net\/index.php\/2021\/02\/03\/jorge-de-olivera-el-ascenso-de-platense-es-lo-mejor-de-mi-carrera\/"},"modified":"2021-02-03T04:38:11","modified_gmt":"2021-02-03T04:38:11","slug":"jorge-de-olivera-el-ascenso-de-platense-es-lo-mejor-de-mi-carrera","status":"publish","type":"post","link":"http:\/\/nuevacordoba.net\/index.php\/2021\/02\/03\/jorge-de-olivera-el-ascenso-de-platense-es-lo-mejor-de-mi-carrera\/","title":{"rendered":"Jorge De Olivera: \u00abEl ascenso de Platense es lo mejor de mi carrera\u00bb"},"content":{"rendered":"<div class=\"image\" id=\"image\"> <img src=\"http:\/\/nuevacordoba.net\/wp-content\/uploads\/2021\/02\/jorge-de-olivera-el-ascenso-de-platense-es-lo-mejor-de-mi-carrera.jpg\" alt title><\/div>\n<p>Jorge De Olivera, no dud\u00f3 y asinti\u00f3 que el ascenso a Primera Divisi\u00f3n que alcanz\u00f3 el domingo pasado con la entidad de Vicente L\u00f3pez result\u00f3 \u00ablo mejor\u00bb de su dilatada trayectoria deportiva.<\/p>\n<p>\u00abEste ascenso con Platense, sin dudas, es lo m\u00e1s grande que me pas\u00f3 en mi carrera deportiva. Es lo que m\u00e1s felicidad me gener\u00f3\u00bb, apunt\u00f3 el guardavallas misionero, de 38 a\u00f1os y 1,94 metros de altura.<\/p>\n<p>Platense retorn\u00f3 este fin de semana a la m\u00e1xima categor\u00eda del f\u00fatbol argentino, luego de 22 a\u00f1os de ausencia, al derrotar en los penales a Estudiantes de R\u00edo Cuarto (4-2), al cabo de la final del Reducido de la primera Nacional, que se jug\u00f3 en cancha de Newell&#8217;s y termin\u00f3 empatada 1-1.<\/p>\n<p>\u00abFue un campeonato dur\u00edsimo. En realidad, lo que hicimos en los \u00faltimos tres a\u00f1os; subir dos veces, no es muy com\u00fan\u00bb, agreg\u00f3 el exgolero de Racing, en charla con Radio T\u00e9lam.<\/p>\n<p>De Olivera arrib\u00f3 a la instituci\u00f3n &#8216;calamar&#8217;, a principios de 2017, cuando el equipo estaba en la Primera B Metropolitana.<\/p>\n<p>Desde esa categor\u00eda, el arquero fue aportando su cuota (estuvo 726 minutos con la valla invicta e instaur\u00f3 un record de imbatibilidad en el club) y lleg\u00f3 a esta instancia decisiva para arribar a Primera, devenido en uno de los referentes y emblemas del equipo del DT Juan Manuel Llop.<\/p>\n<p>\u00abA uno le toca, tal vez, quedarse con la \u00faltima foto. Pero el esfuerzo es de todos. Mis compa\u00f1eros fueron unas fieras, igual que el cuerpo t\u00e9cnico\u00bb, describi\u00f3 De Olivera.<\/p>\n<p>Para el arquero el objetivo se cumpli\u00f3 porque el conjunto &#8216;marr\u00f3n&#8217; mostr\u00f3 \u00abrecambio\u00bb en todas sus l\u00edneas.<\/p>\n<p>\u00abNunca medimos si \u00e9ramos o no favoritos antes de la final. Sab\u00edamos que est\u00e1bamos a la altura de lo que nos jug\u00e1bamos, porque as\u00ed lo hab\u00edamos demostrado en las primeras siete fechas desde que se reanud\u00f3 el torneo\u00bb, dijo.<\/p>\n<p>El guardavallas tambi\u00e9n elogi\u00f3 la estrategia del entrenador Llop, de quien dijo que \u00abnos inculc\u00f3 la idea de ser protagonistas, sin importar en la cancha que jug\u00e1semos\u00bb, remarc\u00f3.<\/p>\n<p>De Olivera pretende que el club de Vicente L\u00f3pez \u00abest\u00e9 a la altura en Primera\u00bb, aunque \u2013a su juicio- todo depender\u00e1 \u00abdel plantel que se pueda armar\u00bb.<\/p>\n<p>\u00abEl sue\u00f1o, obviamente, es consolidarnos en la A y, tal vez, entrar a alguna Copa. Pero para eso falta tiempo todav\u00eda\u00bb, finaliz\u00f3. <\/p>\n","protected":false},"excerpt":{"rendered":"<p>Jorge De Olivera, no dud\u00f3 y asinti\u00f3 que el ascenso a Primera Divisi\u00f3n que alcanz\u00f3 el domingo pasado con la entidad de Vicente L\u00f3pez result\u00f3 \u00ablo mejor\u00bb de su dilatada trayectoria deportiva. \u00abEste ascenso con Platense, sin dudas, es lo m\u00e1s grande que me pas\u00f3 en mi carrera deportiva. Es lo que m\u00e1s felicidad me [&hellip;]<\/p>\n","protected":false},"author":1,"featured_media":507,"comment_status":"closed","ping_status":"closed","sticky":false,"template":"","format":"standard","meta":[],"categories":[10],"tags":[],"_links":{"self":[{"href":"http:\/\/nuevacordoba.net\/index.php\/wp-json\/wp\/v2\/posts\/506"}],"collection":[{"href":"http:\/\/nuevacordoba.net\/index.php\/wp-json\/wp\/v2\/posts"}],"about":[{"href":"http:\/\/nuevacordoba.net\/index.php\/wp-json\/wp\/v2\/types\/post"}],"author":[{"embeddable":true,"href":"http:\/\/nuevacordoba.net\/index.php\/wp-json\/wp\/v2\/users\/1"}],"replies":[{"embeddable":true,"href":"http:\/\/nuevacordoba.net\/index.php\/wp-json\/wp\/v2\/comments?post=506"}],"version-history":[{"count":0,"href":"http:\/\/nuevacordoba.net\/index.php\/wp-json\/wp\/v2\/posts\/506\/revisions"}],"wp:featuredmedia":[{"embeddable":true,"href":"http:\/\/nuevacordoba.net\/index.php\/wp-json\/wp\/v2\/media\/507"}],"wp:attachment":[{"href":"http:\/\/nuevacordoba.net\/index.php\/wp-json\/wp\/v2\/media?parent=506"}],"wp:term":[{"taxonomy":"category","embeddable":true,"href":"http:\/\/nuevacordoba.net\/index.php\/wp-json\/wp\/v2\/categories?post=506"},{"taxonomy":"post_tag","embeddable":true,"href":"http:\/\/nuevacordoba.net\/index.php\/wp-json\/wp\/v2\/tags?post=506"}],"curies":[{"name":"wp","href":"https:\/\/api.w.org\/{rel}","templated":true}]}}