{"id":5080,"date":"2021-05-29T16:58:15","date_gmt":"2021-05-29T16:58:15","guid":{"rendered":"http:\/\/nuevacordoba.net\/index.php\/2021\/05\/29\/luis-suarez-llama-la-atencion-que-se-juegue-la-copa-america\/"},"modified":"2021-05-29T16:58:15","modified_gmt":"2021-05-29T16:58:15","slug":"luis-suarez-llama-la-atencion-que-se-juegue-la-copa-america","status":"publish","type":"post","link":"http:\/\/nuevacordoba.net\/index.php\/2021\/05\/29\/luis-suarez-llama-la-atencion-que-se-juegue-la-copa-america\/","title":{"rendered":"Luis Su\u00e1rez: \u00abLlama la atenci\u00f3n que se juegue la Copa Am\u00e9rica\u00bb"},"content":{"rendered":"<div class=\"image\" id=\"image\" readability=\"7\"> <img src=\"http:\/\/nuevacordoba.net\/wp-content\/uploads\/2021\/05\/luis-suarez-llama-la-atencion-que-se-juegue-la-copa-america.jpg\" alt=\"Ante la situaci\u00f3n que atraviesa la regi\u00f3n pidi\u00f3 atender la salud antes que el f\u00fatbol.\" title=\"Ante la situaci\u00f3n que atraviesa la regi\u00f3n pidi\u00f3 atender la salud antes que el f\u00fatbol.\"><\/p>\n<p>Ante la situaci\u00f3n que atraviesa la regi\u00f3n pidi\u00f3 atender la salud antes que el f\u00fatbol.<\/p>\n<\/div>\n<p>El delantero uruguayo Luis Su\u00e1rez se mostr\u00f3 sorprendido hoy con la decisi\u00f3n de jugar la Copa Am\u00e9rica pese al contexto sanitario que atraviesa la regi\u00f3n ante la pandemia de coronavirus.<\/p>\n<p>El futbolista de Atl\u00e9tico de Madrid, flamante campe\u00f3n de LaLiga de Espa\u00f1a, entendi\u00f3 que \u00aba veces<strong> habr\u00eda que darle prioridad a la salud del ser humano y no a un torneo de f\u00fatbol\u00bb<\/strong>, en mensaje cr\u00edtico hacia la Conmebol al momento de arribar a su pa\u00eds este s\u00e1bado.<\/p>\n<p>\u00ab<strong>Estamos en una situaci\u00f3n dif\u00edcil a nivel mundia<\/strong>l, llama la atenci\u00f3n que se juegue, es la realidad, pero al momento que se confirme debemos tratar de afrontarlo de la mejor manera posible y no pensar en la pandemia\u00bb, resumi\u00f3 sobre la situaci\u00f3n actual del torneo, que a\u00fan no tiene todas las sedes confirmadas tras la baja de Colombia como pa\u00eds coorganizador.<\/p>\n<p>\u00abLa verdad es que estamos en una situaci\u00f3n dif\u00edcil a nivel mundial, pero <strong>m\u00e1s en Sudam\u00e9rica en los \u00faltimos meses <\/strong>y Argentina es uno de los pa\u00edses m\u00e1s complicados. Por eso llama un poco la atenci\u00f3n que se juegue la Copa Am\u00e9rica\u00bb, insisti\u00f3 Su\u00e1rez en rueda de prensa en el Aeropuerto Internacional de Carrasco.<\/p>\n<p>El uruguayo, de todos modos, se mostr\u00f3 \u00abfeliz y encantado de volver a la Selecci\u00f3n\u00bb de su pa\u00eds despu\u00e9s de una exigente temporada en el f\u00fatbol europeo que comenz\u00f3 con su pol\u00e9mica salida de Barcelona de Espa\u00f1a.<\/p>\n<p>\u00abEmocionalmente llego con muchas ganas por haber terminado el a\u00f1o de la manera que lo termin\u00e9. Disfrut\u00e9 much\u00edsimo el momento\u00bb, dijo sobre sus sensaciones personales.<\/p>\n<p>En cuanto a la realidad del seleccionado de Uruguay, Su\u00e1rez consider\u00f3 que \u00abla prioridad ahora es la Eliminatoria\u00bb para el Mundial Qatar 2022, en la que enfrentar\u00e1n de local a Paraguay, el jueves pr\u00f3ximo, y de visitante a Venezuela, el martes siguiente.<\/p>\n<p>El m\u00e1ximo goleador hist\u00f3rico de la \u00abCeleste\u00bb lament\u00f3 la ausencia de su socio de ataque Edinson Cavani, quien no estar\u00e1 presente en esos dos compromisos por una sanci\u00f3n disciplinaria pendiente.<\/p>\n<p>\u00abLamentablemente en los \u00faltimos d\u00edas fueron descart\u00e1ndose algunos compa\u00f1eros por lesi\u00f3n o por Covid-19 y ya \u00e9ramos conscientes que no \u00edbamos a contar con Edi, que para nosotros es muy importante. Lo que m\u00e1s se extra\u00f1a de Edi cuando no est\u00e1, es lo que significa para la Selecci\u00f3n, lo que da a la hora de ayudar al equipo\u00bb, consider\u00f3.<\/p>\n<p><strong>Su\u00e1rez lleg\u00f3 este s\u00e1bado a Uruguay<\/strong> y de inmediato se incorpor\u00f3 al Complejo Celeste para ponerse a disposici\u00f3n del director t\u00e9cnico Oscar Washington Tab\u00e1rez junto a otros once futbolistas: Fernando Muslera, Diego God\u00edn, Jos\u00e9 Mar\u00eda Gim\u00e9nez, Ronald Ara\u00fajo, Sebasti\u00e1n Coates, Mart\u00edn C\u00e1ceres, Rodrigo Bentancur, Lucas Torreira, Mat\u00edas Vecino, Federico Valverde y Nahitan N\u00e1ndez.<\/p>\n<p>El arquero Mart\u00edn Campa\u00f1a, el mediocampista Fernando Gorriar\u00e1n y el delantero Jonathan Rodr\u00edguez llegar\u00e1n el martes a Montevideo para sumarse a la concentraci\u00f3n.<\/p>\n<p>Cavani, reciente finalista de la Europa League con Manchester United de Inglaterra, lo hizo hoy pero tendr\u00e1 unos d\u00edas de descanso y comenzar\u00e1 los entrenamientos el viernes 4 de junio de cara a la Copa Am\u00e9rica prevista a partir del domingo 13.<\/p>\n","protected":false},"excerpt":{"rendered":"<p>Ante la situaci\u00f3n que atraviesa la regi\u00f3n pidi\u00f3 atender la salud antes que el f\u00fatbol. El delantero uruguayo Luis Su\u00e1rez se mostr\u00f3 sorprendido hoy con la decisi\u00f3n de jugar la Copa Am\u00e9rica pese al contexto sanitario que atraviesa la regi\u00f3n ante la pandemia de coronavirus. El futbolista de Atl\u00e9tico de Madrid, flamante campe\u00f3n de LaLiga [&hellip;]<\/p>\n","protected":false},"author":1,"featured_media":5081,"comment_status":"closed","ping_status":"closed","sticky":false,"template":"","format":"standard","meta":[],"categories":[10],"tags":[],"_links":{"self":[{"href":"http:\/\/nuevacordoba.net\/index.php\/wp-json\/wp\/v2\/posts\/5080"}],"collection":[{"href":"http:\/\/nuevacordoba.net\/index.php\/wp-json\/wp\/v2\/posts"}],"about":[{"href":"http:\/\/nuevacordoba.net\/index.php\/wp-json\/wp\/v2\/types\/post"}],"author":[{"embeddable":true,"href":"http:\/\/nuevacordoba.net\/index.php\/wp-json\/wp\/v2\/users\/1"}],"replies":[{"embeddable":true,"href":"http:\/\/nuevacordoba.net\/index.php\/wp-json\/wp\/v2\/comments?post=5080"}],"version-history":[{"count":0,"href":"http:\/\/nuevacordoba.net\/index.php\/wp-json\/wp\/v2\/posts\/5080\/revisions"}],"wp:featuredmedia":[{"embeddable":true,"href":"http:\/\/nuevacordoba.net\/index.php\/wp-json\/wp\/v2\/media\/5081"}],"wp:attachment":[{"href":"http:\/\/nuevacordoba.net\/index.php\/wp-json\/wp\/v2\/media?parent=5080"}],"wp:term":[{"taxonomy":"category","embeddable":true,"href":"http:\/\/nuevacordoba.net\/index.php\/wp-json\/wp\/v2\/categories?post=5080"},{"taxonomy":"post_tag","embeddable":true,"href":"http:\/\/nuevacordoba.net\/index.php\/wp-json\/wp\/v2\/tags?post=5080"}],"curies":[{"name":"wp","href":"https:\/\/api.w.org\/{rel}","templated":true}]}}