{"id":5082,"date":"2021-05-29T16:58:23","date_gmt":"2021-05-29T16:58:23","guid":{"rendered":"http:\/\/nuevacordoba.net\/index.php\/2021\/05\/29\/el-plantel-de-racing-con-hisopados-negativos-ultima-detalles-para-la-semifinal-contra-boca\/"},"modified":"2021-05-29T16:58:23","modified_gmt":"2021-05-29T16:58:23","slug":"el-plantel-de-racing-con-hisopados-negativos-ultima-detalles-para-la-semifinal-contra-boca","status":"publish","type":"post","link":"http:\/\/nuevacordoba.net\/index.php\/2021\/05\/29\/el-plantel-de-racing-con-hisopados-negativos-ultima-detalles-para-la-semifinal-contra-boca\/","title":{"rendered":"El plantel de Racing, con hisopados negativos, ultima detalles para la semifinal contra Boca"},"content":{"rendered":"<div class=\"image\" id=\"image\" readability=\"7\"> <img src=\"http:\/\/nuevacordoba.net\/wp-content\/uploads\/2021\/05\/el-plantel-de-racing-con-hisopados-negativos-ultima-detalles-para-la-semifinal-contra-boca.jpg\" alt=\"Racing ultima detalles antes de su duelo ante Boca en busca de la final.\" title=\"Racing ultima detalles antes de su duelo ante Boca en busca de la final.\"><\/p>\n<p>Racing ultima detalles antes de su duelo ante Boca en busca de la final.<\/p>\n<\/div>\n<p>El plantel de Racing, que se prepara para jugar la semifinal de la Copa de la Liga Profesional de F\u00fatbol ante Boca, dio negativo en todos los hisopados realizados hoy antes del entrenamiento.<\/p>\n<p>Con los resultados negativos de los jugadores, cuerpo t\u00e9cnico y auxiliares, el equipo que dirige Juan Antonio Pizzi tuvo una pr\u00e1ctica en la cancha auxiliar, con tareas de movilidad y f\u00fatbol t\u00e1ctico.<\/p>\n<p>Benjam\u00edn Garr\u00e9 trabaj\u00f3 en el gimnasio y a un costado de la cancha.<\/p>\n<p>El t\u00e9cnico Pizzi, que no contar\u00e1 con dos de sus figuras para el encuentro ante Boca, el arquero Gabriel Arias y el defensor Eugenio Mena, ambos convocados por el seleccionado chileno para las Eliminatorias Sudamericanas, podr\u00eda incluir a Lucas Orban como lateral por la izquierda.<\/p>\n<p>Una posible formaci\u00f3n ser\u00eda con <strong>Gast\u00f3n G\u00f3mez; Ivan Pillud, Leonardo Sigali, Nery Dom\u00ednguez y Orban; Leonel Miranda, An\u00edbal Moreno e Ignacio Piatti; Tom\u00e1s Chancalay, Dar\u00edo Cvitanich y Enzo Copetti<\/strong>.<\/p>\n<p>La \u00abAcademia\u00bb, que volver\u00e1 a entrenarse este domingo por la ma\u00f1ana en el estadio, <strong>se medir\u00e1 con Boca en el Estadio Bicentenario de San Juan el pr\u00f3ximo lunes, desde las 15, en busca de la final de la Copa.<\/strong> <\/p>\n","protected":false},"excerpt":{"rendered":"<p>Racing ultima detalles antes de su duelo ante Boca en busca de la final. El plantel de Racing, que se prepara para jugar la semifinal de la Copa de la Liga Profesional de F\u00fatbol ante Boca, dio negativo en todos los hisopados realizados hoy antes del entrenamiento. Con los resultados negativos de los jugadores, cuerpo [&hellip;]<\/p>\n","protected":false},"author":1,"featured_media":5083,"comment_status":"closed","ping_status":"closed","sticky":false,"template":"","format":"standard","meta":[],"categories":[10],"tags":[],"_links":{"self":[{"href":"http:\/\/nuevacordoba.net\/index.php\/wp-json\/wp\/v2\/posts\/5082"}],"collection":[{"href":"http:\/\/nuevacordoba.net\/index.php\/wp-json\/wp\/v2\/posts"}],"about":[{"href":"http:\/\/nuevacordoba.net\/index.php\/wp-json\/wp\/v2\/types\/post"}],"author":[{"embeddable":true,"href":"http:\/\/nuevacordoba.net\/index.php\/wp-json\/wp\/v2\/users\/1"}],"replies":[{"embeddable":true,"href":"http:\/\/nuevacordoba.net\/index.php\/wp-json\/wp\/v2\/comments?post=5082"}],"version-history":[{"count":0,"href":"http:\/\/nuevacordoba.net\/index.php\/wp-json\/wp\/v2\/posts\/5082\/revisions"}],"wp:featuredmedia":[{"embeddable":true,"href":"http:\/\/nuevacordoba.net\/index.php\/wp-json\/wp\/v2\/media\/5083"}],"wp:attachment":[{"href":"http:\/\/nuevacordoba.net\/index.php\/wp-json\/wp\/v2\/media?parent=5082"}],"wp:term":[{"taxonomy":"category","embeddable":true,"href":"http:\/\/nuevacordoba.net\/index.php\/wp-json\/wp\/v2\/categories?post=5082"},{"taxonomy":"post_tag","embeddable":true,"href":"http:\/\/nuevacordoba.net\/index.php\/wp-json\/wp\/v2\/tags?post=5082"}],"curies":[{"name":"wp","href":"https:\/\/api.w.org\/{rel}","templated":true}]}}