{"id":51321,"date":"2024-11-30T12:42:50","date_gmt":"2024-11-30T12:42:50","guid":{"rendered":"http:\/\/cordobanewsnet.wordpress.com\/?p=12218"},"modified":"2024-11-30T12:42:50","modified_gmt":"2024-11-30T12:42:50","slug":"tormentas-en-cordoba-cuanta-agua-cayo-en-la-provincia","status":"publish","type":"post","link":"http:\/\/nuevacordoba.net\/index.php\/2024\/11\/30\/tormentas-en-cordoba-cuanta-agua-cayo-en-la-provincia\/","title":{"rendered":"Tormentas en C\u00f3rdoba, \u00bf cuanta agua cay\u00f3 en la Provincia ?"},"content":{"rendered":"<p>La lluvia ha sido dispersa con bastante ca\u00edda de agua en algunos lugares del territorio provincial. Los r\u00edos aumentaron considerablemente su caudal.<\/p>\n<p>Desde la&nbsp;<strong>Secretar\u00eda de Gesti\u00f3n de Riesgo y Protecci\u00f3n Civil de la Provincia de C\u00f3rdoba<\/strong>, informan que, a esta hora, y despu\u00e9s de la tormenta de ayer jueves y madrugada de hoy, la lluvia ha sido dispersa con bastante ca\u00edda de agua en algunos lugares del territorio provincial.<\/p>\n<p><strong>Seg\u00fan los datos obtenidos, en las siguientes localidades cay\u00f3 esta cantidad de agua:<\/strong><\/p>\n<p>\u2022 Cabalango: 50 mil\u00edmetros<br \/>\u2022 De\u00e1n Funes: 5 mil\u00edmetros<br \/>\u2022 Los Cocos: 4 mil\u00edmetros<br \/>\u2022 Villa de Soto: 50 mil\u00edmetros<br \/>\u2022 Bialet Mass\u00e9: 62 mil\u00edmetros<br \/>\u2022 Cosqu\u00edn: 60 mil\u00edmetros<br \/>\u2022 Icho Cruz: 40 mil\u00edmetros<br \/>\u2022 Villa Carlos Paz: 25 mil\u00edmetros<br \/>\u2022 Sald\u00e1n: 60 mil\u00edmetros<br \/>\u2022 Villa Allende: 60 mil\u00edmetros.<\/p>\n<p>El organismo indic\u00f3, adem\u00e1s, que los r\u00edos aumentaron considerablemente su caudal, llegando el r\u00edo Cosqu\u00edn a unos 3 metros aproximadamente, al igual que el r\u00edo San Antonio.<\/p>\n<p>Por su parte, el r\u00edo San Jos\u00e9 registr\u00f3 un aumento de 2 metros y el de Villa de Soto 3 metros y medio.<\/p>\n<p>Por tal motivo se cortaron vados en distintas localidades de la provincia.<\/p>\n<p>En la ciudad Capital, informaron que va a aumentar el cauce del r\u00edo Suqu\u00eda, por lo que podr\u00eda ser interrumpido el tr\u00e1nsito del sector norte de la costanera.<\/p>\n<p><strong>Recomendaciones<\/strong><\/p>\n<p>Desde la Secretar\u00eda de Gesti\u00f3n del Riesgo sugieren a la poblaci\u00f3n no subestimar nunca las alertas.<br \/>Adem\u00e1s, seguir las indicaciones de bomberos, polic\u00eda, protecci\u00f3n civil y defensa civil de cada una de las localidades.<\/p>\n<p>Por otro lado, se recomienda circular por las rutas con mucha precauci\u00f3n cuando hay lluvias intensas. No cruzar vados con agua, tampoco acercarse a las orillas de los r\u00edos o los arroyos que crecen muy r\u00e1pidamente.<\/p>\n<p>Por \u00faltimo, evitar hacer actividades al aire libre y no refugiarse cerca de \u00e1rboles o postes de electricidad.<\/p>\n<figure class=\"wp-block-image size-large\"><img loading=\"lazy\" data-attachment-id=\"12219\" data-permalink=\"https:\/\/cordobanewsnet.wordpress.com\/2024\/11\/30\/tormentas-en-cordoba-cuanta-agua-cayo-en-la-provincia\/image-578\/\" data-orig-file=\"http:\/\/nuevacordoba.net\/wp-content\/uploads\/2024\/11\/tormentas-en-cordoba-cuanta-agua-cayo-en-la-provincia.png\" data-orig-size=\"929,523\" data-comments-opened=\"1\" data-image-meta=\"{&quot;aperture&quot;:&quot;0&quot;,&quot;credit&quot;:&quot;&quot;,&quot;camera&quot;:&quot;&quot;,&quot;caption&quot;:&quot;&quot;,&quot;created_timestamp&quot;:&quot;0&quot;,&quot;copyright&quot;:&quot;&quot;,&quot;focal_length&quot;:&quot;0&quot;,&quot;iso&quot;:&quot;0&quot;,&quot;shutter_speed&quot;:&quot;0&quot;,&quot;title&quot;:&quot;&quot;,&quot;orientation&quot;:&quot;0&quot;}\" data-image-title=\"image\" data-image-description data-image-caption data-medium-file=\"http:\/\/nuevacordoba.net\/wp-content\/uploads\/2024\/11\/tormentas-en-cordoba-cuanta-agua-cayo-en-la-provincia.png?w=300\" data-large-file=\"http:\/\/nuevacordoba.net\/wp-content\/uploads\/2024\/11\/tormentas-en-cordoba-cuanta-agua-cayo-en-la-provincia.png?w=736\" width=\"929\" height=\"523\" src=\"http:\/\/nuevacordoba.net\/wp-content\/uploads\/2024\/11\/tormentas-en-cordoba-cuanta-agua-cayo-en-la-provincia.png\" alt class=\"wp-image-12219\" srcset=\"http:\/\/nuevacordoba.net\/wp-content\/uploads\/2024\/11\/tormentas-en-cordoba-cuanta-agua-cayo-en-la-provincia.png 929w, http:\/\/nuevacordoba.net\/wp-content\/uploads\/2024\/11\/tormentas-en-cordoba-cuanta-agua-cayo-en-la-provincia.png?w=150 150w, http:\/\/nuevacordoba.net\/wp-content\/uploads\/2024\/11\/tormentas-en-cordoba-cuanta-agua-cayo-en-la-provincia.png?w=300 300w, http:\/\/nuevacordoba.net\/wp-content\/uploads\/2024\/11\/tormentas-en-cordoba-cuanta-agua-cayo-en-la-provincia.png?w=768 768w\" sizes=\"(max-width: 929px) 100vw, 929px\"><\/figure>\n<p>Fuente : Telefe C\u00f3rdoba Argentina<\/p>\n<p><span id=\"wordads-inline-marker\"><\/span> <\/p>\n<div id=\"jp-post-flair\" class=\"sharedaddy sd-like-enabled sd-sharing-enabled\">\n<div class=\"sharedaddy sd-sharing-enabled\">\n<div class=\"robots-nocontent sd-block sd-social sd-social-icon-text sd-sharing\">\n<h3 class=\"sd-title\">Comparte esto:<\/h3>\n<\/div>\n<\/div>\n<div class=\"sharedaddy sd-block sd-like jetpack-likes-widget-wrapper jetpack-likes-widget-unloaded\" id=\"like-post-wrapper-143108178-12218-674b11b8274a1\" data-src=\"\/\/widgets.wp.com\/likes\/index.html?ver=20241130#blog_id=143108178&amp;post_id=12218&amp;origin=cordobanewsnet.wordpress.com&amp;obj_id=143108178-12218-674b11b8274a1\" data-name=\"like-post-frame-143108178-12218-674b11b8274a1\" data-title=\"Me gusta o Compartir\">\n<p><span class=\"button\"><span>Me gusta<\/span><\/span> <span class=\"loading\">Cargando&#8230;<\/span><\/p>\n<p><span class=\"sd-text-color\"><\/span><\/div>\n<p><h3 class=\"jp-relatedposts-headline\"><em>Relacionado<\/em><\/h3>\n<\/p>\n<\/div>\n","protected":false},"excerpt":{"rendered":"<p>La lluvia ha sido dispersa con bastante ca\u00edda de agua en algunos lugares del territorio provincial. Los r\u00edos aumentaron considerablemente su caudal. Desde la&nbsp;Secretar\u00eda de Gesti\u00f3n de Riesgo y Protecci\u00f3n Civil de la Provincia de C\u00f3rdoba, informan que, a esta hora, y despu\u00e9s de la tormenta de ayer jueves y madrugada de hoy, la lluvia [&hellip;]<\/p>\n","protected":false},"author":1,"featured_media":51322,"comment_status":"closed","ping_status":"closed","sticky":false,"template":"","format":"standard","meta":[],"categories":[14],"tags":[],"_links":{"self":[{"href":"http:\/\/nuevacordoba.net\/index.php\/wp-json\/wp\/v2\/posts\/51321"}],"collection":[{"href":"http:\/\/nuevacordoba.net\/index.php\/wp-json\/wp\/v2\/posts"}],"about":[{"href":"http:\/\/nuevacordoba.net\/index.php\/wp-json\/wp\/v2\/types\/post"}],"author":[{"embeddable":true,"href":"http:\/\/nuevacordoba.net\/index.php\/wp-json\/wp\/v2\/users\/1"}],"replies":[{"embeddable":true,"href":"http:\/\/nuevacordoba.net\/index.php\/wp-json\/wp\/v2\/comments?post=51321"}],"version-history":[{"count":0,"href":"http:\/\/nuevacordoba.net\/index.php\/wp-json\/wp\/v2\/posts\/51321\/revisions"}],"wp:featuredmedia":[{"embeddable":true,"href":"http:\/\/nuevacordoba.net\/index.php\/wp-json\/wp\/v2\/media\/51322"}],"wp:attachment":[{"href":"http:\/\/nuevacordoba.net\/index.php\/wp-json\/wp\/v2\/media?parent=51321"}],"wp:term":[{"taxonomy":"category","embeddable":true,"href":"http:\/\/nuevacordoba.net\/index.php\/wp-json\/wp\/v2\/categories?post=51321"},{"taxonomy":"post_tag","embeddable":true,"href":"http:\/\/nuevacordoba.net\/index.php\/wp-json\/wp\/v2\/tags?post=51321"}],"curies":[{"name":"wp","href":"https:\/\/api.w.org\/{rel}","templated":true}]}}