{"id":51377,"date":"2024-12-01T22:34:49","date_gmt":"2024-12-01T22:34:49","guid":{"rendered":"https:\/\/www.ole.com.ar\/autos\/dijo-julian-santero-sabotaje-auto-werner-previa-definicion-tc_0_ew7sVWhAru.html"},"modified":"2024-12-01T22:34:49","modified_gmt":"2024-12-01T22:34:49","slug":"que-dijo-julian-santero-sobre-el-sabotaje-al-auto-de-werner-en-la-previa-de-la-definicion-del-tc","status":"publish","type":"post","link":"http:\/\/nuevacordoba.net\/index.php\/2024\/12\/01\/que-dijo-julian-santero-sobre-el-sabotaje-al-auto-de-werner-en-la-previa-de-la-definicion-del-tc\/","title":{"rendered":"\u00bfQu\u00e9 dijo Juli\u00e1n Santero sobre el sabotaje al auto de Werner en la previa de la definici\u00f3n del TC?"},"content":{"rendered":"<p><time class=\"createDate\" datetime=\"2024-12-01T19:34:49-03:00\">01\/12\/2024 19:34hs.<\/time><\/p>\n<div id=\"storyBody\">\n<div class=\"custom-text \" readability=\"36.297786720322\">\n<p>El Gran Premio Coronaci\u00f3n del <strong><a href=\"https:\/\/www.ole.com.ar\/tema\/turismo-carretera.html\" title=\"Turismo Carretera\" alt=\"Turismo Carretera\" class=\"slug\">Turismo Carretera<\/a> y la consagraci\u00f3n de <a href=\"https:\/\/www.ole.com.ar\/tema\/julian-santero.html\" title=\"Juli\u00e1n Santero\" alt=\"Juli\u00e1n Santero\" class=\"slug\">Juli\u00e1n Santero<\/a> como campe\u00f3n de la categor\u00eda<\/strong>, qued\u00f3 opacada por la gran pol\u00e9mica que tuvo a <strong><a href=\"https:\/\/www.ole.com.ar\/tema\/mariano-werner.html\" title=\"Mariano Werner\" alt=\"Mariano Werner\" class=\"slug\">Mariano Werner<\/a><\/strong>, uno de los candidato al t\u00edtulo, <strong>como protagonista<\/strong>. Cuando se habilit\u00f3 la pista y los autos comenzaron a salir para completar la vuelta previa, un grupo de personas que hab\u00eda invadido el trazado,<strong> tir\u00f3 papelitos estrat\u00e9gicamente en el frente del Ford Mustang del entrerriano para tapar la toma de aire del auto. <\/strong><\/p>\n<\/div>\n<div class=\"custom-text \" readability=\"40\">\n<p>Por este motivo, Werner tuvo que largar desde boxes, luego de verse obligado a ingresar para limpiar el frente de su Ford. <strong>Y fue con ese ingreso, que se terminaron de esfumar todas las chances del tricampe\u00f3n de ir en busca de su cuarto t\u00edtulo en el TC.<\/strong> Despu\u00e9s de lo sucedido, y tras la consagraci\u00f3n de <strong>Santero, el flamante campe\u00f3n se refiri\u00f3 al tema y conden\u00f3 la actitud de los hinchas.<\/strong><\/p>\n<\/div>\n<div class=\"sc-734b4696-1 kFfZtB\">\n<div class=\"sc-d00d9e74-0 hnHYbk\" type=\"embed\">\n<div class=\"sc-d00d9e74-1 iKVbz videoText\" id=\"contentTitleembedoID3qcHv\" type=\"embed\"><svg fill=\"#ffffff\"><symbol id=\"play\" viewBox=\"0 0 512 512\"><path d=\"M512 256C512 397.4 397.4 512 256 512C114.6 512 0 397.4 0 256C0 114.6 114.6 0 256 0C397.4 0 512 114.6 512 256zM176 168V344C176 352.7 180.7 360.7 188.3 364.9C195.8 369.2 205.1 369 212.5 364.5L356.5 276.5C363.6 272.1 368 264.4 368 256C368 247.6 363.6 239.9 356.5 235.5L212.5 147.5C205.1 142.1 195.8 142.8 188.3 147.1C180.7 151.3 176 159.3 176 168V168z\" \/><\/symbol><use xlink:href=\"#play\" \/><\/svg><\/p>\n<div class=\"right\">\n<p>Mariano Werner<!-- --> &#8211; <span>&nbsp;<\/span><\/p>\n<h2 class=\"title-vid\">As\u00ed sabotearon al auto de Werner en el TC en La Plata<\/h2>\n<\/div>\n<\/div>\n<p><span class=\"back\" id=\"spanBackembedoID3qcHv\"><\/span><\/div>\n<p>Cr\u00e9dito: Motorplay<\/p>\n<\/div>\n<div class=\"custom-text \" readability=\"42\">\n<p><strong>\u00abMe parece que no est\u00e1 bien. Me parece completamente injusto para Mariano y para el equipo\u00bb,<\/strong> comenz\u00f3 Santero, luego de celebrar el t\u00edtulo. Y, en la misma l\u00ednea, en di\u00e1logo con Carburando, agreg\u00f3: \u00ab<strong>Son cosas que no deber\u00edan pasar. Desde la invasi\u00f3n de pista, porque es peligroso, y mucho menos que le tiren papeles al radiador de un auto de un rival\u00bb. <\/strong><\/p>\n<\/div>\n<div class=\"sc-734b4696-1 kFfZtB\" readability=\"8\">\n<div class=\"sc-d00d9e74-0 hnHYbk\" type=\"embed\">\n<div class=\"sc-d00d9e74-1 iKVbz videoText\" id=\"contentTitleembedny0snjt2\" type=\"embed\"><svg fill=\"#ffffff\"><symbol id=\"play\" viewBox=\"0 0 512 512\"><path d=\"M512 256C512 397.4 397.4 512 256 512C114.6 512 0 397.4 0 256C0 114.6 114.6 0 256 0C397.4 0 512 114.6 512 256zM176 168V344C176 352.7 180.7 360.7 188.3 364.9C195.8 369.2 205.1 369 212.5 364.5L356.5 276.5C363.6 272.1 368 264.4 368 256C368 247.6 363.6 239.9 356.5 235.5L212.5 147.5C205.1 142.1 195.8 142.8 188.3 147.1C180.7 151.3 176 159.3 176 168V168z\" \/><\/symbol><use xlink:href=\"#play\" \/><\/svg><\/p>\n<div class=\"right\">\n<p>Juli\u00e1n Santero<!-- --> &#8211; <span>&nbsp;<\/span><\/p>\n<h2 class=\"title-vid\">Qu\u00e9 dijo Juli\u00e1n Santero sobre lo sucedido con Werner en la pol\u00e9mica definici\u00f3n del TC <\/h2>\n<\/div>\n<\/div>\n<p><span class=\"back\" id=\"spanBackembedny0snjt2\"><\/span><\/div>\n<p>El flamante campe\u00f3n de la categor\u00eda conden\u00f3 la actitud de los hinchas que tiraron papelitos en el frente del auto del entrerriano. Video: Carburando. <\/p>\n<\/div>\n<p><h2><strong>Qu\u00e9 dijo Werner tras perder el t\u00edtulo del TC con Santero por culpa de los hinchas de Chevrolet<\/strong><\/h2>\n<\/p>\n<div class=\"custom-text \" readability=\"48\">\n<p>\u00abFelicitamos primero a Juli\u00e1n, un justo campe\u00f3n. Quiero agradecerle obviamente a todo el equipo de ac\u00e1, uno de los integrantes, los mec\u00e1nicos, a toda la familia, a mis hijos, mi se\u00f1ora, a todas las publicidades,<strong> a toda la hinchada de Ford, qued\u00f3 una marca y despu\u00e9s, bueno, si fue sin querer, obviamente&#8230;\u00bb, comenz\u00f3 Mariano Werner tras el final de la carrera. <\/strong><\/p>\n<\/div>\n<div class=\"custom-text \" readability=\"35\">\n<p>El periodista Mauricio Mansilla lo interrumpi\u00f3 y le pregunt\u00f3 lo que todos quer\u00edan saber luego de que el Zorro arrancara una declaraci\u00f3n elegante pro categor\u00eda. <strong>\u00abFuiste perjudicado hoy\u00bb, afirm\u00f3 el cronista.<\/strong><\/p>\n<\/div>\n<div class=\"sc-734b4696-1 kFfZtB\">\n<div class=\"sc-d00d9e74-0 hnHYbk\" type=\"embed\">\n<div class=\"sc-d00d9e74-1 iKVbz videoText\" id=\"contentTitleembedoID3qcHv\" type=\"embed\"><svg fill=\"#ffffff\"><symbol id=\"play\" viewBox=\"0 0 512 512\"><path d=\"M512 256C512 397.4 397.4 512 256 512C114.6 512 0 397.4 0 256C0 114.6 114.6 0 256 0C397.4 0 512 114.6 512 256zM176 168V344C176 352.7 180.7 360.7 188.3 364.9C195.8 369.2 205.1 369 212.5 364.5L356.5 276.5C363.6 272.1 368 264.4 368 256C368 247.6 363.6 239.9 356.5 235.5L212.5 147.5C205.1 142.1 195.8 142.8 188.3 147.1C180.7 151.3 176 159.3 176 168V168z\" \/><\/symbol><use xlink:href=\"#play\" \/><\/svg><\/p>\n<div class=\"right\">\n<p>Mariano Werner<!-- --> &#8211; <span>&nbsp;<\/span><\/p>\n<h2 class=\"title-vid\">As\u00ed sabotearon al auto de Werner en el TC en La Plata<\/h2>\n<\/div>\n<\/div>\n<p><span class=\"back\" id=\"spanBackembedoID3qcHv\"><\/span><\/div>\n<p>Cr\u00e9dito: Motorplay<\/p>\n<\/div>\n<div class=\"custom-text \" readability=\"42\">\n<p>El paranaense contest\u00f3: \u00ab<strong>Si fue sin querer, perdonarlo, y si fue adrede, hay una justicia divina en todo, as\u00ed que bueno, me quedo con que no era para nosotros y que el que lo hizo innecesariamente&#8230; porque bueno, a las cosas hay que definirlas en la pista.<\/strong> Me quedo con con lo mejor de del a\u00f1o, con haber dejado todo en cada momento y con seguir teniendo la misma pasi\u00f3n hasta la \u00faltima curva\u00bb.<\/p>\n<\/div>\n<div class=\"custom-text \" readability=\"44\">\n<p>Respecto de si sent\u00eda bronca, dijo<strong>: \u00abSon cosas de la carrera y bueno, lamentablemente me hubiera gustado perder por rendimiento, porque fueron mejores, pero bueno, es claro que que hubo una mano que no tiene que estar\u00bb.<\/strong> Luego agreg\u00f3: \u00abNo voy a bajar los brazos, jam\u00e1s. El que me conoce sabe c\u00f3mo hago las cosas, c\u00f3mo pienso y bueno, agradecido nuevamente a todo el equipo que me dio una chance m\u00e1s\u00bb. De la emoci\u00f3n y las l\u00e1grimas, no pudo seguir.<\/p>\n<\/div>\n<div class=\"sc-a7166897-0 eoLsBE\" readability=\"6.5\">\n<section readability=\"3\"><picture><img alt=\"As\u00ed quedaron las posiciones finales de la Copa de Oro y el campeonato del Turismo Carretera \" loading=\"lazy\" width=\"290\" height=\"290\" decoding=\"async\" data-nimg=\"1\" src=\"http:\/\/nuevacordoba.net\/wp-content\/uploads\/2024\/12\/que-dijo-julian-santero-sobre-el-sabotaje-al-auto-de-werner-en-la-previa-de-la-definicion-del-tc.jpg\"><\/picture>\n<p><span>Mir\u00e1 tambi\u00e9n<\/span><\/p>\n<hr>\n<h3>As\u00ed quedaron las posiciones finales de la Copa de Oro y el campeonato del Turismo Carretera <\/h3>\n<\/p>\n<\/section>\n<\/div>\n<div class=\"sc-a7166897-0 eoLsBE\" readability=\"6.5\">\n<section readability=\"3\"><picture><img alt=\"Verg\u00fcenza: hinchas de Chevrolet le tiraron papelitos a Werner (Ford) y le arruinaron el campeonato de TC\" loading=\"lazy\" width=\"290\" height=\"290\" decoding=\"async\" data-nimg=\"1\" src=\"http:\/\/nuevacordoba.net\/wp-content\/uploads\/2024\/12\/que-dijo-julian-santero-sobre-el-sabotaje-al-auto-de-werner-en-la-previa-de-la-definicion-del-tc-1.jpg\"><\/picture>\n<p><span>Mir\u00e1 tambi\u00e9n<\/span><\/p>\n<hr>\n<h3>Verg\u00fcenza: hinchas de Chevrolet le tiraron papelitos a Werner (Ford) y le arruinaron el campeonato de TC<\/h3>\n<\/p>\n<\/section>\n<\/div>\n<div class=\"sc-a7166897-0 eoLsBE\" readability=\"6\">\n<section readability=\"2\"><picture><img alt=\"Papel\u00f3n fue el del TC y no de Colapinto \" loading=\"lazy\" width=\"290\" height=\"290\" decoding=\"async\" data-nimg=\"1\" src=\"http:\/\/nuevacordoba.net\/wp-content\/uploads\/2024\/12\/que-dijo-julian-santero-sobre-el-sabotaje-al-auto-de-werner-en-la-previa-de-la-definicion-del-tc-2.jpg\"><\/picture>\n<p><span>Mir\u00e1 tambi\u00e9n<\/span><\/p>\n<hr>\n<h3>Papel\u00f3n fue el del TC y no de Colapinto <\/h3>\n<\/p>\n<\/section>\n<\/div>\n<\/div>\n","protected":false},"excerpt":{"rendered":"<p>01\/12\/2024 19:34hs. El Gran Premio Coronaci\u00f3n del Turismo Carretera y la consagraci\u00f3n de Juli\u00e1n Santero como campe\u00f3n de la categor\u00eda, qued\u00f3 opacada por la gran pol\u00e9mica que tuvo a Mariano Werner, uno de los candidato al t\u00edtulo, como protagonista. Cuando se habilit\u00f3 la pista y los autos comenzaron a salir para completar la vuelta previa, [&hellip;]<\/p>\n","protected":false},"author":1,"featured_media":51378,"comment_status":"closed","ping_status":"closed","sticky":false,"template":"","format":"standard","meta":[],"categories":[10],"tags":[],"_links":{"self":[{"href":"http:\/\/nuevacordoba.net\/index.php\/wp-json\/wp\/v2\/posts\/51377"}],"collection":[{"href":"http:\/\/nuevacordoba.net\/index.php\/wp-json\/wp\/v2\/posts"}],"about":[{"href":"http:\/\/nuevacordoba.net\/index.php\/wp-json\/wp\/v2\/types\/post"}],"author":[{"embeddable":true,"href":"http:\/\/nuevacordoba.net\/index.php\/wp-json\/wp\/v2\/users\/1"}],"replies":[{"embeddable":true,"href":"http:\/\/nuevacordoba.net\/index.php\/wp-json\/wp\/v2\/comments?post=51377"}],"version-history":[{"count":0,"href":"http:\/\/nuevacordoba.net\/index.php\/wp-json\/wp\/v2\/posts\/51377\/revisions"}],"wp:featuredmedia":[{"embeddable":true,"href":"http:\/\/nuevacordoba.net\/index.php\/wp-json\/wp\/v2\/media\/51378"}],"wp:attachment":[{"href":"http:\/\/nuevacordoba.net\/index.php\/wp-json\/wp\/v2\/media?parent=51377"}],"wp:term":[{"taxonomy":"category","embeddable":true,"href":"http:\/\/nuevacordoba.net\/index.php\/wp-json\/wp\/v2\/categories?post=51377"},{"taxonomy":"post_tag","embeddable":true,"href":"http:\/\/nuevacordoba.net\/index.php\/wp-json\/wp\/v2\/tags?post=51377"}],"curies":[{"name":"wp","href":"https:\/\/api.w.org\/{rel}","templated":true}]}}