{"id":51397,"date":"2024-12-02T03:03:35","date_gmt":"2024-12-02T03:03:35","guid":{"rendered":"https:\/\/puntoapunto.com.ar\/?p=367862"},"modified":"2024-12-02T03:03:35","modified_gmt":"2024-12-02T03:03:35","slug":"postales-y-protagonistas-de-el-empresario-del-ano-2024","status":"publish","type":"post","link":"http:\/\/nuevacordoba.net\/index.php\/2024\/12\/02\/postales-y-protagonistas-de-el-empresario-del-ano-2024\/","title":{"rendered":"Postales y protagonistas de El Empresario del A\u00f1o 2024"},"content":{"rendered":"<div class=\"g g-36\">\n<div class=\"g-dyn a-29 c-1\"><a class=\"gofollow\" data-track=\"MjksMzYsMSw2MA==\" href=\"https:\/\/www.harmoniechateau.com.ar\/\" target=\"_blank\" rel=\"noopener\"><img src=\"http:\/\/nuevacordoba.net\/wp-content\/uploads\/2024\/12\/postales-y-protagonistas-de-el-empresario-del-ano-2024.gif\" loading=\"lazy\"><\/a><\/div>\n<\/div>\n<p>&nbsp;\n<\/p>\n<p>Como cada a\u00f1o se realiz\u00f3 el tradicional evento de&nbsp;<strong>El Empresario del A\u00f1o y los mejores del 2024<\/strong>, una velada para reconocer y premiar el trabajo del sector privado de C\u00f3rdoba.<!-- \u00a1O bien no hay banners, estan desactivados o no estan programados para esta ubicaci\u00f3n! -->\n<\/p>\n<p>Una vez m\u00e1s,<strong>&nbsp;Punto a Punto volvi\u00f3 a demostrar que es el medio de los negocios elegido por la comunidad empresarial<\/strong>&nbsp;y el \u00e1mbito pol\u00edtico para reunirse y renovar la propuesta que combina la ceremonia de premiaci\u00f3n y la oportunidad de volver a encontrarse con los pares.\n<\/p>\n<p><strong>Hotel Quinto Centenario <\/strong>fue el escenario que junt\u00f3 a casi <strong>400<\/strong> <strong>personas<\/strong>&nbsp;<strong>entre hombres y mujeres de negocios, personalidades del \u00e1mbito de la pol\u00edtica y de la justicia.<\/strong><!-- \u00a1O bien no hay banners, estan desactivados o no estan programados para esta ubicaci\u00f3n! -->\n<\/p>\n<p><strong>Algunos protagonistas de la noche<\/strong><\/p>\n<p><img decoding=\"async\" class=\"aligncenter size-full wp-image-367895\" src=\"http:\/\/nuevacordoba.net\/wp-content\/uploads\/2024\/12\/postales-y-protagonistas-de-el-empresario-del-ano-2024.jpg\" alt width=\"2560\" height=\"1707\" srcset=\"http:\/\/nuevacordoba.net\/wp-content\/uploads\/2024\/12\/postales-y-protagonistas-de-el-empresario-del-ano-2024.jpg 2560w, http:\/\/nuevacordoba.net\/wp-content\/uploads\/2024\/12\/postales-y-protagonistas-de-el-empresario-del-ano-2024-10.jpg 300w, http:\/\/nuevacordoba.net\/wp-content\/uploads\/2024\/12\/postales-y-protagonistas-de-el-empresario-del-ano-2024-11.jpg 1024w, http:\/\/nuevacordoba.net\/wp-content\/uploads\/2024\/12\/postales-y-protagonistas-de-el-empresario-del-ano-2024-12.jpg 768w, http:\/\/nuevacordoba.net\/wp-content\/uploads\/2024\/12\/postales-y-protagonistas-de-el-empresario-del-ano-2024-13.jpg 1536w, http:\/\/nuevacordoba.net\/wp-content\/uploads\/2024\/12\/postales-y-protagonistas-de-el-empresario-del-ano-2024-14.jpg 2048w, http:\/\/nuevacordoba.net\/wp-content\/uploads\/2024\/12\/postales-y-protagonistas-de-el-empresario-del-ano-2024-15.jpg 750w, http:\/\/nuevacordoba.net\/wp-content\/uploads\/2024\/12\/postales-y-protagonistas-de-el-empresario-del-ano-2024-16.jpg 1140w\" sizes=\"(max-width: 2560px) 100vw, 2560px\" loading=\"lazy\"> <img decoding=\"async\" class=\"aligncenter size-full wp-image-367896\" src=\"http:\/\/nuevacordoba.net\/wp-content\/uploads\/2024\/12\/postales-y-protagonistas-de-el-empresario-del-ano-2024-1.jpg\" alt width=\"2560\" height=\"1707\" srcset=\"http:\/\/nuevacordoba.net\/wp-content\/uploads\/2024\/12\/postales-y-protagonistas-de-el-empresario-del-ano-2024-1.jpg 2560w, http:\/\/nuevacordoba.net\/wp-content\/uploads\/2024\/12\/postales-y-protagonistas-de-el-empresario-del-ano-2024-17.jpg 300w, http:\/\/nuevacordoba.net\/wp-content\/uploads\/2024\/12\/postales-y-protagonistas-de-el-empresario-del-ano-2024-18.jpg 1024w, http:\/\/nuevacordoba.net\/wp-content\/uploads\/2024\/12\/postales-y-protagonistas-de-el-empresario-del-ano-2024-19.jpg 768w, http:\/\/nuevacordoba.net\/wp-content\/uploads\/2024\/12\/postales-y-protagonistas-de-el-empresario-del-ano-2024-20.jpg 1536w, http:\/\/nuevacordoba.net\/wp-content\/uploads\/2024\/12\/postales-y-protagonistas-de-el-empresario-del-ano-2024-21.jpg 2048w, http:\/\/nuevacordoba.net\/wp-content\/uploads\/2024\/12\/postales-y-protagonistas-de-el-empresario-del-ano-2024-22.jpg 750w, http:\/\/nuevacordoba.net\/wp-content\/uploads\/2024\/12\/postales-y-protagonistas-de-el-empresario-del-ano-2024-23.jpg 1140w\" sizes=\"(max-width: 2560px) 100vw, 2560px\" loading=\"lazy\"> <img decoding=\"async\" class=\"aligncenter size-full wp-image-367897\" src=\"http:\/\/nuevacordoba.net\/wp-content\/uploads\/2024\/12\/postales-y-protagonistas-de-el-empresario-del-ano-2024-2.jpg\" alt width=\"2560\" height=\"1707\" srcset=\"http:\/\/nuevacordoba.net\/wp-content\/uploads\/2024\/12\/postales-y-protagonistas-de-el-empresario-del-ano-2024-2.jpg 2560w, http:\/\/nuevacordoba.net\/wp-content\/uploads\/2024\/12\/postales-y-protagonistas-de-el-empresario-del-ano-2024-24.jpg 300w, http:\/\/nuevacordoba.net\/wp-content\/uploads\/2024\/12\/postales-y-protagonistas-de-el-empresario-del-ano-2024-25.jpg 1024w, http:\/\/nuevacordoba.net\/wp-content\/uploads\/2024\/12\/postales-y-protagonistas-de-el-empresario-del-ano-2024-26.jpg 768w, http:\/\/nuevacordoba.net\/wp-content\/uploads\/2024\/12\/postales-y-protagonistas-de-el-empresario-del-ano-2024-27.jpg 1536w, http:\/\/nuevacordoba.net\/wp-content\/uploads\/2024\/12\/postales-y-protagonistas-de-el-empresario-del-ano-2024-28.jpg 2048w, http:\/\/nuevacordoba.net\/wp-content\/uploads\/2024\/12\/postales-y-protagonistas-de-el-empresario-del-ano-2024-29.jpg 750w, http:\/\/nuevacordoba.net\/wp-content\/uploads\/2024\/12\/postales-y-protagonistas-de-el-empresario-del-ano-2024-30.jpg 1140w\" sizes=\"(max-width: 2560px) 100vw, 2560px\" loading=\"lazy\"> <img decoding=\"async\" class=\"aligncenter size-full wp-image-367898\" src=\"http:\/\/nuevacordoba.net\/wp-content\/uploads\/2024\/12\/postales-y-protagonistas-de-el-empresario-del-ano-2024-3.jpg\" alt width=\"2560\" height=\"1707\" srcset=\"http:\/\/nuevacordoba.net\/wp-content\/uploads\/2024\/12\/postales-y-protagonistas-de-el-empresario-del-ano-2024-3.jpg 2560w, http:\/\/nuevacordoba.net\/wp-content\/uploads\/2024\/12\/postales-y-protagonistas-de-el-empresario-del-ano-2024-31.jpg 300w, http:\/\/nuevacordoba.net\/wp-content\/uploads\/2024\/12\/postales-y-protagonistas-de-el-empresario-del-ano-2024-32.jpg 1024w, http:\/\/nuevacordoba.net\/wp-content\/uploads\/2024\/12\/postales-y-protagonistas-de-el-empresario-del-ano-2024-33.jpg 768w, http:\/\/nuevacordoba.net\/wp-content\/uploads\/2024\/12\/postales-y-protagonistas-de-el-empresario-del-ano-2024-34.jpg 1536w, http:\/\/nuevacordoba.net\/wp-content\/uploads\/2024\/12\/postales-y-protagonistas-de-el-empresario-del-ano-2024-35.jpg 2048w, http:\/\/nuevacordoba.net\/wp-content\/uploads\/2024\/12\/postales-y-protagonistas-de-el-empresario-del-ano-2024-36.jpg 750w, http:\/\/nuevacordoba.net\/wp-content\/uploads\/2024\/12\/postales-y-protagonistas-de-el-empresario-del-ano-2024-37.jpg 1140w\" sizes=\"(max-width: 2560px) 100vw, 2560px\" loading=\"lazy\"> <img decoding=\"async\" class=\"aligncenter size-full wp-image-367899\" src=\"http:\/\/nuevacordoba.net\/wp-content\/uploads\/2024\/12\/postales-y-protagonistas-de-el-empresario-del-ano-2024-4.jpg\" alt width=\"2560\" height=\"1707\" srcset=\"http:\/\/nuevacordoba.net\/wp-content\/uploads\/2024\/12\/postales-y-protagonistas-de-el-empresario-del-ano-2024-4.jpg 2560w, http:\/\/nuevacordoba.net\/wp-content\/uploads\/2024\/12\/postales-y-protagonistas-de-el-empresario-del-ano-2024-38.jpg 300w, http:\/\/nuevacordoba.net\/wp-content\/uploads\/2024\/12\/postales-y-protagonistas-de-el-empresario-del-ano-2024-39.jpg 1024w, http:\/\/nuevacordoba.net\/wp-content\/uploads\/2024\/12\/postales-y-protagonistas-de-el-empresario-del-ano-2024-40.jpg 768w, http:\/\/nuevacordoba.net\/wp-content\/uploads\/2024\/12\/postales-y-protagonistas-de-el-empresario-del-ano-2024-41.jpg 1536w, http:\/\/nuevacordoba.net\/wp-content\/uploads\/2024\/12\/postales-y-protagonistas-de-el-empresario-del-ano-2024-42.jpg 2048w, http:\/\/nuevacordoba.net\/wp-content\/uploads\/2024\/12\/postales-y-protagonistas-de-el-empresario-del-ano-2024-43.jpg 750w, http:\/\/nuevacordoba.net\/wp-content\/uploads\/2024\/12\/postales-y-protagonistas-de-el-empresario-del-ano-2024-44.jpg 1140w\" sizes=\"(max-width: 2560px) 100vw, 2560px\" loading=\"lazy\"> <img decoding=\"async\" class=\"aligncenter size-full wp-image-367900\" src=\"http:\/\/nuevacordoba.net\/wp-content\/uploads\/2024\/12\/postales-y-protagonistas-de-el-empresario-del-ano-2024-5.jpg\" alt width=\"2560\" height=\"1707\" srcset=\"http:\/\/nuevacordoba.net\/wp-content\/uploads\/2024\/12\/postales-y-protagonistas-de-el-empresario-del-ano-2024-5.jpg 2560w, http:\/\/nuevacordoba.net\/wp-content\/uploads\/2024\/12\/postales-y-protagonistas-de-el-empresario-del-ano-2024-45.jpg 300w, http:\/\/nuevacordoba.net\/wp-content\/uploads\/2024\/12\/postales-y-protagonistas-de-el-empresario-del-ano-2024-46.jpg 1024w, http:\/\/nuevacordoba.net\/wp-content\/uploads\/2024\/12\/postales-y-protagonistas-de-el-empresario-del-ano-2024-47.jpg 768w, http:\/\/nuevacordoba.net\/wp-content\/uploads\/2024\/12\/postales-y-protagonistas-de-el-empresario-del-ano-2024-48.jpg 1536w, http:\/\/nuevacordoba.net\/wp-content\/uploads\/2024\/12\/postales-y-protagonistas-de-el-empresario-del-ano-2024-49.jpg 2048w, http:\/\/nuevacordoba.net\/wp-content\/uploads\/2024\/12\/postales-y-protagonistas-de-el-empresario-del-ano-2024-50.jpg 750w, http:\/\/nuevacordoba.net\/wp-content\/uploads\/2024\/12\/postales-y-protagonistas-de-el-empresario-del-ano-2024-51.jpg 1140w\" sizes=\"(max-width: 2560px) 100vw, 2560px\" loading=\"lazy\"> <img decoding=\"async\" class=\"aligncenter size-full wp-image-367901\" src=\"http:\/\/nuevacordoba.net\/wp-content\/uploads\/2024\/12\/postales-y-protagonistas-de-el-empresario-del-ano-2024-6.jpg\" alt width=\"2560\" height=\"1707\" srcset=\"http:\/\/nuevacordoba.net\/wp-content\/uploads\/2024\/12\/postales-y-protagonistas-de-el-empresario-del-ano-2024-6.jpg 2560w, http:\/\/nuevacordoba.net\/wp-content\/uploads\/2024\/12\/postales-y-protagonistas-de-el-empresario-del-ano-2024-52.jpg 300w, http:\/\/nuevacordoba.net\/wp-content\/uploads\/2024\/12\/postales-y-protagonistas-de-el-empresario-del-ano-2024-53.jpg 1024w, http:\/\/nuevacordoba.net\/wp-content\/uploads\/2024\/12\/postales-y-protagonistas-de-el-empresario-del-ano-2024-54.jpg 768w, http:\/\/nuevacordoba.net\/wp-content\/uploads\/2024\/12\/postales-y-protagonistas-de-el-empresario-del-ano-2024-55.jpg 1536w, http:\/\/nuevacordoba.net\/wp-content\/uploads\/2024\/12\/postales-y-protagonistas-de-el-empresario-del-ano-2024-56.jpg 2048w, http:\/\/nuevacordoba.net\/wp-content\/uploads\/2024\/12\/postales-y-protagonistas-de-el-empresario-del-ano-2024-57.jpg 750w, http:\/\/nuevacordoba.net\/wp-content\/uploads\/2024\/12\/postales-y-protagonistas-de-el-empresario-del-ano-2024-58.jpg 1140w\" sizes=\"(max-width: 2560px) 100vw, 2560px\" loading=\"lazy\"> <img decoding=\"async\" class=\"aligncenter size-full wp-image-367902\" src=\"http:\/\/nuevacordoba.net\/wp-content\/uploads\/2024\/12\/postales-y-protagonistas-de-el-empresario-del-ano-2024-7.jpg\" alt width=\"2560\" height=\"1707\" srcset=\"http:\/\/nuevacordoba.net\/wp-content\/uploads\/2024\/12\/postales-y-protagonistas-de-el-empresario-del-ano-2024-7.jpg 2560w, http:\/\/nuevacordoba.net\/wp-content\/uploads\/2024\/12\/postales-y-protagonistas-de-el-empresario-del-ano-2024-59.jpg 300w, http:\/\/nuevacordoba.net\/wp-content\/uploads\/2024\/12\/postales-y-protagonistas-de-el-empresario-del-ano-2024-60.jpg 1024w, http:\/\/nuevacordoba.net\/wp-content\/uploads\/2024\/12\/postales-y-protagonistas-de-el-empresario-del-ano-2024-61.jpg 768w, http:\/\/nuevacordoba.net\/wp-content\/uploads\/2024\/12\/postales-y-protagonistas-de-el-empresario-del-ano-2024-62.jpg 1536w, http:\/\/nuevacordoba.net\/wp-content\/uploads\/2024\/12\/postales-y-protagonistas-de-el-empresario-del-ano-2024-63.jpg 2048w, http:\/\/nuevacordoba.net\/wp-content\/uploads\/2024\/12\/postales-y-protagonistas-de-el-empresario-del-ano-2024-64.jpg 750w, http:\/\/nuevacordoba.net\/wp-content\/uploads\/2024\/12\/postales-y-protagonistas-de-el-empresario-del-ano-2024-65.jpg 1140w\" sizes=\"(max-width: 2560px) 100vw, 2560px\" loading=\"lazy\"> <img decoding=\"async\" class=\"aligncenter size-full wp-image-367903\" src=\"http:\/\/nuevacordoba.net\/wp-content\/uploads\/2024\/12\/postales-y-protagonistas-de-el-empresario-del-ano-2024-8.jpg\" alt width=\"2560\" height=\"1707\" srcset=\"http:\/\/nuevacordoba.net\/wp-content\/uploads\/2024\/12\/postales-y-protagonistas-de-el-empresario-del-ano-2024-8.jpg 2560w, http:\/\/nuevacordoba.net\/wp-content\/uploads\/2024\/12\/postales-y-protagonistas-de-el-empresario-del-ano-2024-66.jpg 300w, http:\/\/nuevacordoba.net\/wp-content\/uploads\/2024\/12\/postales-y-protagonistas-de-el-empresario-del-ano-2024-67.jpg 1024w, http:\/\/nuevacordoba.net\/wp-content\/uploads\/2024\/12\/postales-y-protagonistas-de-el-empresario-del-ano-2024-68.jpg 768w, http:\/\/nuevacordoba.net\/wp-content\/uploads\/2024\/12\/postales-y-protagonistas-de-el-empresario-del-ano-2024-69.jpg 1536w, http:\/\/nuevacordoba.net\/wp-content\/uploads\/2024\/12\/postales-y-protagonistas-de-el-empresario-del-ano-2024-70.jpg 2048w, http:\/\/nuevacordoba.net\/wp-content\/uploads\/2024\/12\/postales-y-protagonistas-de-el-empresario-del-ano-2024-71.jpg 750w, http:\/\/nuevacordoba.net\/wp-content\/uploads\/2024\/12\/postales-y-protagonistas-de-el-empresario-del-ano-2024-72.jpg 1140w\" sizes=\"(max-width: 2560px) 100vw, 2560px\" loading=\"lazy\"> <img decoding=\"async\" class=\"aligncenter size-full wp-image-367904\" src=\"http:\/\/nuevacordoba.net\/wp-content\/uploads\/2024\/12\/postales-y-protagonistas-de-el-empresario-del-ano-2024-9.jpg\" alt width=\"2560\" height=\"1707\" srcset=\"http:\/\/nuevacordoba.net\/wp-content\/uploads\/2024\/12\/postales-y-protagonistas-de-el-empresario-del-ano-2024-9.jpg 2560w, http:\/\/nuevacordoba.net\/wp-content\/uploads\/2024\/12\/postales-y-protagonistas-de-el-empresario-del-ano-2024-73.jpg 300w, http:\/\/nuevacordoba.net\/wp-content\/uploads\/2024\/12\/postales-y-protagonistas-de-el-empresario-del-ano-2024-74.jpg 1024w, http:\/\/nuevacordoba.net\/wp-content\/uploads\/2024\/12\/postales-y-protagonistas-de-el-empresario-del-ano-2024-75.jpg 768w, http:\/\/nuevacordoba.net\/wp-content\/uploads\/2024\/12\/postales-y-protagonistas-de-el-empresario-del-ano-2024-76.jpg 1536w, http:\/\/nuevacordoba.net\/wp-content\/uploads\/2024\/12\/postales-y-protagonistas-de-el-empresario-del-ano-2024-77.jpg 2048w, http:\/\/nuevacordoba.net\/wp-content\/uploads\/2024\/12\/postales-y-protagonistas-de-el-empresario-del-ano-2024-78.jpg 750w, http:\/\/nuevacordoba.net\/wp-content\/uploads\/2024\/12\/postales-y-protagonistas-de-el-empresario-del-ano-2024-79.jpg 1140w\" sizes=\"(max-width: 2560px) 100vw, 2560px\" loading=\"lazy\">\n<\/p>\n<div readability=\"23\">\n<p>El evento, organizado por&nbsp;<strong>Acacia Eventos<\/strong>, cont\u00f3 con la presencia de importantes marcas que se sumaron al Empresario del A\u00f1o como<strong> Baic Center C\u00f3rdoba, Foton-C\u00f3rdoba Truck, Evoltis, Constructora Elementos, C\u00f3rdoba Emprendedora, Max Energ\u00eda, Pueblo Nativo, Global, Semtraco, SOS Red de Asistencia, New Fly, Pavone y EMG.<\/strong><\/p>\n<\/div>\n<div class=\"g g-38\">\n<div class=\"g-dyn a-12 c-1\"><a class=\"gofollow\" data-track=\"MTIsMzgsMSw2MA==\" href=\"https:\/\/hospitalprivado.com.ar\/blog\/institucional\/somos-la-primera-institucion-del-interior-del-pais-en-acreditar-joint-commission-international.html\" target=\"_blank\" rel=\"noopener\"><img src=\"http:\/\/nuevacordoba.net\/wp-content\/uploads\/2024\/12\/postales-y-protagonistas-de-el-empresario-del-ano-2024-1.gif\" loading=\"lazy\"><\/a><\/div>\n<\/div>\n","protected":false},"excerpt":{"rendered":"<p>&nbsp; Como cada a\u00f1o se realiz\u00f3 el tradicional evento de&nbsp;El Empresario del A\u00f1o y los mejores del 2024, una velada para reconocer y premiar el trabajo del sector privado de C\u00f3rdoba. Una vez m\u00e1s,&nbsp;Punto a Punto volvi\u00f3 a demostrar que es el medio de los negocios elegido por la comunidad empresarial&nbsp;y el \u00e1mbito pol\u00edtico para [&hellip;]<\/p>\n","protected":false},"author":1,"featured_media":51398,"comment_status":"open","ping_status":"closed","sticky":false,"template":"","format":"standard","meta":[],"categories":[14],"tags":[],"_links":{"self":[{"href":"http:\/\/nuevacordoba.net\/index.php\/wp-json\/wp\/v2\/posts\/51397"}],"collection":[{"href":"http:\/\/nuevacordoba.net\/index.php\/wp-json\/wp\/v2\/posts"}],"about":[{"href":"http:\/\/nuevacordoba.net\/index.php\/wp-json\/wp\/v2\/types\/post"}],"author":[{"embeddable":true,"href":"http:\/\/nuevacordoba.net\/index.php\/wp-json\/wp\/v2\/users\/1"}],"replies":[{"embeddable":true,"href":"http:\/\/nuevacordoba.net\/index.php\/wp-json\/wp\/v2\/comments?post=51397"}],"version-history":[{"count":0,"href":"http:\/\/nuevacordoba.net\/index.php\/wp-json\/wp\/v2\/posts\/51397\/revisions"}],"wp:featuredmedia":[{"embeddable":true,"href":"http:\/\/nuevacordoba.net\/index.php\/wp-json\/wp\/v2\/media\/51398"}],"wp:attachment":[{"href":"http:\/\/nuevacordoba.net\/index.php\/wp-json\/wp\/v2\/media?parent=51397"}],"wp:term":[{"taxonomy":"category","embeddable":true,"href":"http:\/\/nuevacordoba.net\/index.php\/wp-json\/wp\/v2\/categories?post=51397"},{"taxonomy":"post_tag","embeddable":true,"href":"http:\/\/nuevacordoba.net\/index.php\/wp-json\/wp\/v2\/tags?post=51397"}],"curies":[{"name":"wp","href":"https:\/\/api.w.org\/{rel}","templated":true}]}}