{"id":51403,"date":"2024-12-02T21:20:57","date_gmt":"2024-12-02T21:20:57","guid":{"rendered":"https:\/\/cordoba.gob.ar\/?p=64749"},"modified":"2024-12-02T21:20:57","modified_gmt":"2024-12-02T21:20:57","slug":"flamantes-colectivos-a-gnc-prestaran-servicio-desde-manana-en-las-lineas-a1-b1-y-c1-de-tamse","status":"publish","type":"post","link":"http:\/\/nuevacordoba.net\/index.php\/2024\/12\/02\/flamantes-colectivos-a-gnc-prestaran-servicio-desde-manana-en-las-lineas-a1-b1-y-c1-de-tamse\/","title":{"rendered":"Flamantes colectivos a GNC prestar\u00e1n servicio desde ma\u00f1ana en las l\u00edneas A1, B1 y C1 de Tamse"},"content":{"rendered":"<div><img src=\"http:\/\/nuevacordoba.net\/wp-content\/uploads\/2024\/12\/flamantes-colectivos-a-gnc-prestaran-servicio-desde-manana-en-las-lineas-a1-b1-y-c1-de-tamse.jpg\" class=\"ff-og-image-inserted\"><\/div>\n<ul>\n<li><strong>Passerini y Fern\u00e1ndez presentaron las 20 nuevas unidades. Fueron fabricadas por la marca Iveco, en la planta de barrio Ferreyra de la Capital Provincial.<\/strong><\/li>\n<li><strong>La combusti\u00f3n a GNC reduce las emisiones de carbono y gases de efecto invernadero.<\/strong><\/li>\n<li><strong><strong>Este a\u00f1o se incorporaron 170 colectivos 0km al sistema de transporte urbano de pasajeros.<\/strong><\/strong><br \/>\n<hr>\n<\/li>\n<\/ul>\n<p>El intendente de la ciudad de C\u00f3rdoba, Daniel Passerini, junto al secretario a cargo de la cartera de Movilidad Urbana, Rodrigo Fern\u00e1ndez, presentaron los flamantes colectivos con combusti\u00f3n a GNC que comenzar\u00e1n a prestar servicio desde este martes en las l\u00edneas A1, B1 y C1 correspondientes a la empresa TAMSE.<\/p>\n<p>Entrar\u00e1n en funcionamiento con el primer servicio de la ma\u00f1ana, programado para las 05:00 horas.<\/p>\n<p>Los 20 veh\u00edculos fueron fabricados \u00edntegramente en la ciudad, en la planta de barrio Ferreyra de la marca Iveco. Fueron construidos para funcionar \u00edntegramente con GNC, una energ\u00eda m\u00e1s limpia y amigable con el ambiente: disminuye las emisiones de carbono y gases de efecto invernadero y reduce significativamente la contaminaci\u00f3n sonora.<\/p>\n<p>Estas cualidades aportan a un tr\u00e1nsito m\u00e1s eficiente, con menos poluciones de gases contaminantes. Su andar sigiloso es tambi\u00e9n un beneficio que reduce los sonidos estridentes.<\/p>\n<p>Su autonom\u00eda es de 350 kil\u00f3metros, lo que les permite realizar el servicio del d\u00eda y la posterior recarga en la estaci\u00f3n YPF de TAMSE. Representa una mayor eficiencia de costo\/servicio de combustible que los veh\u00edculos tradicionales.<\/p>\n<p>El tiempo completo de carga de los tubos de GNC es menor a 30 minutos.<\/p>\n<p>Su tama\u00f1o es mayor a los tradicionales. Posee casi 13 metros de largo y una capacidad aproximada para 90 pasajeros por unidad, incluyendo dos espacios espec\u00edficos destinados a personas que se movilizan con sillas de rueda. Est\u00e1n equipados con rampas para personas con discapacidad, Wifi, puerto USB, entre otros beneficios.<\/p>\n<p>La inversi\u00f3n en estas 20 unidades es de $6.000 millones, por medio de la l\u00ednea de Cr\u00e9ditos para Municipios y Comunas que ofrece el Gobierno de la Provincia de C\u00f3rdoba a trav\u00e9s de Bancor.<\/p>\n<p data-pm-slice=\"1 1 []\">Passerini y Fern\u00e1ndez estuvieron acompa\u00f1ados por el viceintendente Javier Pretto y el titular de la Tamse, Eduardo Ram\u00edrez.<\/p>\n<p><strong>170 nuevos colectivos<\/strong><\/p>\n<p>Desde el abandono prematuro de la empresa Ersa el pasado marzo, la Municipalidad de C\u00f3rdoba, a trav\u00e9s de Tamse, junto a Coniferal incorporaron 170 colectivos 0km al sistema de transporte; y 244 en total, contabilizando las unidades rojas reparadas que se encontraban fuera de funcionamiento.<\/p>\n<p>En los \u00faltimos siete meses se optimizaron 24 l\u00edneas de transporte de manera directa: A1, B1, C1, 20, 22, 23, 24, 25, 26, 27, 40, 41, 42, 43, 44, 45, 50, 51, 70, 71, 72, 74 y 75. De manera indirecta, se ve beneficiado la totalidad del sistema de transporte urbano de pasajeros.<\/p>\n<p>La adquisici\u00f3n y puesta en funcionamiento de flamantes colectivos es la materializaci\u00f3n de un plan integral y la decisi\u00f3n pol\u00edtica del intendente Daniel Passerini, con el objetivo de optimizar las frecuencias y disminuir los tiempos de espera del sistema de transporte urbano de pasajeros de la ciudad de C\u00f3rdoba.<\/p>\n","protected":false},"excerpt":{"rendered":"<p>Passerini y Fern\u00e1ndez presentaron las 20 nuevas unidades. Fueron fabricadas por la marca Iveco, en la planta de barrio Ferreyra de la Capital Provincial. La combusti\u00f3n a GNC reduce las emisiones de carbono y gases de efecto invernadero. Este a\u00f1o se incorporaron 170 colectivos 0km al sistema de transporte urbano de pasajeros. El intendente de [&hellip;]<\/p>\n","protected":false},"author":1,"featured_media":51404,"comment_status":"closed","ping_status":"closed","sticky":false,"template":"","format":"standard","meta":[],"categories":[14],"tags":[],"_links":{"self":[{"href":"http:\/\/nuevacordoba.net\/index.php\/wp-json\/wp\/v2\/posts\/51403"}],"collection":[{"href":"http:\/\/nuevacordoba.net\/index.php\/wp-json\/wp\/v2\/posts"}],"about":[{"href":"http:\/\/nuevacordoba.net\/index.php\/wp-json\/wp\/v2\/types\/post"}],"author":[{"embeddable":true,"href":"http:\/\/nuevacordoba.net\/index.php\/wp-json\/wp\/v2\/users\/1"}],"replies":[{"embeddable":true,"href":"http:\/\/nuevacordoba.net\/index.php\/wp-json\/wp\/v2\/comments?post=51403"}],"version-history":[{"count":0,"href":"http:\/\/nuevacordoba.net\/index.php\/wp-json\/wp\/v2\/posts\/51403\/revisions"}],"wp:featuredmedia":[{"embeddable":true,"href":"http:\/\/nuevacordoba.net\/index.php\/wp-json\/wp\/v2\/media\/51404"}],"wp:attachment":[{"href":"http:\/\/nuevacordoba.net\/index.php\/wp-json\/wp\/v2\/media?parent=51403"}],"wp:term":[{"taxonomy":"category","embeddable":true,"href":"http:\/\/nuevacordoba.net\/index.php\/wp-json\/wp\/v2\/categories?post=51403"},{"taxonomy":"post_tag","embeddable":true,"href":"http:\/\/nuevacordoba.net\/index.php\/wp-json\/wp\/v2\/tags?post=51403"}],"curies":[{"name":"wp","href":"https:\/\/api.w.org\/{rel}","templated":true}]}}