{"id":51409,"date":"2024-12-02T20:04:52","date_gmt":"2024-12-02T20:04:52","guid":{"rendered":"https:\/\/www.ole.com.ar\/ascenso\/ascenso-primera-nacional-alfredo-grelak-nuevo-club_0_O6ZrIj1Zyv.html"},"modified":"2024-12-02T20:04:52","modified_gmt":"2024-12-02T20:04:52","slug":"fin-de-la-novela-alfredo-grelak-tiene-nuevo-club-en-la-primera-nacional","status":"publish","type":"post","link":"http:\/\/nuevacordoba.net\/index.php\/2024\/12\/02\/fin-de-la-novela-alfredo-grelak-tiene-nuevo-club-en-la-primera-nacional\/","title":{"rendered":"Fin de la novela: Alfredo Grelak tiene nuevo club en la Primera Nacional"},"content":{"rendered":"<p><time class=\"createDate\" datetime=\"2024-12-02T17:04:52-03:00\">02\/12\/2024 17:04hs.<\/time><\/p>\n<div id=\"storyBody\">\n<div class=\"custom-text \" readability=\"33.864406779661\">\n<p><strong>Una de las novelas del mercado de pases ya tiene final.<\/strong> Probablemente la primera de ellas, en una ventana de transferencias en el <a href=\"https:\/\/www.ole.com.ar\/tema\/ascenso.html\" title=\"Ascenso\" alt=\"Ascenso\" class=\"slug\">Ascenso<\/a> que reci\u00e9n comienza y que ver\u00e1 su punto m\u00e1s fuerte al t\u00e9rmino de un Reducido que a\u00fan se sigue disputando -la final ser\u00e1 entre San Mart\u00edn de San Juan vs Gimnasia de Mendoza-. <strong>Y tiene que ver con <a href=\"https:\/\/www.ole.com.ar\/tema\/alfredo-grelak.html\" title=\"Alfredo Grelak\" alt=\"Alfredo Grelak\" class=\"slug\">Alfredo Grelak<\/a><\/strong>.<\/p>\n<\/div>\n<div class=\"custom-text \" readability=\"37\">\n<p>Es que despu\u00e9s de una fant\u00e1stica temporada con San Telmo, el entrenador de 54 a\u00f1os llam\u00f3 la atenci\u00f3n de varios clubes de la categor\u00eda: Col\u00f3n, Chacarita y Ferro fueron algunos de ellos, pero finalmente<strong> fue en el conjunto de Caballito d\u00f3nde Grelak dio el s\u00ed.<\/strong> <\/p>\n<\/div>\n<div class=\"sc-e7b891c4-0 ifHnQL image-embed\"><img alt=\"El ahora ex det\u00e9 de San Telmo estar\u00e1 al mando de Ferro en 2025 (Foto: Internet)\" loading=\"lazy\" width=\"720\" height=\"100\" decoding=\"async\" data-nimg=\"1\" src=\"http:\/\/nuevacordoba.net\/wp-content\/uploads\/2024\/12\/fin-de-la-novela-alfredo-grelak-tiene-nuevo-club-en-la-primera-nacional.jpg\"><span class=\"epigraphe\">El ahora ex det\u00e9 de San Telmo estar\u00e1 al mando de Ferro en 2025 (Foto: Internet)<\/span><\/div>\n<div class=\"custom-text \" readability=\"36\">\n<p>Incluso fue nombrado como una de las opciones para agarrar Godoy Cruz tras la salida de Daniel Oldr\u00e1, pero <strong>el det\u00e9 puso el gancho con el Verde hasta fines de 2025<\/strong>. Este lunes por la tarde dirige su primer entrenamiento al mando del plantel y ya comenzar\u00e1 a delinear el pr\u00f3ximo a\u00f1o con un objetivo que le viene siendo esquivo a Ferro: retornar a la primera divisi\u00f3n del f\u00fatbol argentino.<\/p>\n<\/div>\n<div class=\"custom-embedhtml\" readability=\"7.960244648318\">\n<blockquote class=\"twitter-tweet\" readability=\"10.05504587156\">\n<p lang=\"es\" dir=\"ltr\">\u26bd\ufe0f\u270d\ud83c\udffc ALFREDO GRELAK ES EL NUEVO DT DE FERRO<\/p>\n<p>\ud83c\udfdf\ufe0f El entrenador comenzar\u00e1 hoy por la tarde su ciclo al frente del plantel de f\u00fatbol profesional.<\/p>\n<p>\ud83d\udc0e \u00a1Bienvenido a Caballito, Alfredo! Bienvenido a la familia verdolaga.<a href=\"https:\/\/twitter.com\/hashtag\/Viv%C3%ADFerro?src=hash&amp;ref_src=twsrc%5Etfw\">#Viv\u00edFerro<\/a>\ud83d\udc9a <a href=\"https:\/\/t.co\/BtrPIQrNl3\">pic.twitter.com\/BtrPIQrNl3<\/a><\/p>\n<p>\u2014 Ferro Carril Oeste (@FerroOficial) <a href=\"https:\/\/twitter.com\/FerroOficial\/status\/1863624745591226664?ref_src=twsrc%5Etfw\">December 2, 2024<\/a><\/p><\/blockquote><\/div>\n<p><h2><strong>La temporada con San Telmo<\/strong><\/h2>\n<\/p>\n<div class=\"custom-text \" readability=\"39\">\n<p>Fue uno de los equipos revelaci\u00f3n del Nacional. En una Zona B con equipos importantes como Col\u00f3n, Aldosivi o Nueva Chicago -y con tres puntos menos tras la sanci\u00f3n por los incidentes ante el Tibur\u00f3n-, <strong>el Candombero pele\u00f3 por la final del primer ascenso hasta la \u00faltima fecha<\/strong>: incluso, si venc\u00eda al conjunto marplatense en el cierre del torneo, ganaba la zona.<\/p>\n<\/div>\n<div class=\"custom-text \" readability=\"40\">\n<p>San Telmo se qued\u00f3 en 62 puntos, producto de 18 victorias, 11 empates y nueve derrotas. Adem\u00e1s de clasificarse a la Copa Argentina 2025, <strong>fue el equipo que m\u00e1s goles convirti\u00f3 en su zona y uno de los que menos goles recibi\u00f3<\/strong>. Y un dato de color es que sufri\u00f3 la baja de Adri\u00e1n Fern\u00e1ndez, su mejor jugador, en medio del torneo. Pero esa cuesti\u00f3n no modific\u00f3 en absoluto el camino que ven\u00eda transitando. Implacable.<\/p>\n<\/div>\n<div class=\"sc-e7b891c4-0 ifHnQL image-embed\"><img alt=\"El ex t\u00e9cnico de Quilmes, entre otros, tiene un nuevo desaf\u00edo en el Nacional.\" loading=\"lazy\" width=\"720\" height=\"100\" decoding=\"async\" data-nimg=\"1\" src=\"http:\/\/nuevacordoba.net\/wp-content\/uploads\/2024\/12\/fin-de-la-novela-alfredo-grelak-tiene-nuevo-club-en-la-primera-nacional-1.jpg\"><span class=\"epigraphe\">El ex t\u00e9cnico de Quilmes, entre otros, tiene un nuevo desaf\u00edo en el Nacional.<\/span><\/div>\n<p><h2><strong>El comunicado de San Telmo despidiendo a Grelak<\/strong><\/h2>\n<\/p>\n<div class=\"custom-text \" readability=\"37\">\n<p>\u00abEl Club Atl\u00e9tico San Telmo agradece a Alfredo Grelak y todo su cuerpo t\u00e9cnico este a\u00f1o hist\u00f3rico llevando al Candombero a puestos de privilegio, clasificaci\u00f3n al Torneo Reducido y Copa Argentina, <strong>siendo el equipo que mejor f\u00fatbol despleg\u00f3<\/strong>. Le deseamos lo mejor para el futuro de su carrera; siempre en la memoria dle Pueblo Candombero\u00bb.<\/p>\n<\/div>\n<div class=\"sc-a7166897-0 eoLsBE\" readability=\"7\">\n<section readability=\"4\"><picture><img alt=\"Quintero: &quot;River es mi lugar en el mundo y Gallardo, mi pap\u00e1 futbol\u00edstico y de la vida&quot;\" loading=\"lazy\" width=\"290\" height=\"290\" decoding=\"async\" data-nimg=\"1\" src=\"http:\/\/nuevacordoba.net\/wp-content\/uploads\/2024\/12\/fin-de-la-novela-alfredo-grelak-tiene-nuevo-club-en-la-primera-nacional-2.jpg\"><\/picture>\n<p><span>Mir\u00e1 tambi\u00e9n<\/span><\/p>\n<hr>\n<h3>Quintero: \u00abRiver es mi lugar en el mundo y Gallardo, mi pap\u00e1 futbol\u00edstico y de la vida\u00bb<\/h3>\n<\/p>\n<\/section>\n<\/div>\n<div class=\"sc-a7166897-0 eoLsBE\" readability=\"7\">\n<section readability=\"4\"><picture><img alt=\"Riquelme, al sorteo del Mundial de Clubes y la &quot;leyenda&quot; elegida para acompa\u00f1arlo en representaci\u00f3n de Boca\" loading=\"lazy\" width=\"290\" height=\"290\" decoding=\"async\" data-nimg=\"1\" src=\"http:\/\/nuevacordoba.net\/wp-content\/uploads\/2024\/12\/fin-de-la-novela-alfredo-grelak-tiene-nuevo-club-en-la-primera-nacional-3.jpg\"><\/picture>\n<p><span>Mir\u00e1 tambi\u00e9n<\/span><\/p>\n<hr>\n<h3>Riquelme, al sorteo del Mundial de Clubes y la \u00ableyenda\u00bb elegida para acompa\u00f1arlo en representaci\u00f3n de Boca<\/h3>\n<\/p>\n<\/section>\n<\/div>\n<div class=\"sc-a7166897-0 eoLsBE\" readability=\"6\">\n<section readability=\"2\"><picture><img alt=\"Nuevo DT argentino en la liga de M\u00e9xico: Guede asumi\u00f3 en Puebla\" loading=\"lazy\" width=\"290\" height=\"290\" decoding=\"async\" data-nimg=\"1\" src=\"http:\/\/nuevacordoba.net\/wp-content\/uploads\/2024\/12\/fin-de-la-novela-alfredo-grelak-tiene-nuevo-club-en-la-primera-nacional-4.jpg\"><\/picture>\n<p><span>Mir\u00e1 tambi\u00e9n<\/span><\/p>\n<hr>\n<h3>Nuevo DT argentino en la liga de M\u00e9xico: Guede asumi\u00f3 en Puebla<\/h3>\n<\/p>\n<\/section>\n<\/div>\n<div class=\"sc-a7166897-0 eoLsBE\" readability=\"6\">\n<section readability=\"2\"><picture><img alt=\"Ya est\u00e1 el rival de Argentina en la Copa Davis 2025\" loading=\"lazy\" width=\"290\" height=\"290\" decoding=\"async\" data-nimg=\"1\" src=\"http:\/\/nuevacordoba.net\/wp-content\/uploads\/2024\/12\/fin-de-la-novela-alfredo-grelak-tiene-nuevo-club-en-la-primera-nacional-5.jpg\"><\/picture>\n<p><span>Mir\u00e1 tambi\u00e9n<\/span><\/p>\n<hr>\n<h3>Ya est\u00e1 el rival de Argentina en la Copa Davis 2025<\/h3>\n<\/p>\n<\/section>\n<\/div>\n<\/div>\n","protected":false},"excerpt":{"rendered":"<p>02\/12\/2024 17:04hs. Una de las novelas del mercado de pases ya tiene final. Probablemente la primera de ellas, en una ventana de transferencias en el Ascenso que reci\u00e9n comienza y que ver\u00e1 su punto m\u00e1s fuerte al t\u00e9rmino de un Reducido que a\u00fan se sigue disputando -la final ser\u00e1 entre San Mart\u00edn de San Juan [&hellip;]<\/p>\n","protected":false},"author":1,"featured_media":51410,"comment_status":"closed","ping_status":"closed","sticky":false,"template":"","format":"standard","meta":[],"categories":[10],"tags":[],"_links":{"self":[{"href":"http:\/\/nuevacordoba.net\/index.php\/wp-json\/wp\/v2\/posts\/51409"}],"collection":[{"href":"http:\/\/nuevacordoba.net\/index.php\/wp-json\/wp\/v2\/posts"}],"about":[{"href":"http:\/\/nuevacordoba.net\/index.php\/wp-json\/wp\/v2\/types\/post"}],"author":[{"embeddable":true,"href":"http:\/\/nuevacordoba.net\/index.php\/wp-json\/wp\/v2\/users\/1"}],"replies":[{"embeddable":true,"href":"http:\/\/nuevacordoba.net\/index.php\/wp-json\/wp\/v2\/comments?post=51409"}],"version-history":[{"count":0,"href":"http:\/\/nuevacordoba.net\/index.php\/wp-json\/wp\/v2\/posts\/51409\/revisions"}],"wp:featuredmedia":[{"embeddable":true,"href":"http:\/\/nuevacordoba.net\/index.php\/wp-json\/wp\/v2\/media\/51410"}],"wp:attachment":[{"href":"http:\/\/nuevacordoba.net\/index.php\/wp-json\/wp\/v2\/media?parent=51409"}],"wp:term":[{"taxonomy":"category","embeddable":true,"href":"http:\/\/nuevacordoba.net\/index.php\/wp-json\/wp\/v2\/categories?post=51409"},{"taxonomy":"post_tag","embeddable":true,"href":"http:\/\/nuevacordoba.net\/index.php\/wp-json\/wp\/v2\/tags?post=51409"}],"curies":[{"name":"wp","href":"https:\/\/api.w.org\/{rel}","templated":true}]}}