{"id":51431,"date":"2024-12-03T20:15:20","date_gmt":"2024-12-03T20:15:20","guid":{"rendered":"http:\/\/estaciontrip.com.ar\/?p=9654"},"modified":"2024-12-03T20:15:20","modified_gmt":"2024-12-03T20:15:20","slug":"brasil-sera-pais-socio-de-la-fitur-de-madrid","status":"publish","type":"post","link":"http:\/\/nuevacordoba.net\/index.php\/2024\/12\/03\/brasil-sera-pais-socio-de-la-fitur-de-madrid\/","title":{"rendered":"Brasil ser\u00e1 pa\u00eds socio de la FITUR de Madrid"},"content":{"rendered":"<div><img src=\"http:\/\/nuevacordoba.net\/wp-content\/uploads\/2024\/12\/brasil-sera-pais-socio-de-la-fitur-de-madrid.jpg\" class=\"ff-og-image-inserted\"><\/div>\n<p><em>Se confirm\u00f3 el anticipo para l<\/em>a<em> 45\u00aa edici\u00f3n de la Feria Internacional de Turismo que se llevar\u00e1 a cabo del 22 al 26 de enero en la capital de Espa\u00f1a.<\/em><\/p>\n<p>Brasil ha sido elegido como <strong>pa\u00eds socio de Fitur 2025<\/strong>, una participaci\u00f3n que ser\u00e1 un hito en su proyecci\u00f3n internacional. Con una estrategia centrada en el fortalecimiento de su presencia en los mercados espa\u00f1ol y europeo, el pa\u00eds sudamericano ocupar\u00e1 este lugar de honor por primera vez en la historia del evento.<\/p>\n<p>Durante la Fitur, y en calidad de pa\u00eds socio, Brasil no s\u00f3lo pretende ampliar su presencia como destino global, sino tambi\u00e9n reforzar el \u00e9xito de su estrategia promocional en mercados clave como el de Espa\u00f1a. Su participaci\u00f3n destacar\u00e1 en la comunicaci\u00f3n visual tanto dentro de la feria como en piezas publicitarias distribuidas por la ciudad de Madrid, siempre bajo la premisa de la sostenibilidad como base de la actividad tur\u00edstica.<\/p>\n<p>La 45\u00aa edici\u00f3n de la Feria Internacional del Turismo se celebrar\u00e1 del 22 al 26 de enero de 2025, organizada por IFEMA MADRID. El acuerdo entre Brasil y los organizadores fha sido firmado en la Embajada de Brasil en Madrid por el Embajador de Brasil en Espa\u00f1a, Orlando Leite Ribeiro, y el vicepresidente Ejecutivo de IFEMA Madrid, Daniel Mart\u00ednez.<\/p>\n<p>Todos los actores del sector tur\u00edstico presentes en la Fitur tendr\u00e1n la oportunidad de participar en iniciativas como el lanzamiento de una campa\u00f1a publicitaria concebida especialmente para el mercado de Europa. Tambi\u00e9n podr\u00e1n acceder a una plataforma de formaci\u00f3n continua con informaciones sobre el mayor pa\u00eds de Am\u00e9rica del Sur. El pabell\u00f3n brasile\u00f1o ser\u00e1 uno de los principales focos de atracci\u00f3n en el encuentro sectorial, con experiencias inmersivas, presentaciones culturales y reuniones destinadas a fomentar inversiones y colaboraciones estrat\u00e9gicas con organizaciones internacionales.<\/p>\n<p>La selecci\u00f3n de co-expositores estar\u00e1 enfocada en promover destinos calificados y diversos, consolidando al pa\u00eds como un destino de referencia mundial en t\u00e9rminos de naturaleza, cultura e infraestructura. El objetivo estrat\u00e9gico de Brasil es diversificar la divulgaci\u00f3n de su amplia oferta tur\u00edstica, aumentar la duraci\u00f3n de la estad\u00eda de sus visitantes y ampliar el gasto de los turistas internacionales que lo visitan<\/p>\n<p><em>\u201cSer el pa\u00eds homenajeado en FITUR es un logro extraordinario. Cerramos un a\u00f1o r\u00e9cord para el turismo brasile\u00f1o, y 2025 promete superar nuestras expectativas, tanto en resultados como en visibilidad global. FITUR ser\u00e1 nuestra vitrina para destacar el potencial del pa\u00eds, especialmente en un a\u00f1o en el que tambi\u00e9n seremos sede de la COP30 y del BRICS\u201d, afirm\u00f3 Celso Sabino, ministro de Turismo de Brasil.<\/em><\/p>\n<p><em>\u201cEsta conquista es fruto del trabajo comprometido de Embratur bajo la gesti\u00f3n del presidente Lula. Aprovecharemos este espacio de prestigio para resaltar nuestra diversidad y posicionar a Brasil como un l\u00edder en el turismo global. Invitamos a los profesionales a visitar nuestro pabell\u00f3n, dise\u00f1ado para generar negocios, fortalecer alianzas estrat\u00e9gicas y mostrar las fortalezas \u00fanicas de nuestro mercado\u201d, destac\u00f3 Marcelo Freixo, presidente de Embratur, la <\/em>Agencia Brasile\u00f1a de Promoci\u00f3n Internacional del Turismo<em> <\/em><em>.<\/em><\/p>\n<p><em>\u201cBrasil y Espa\u00f1a son pa\u00edses aliados que mantienen una cooperaci\u00f3n tradicional y multifac\u00e9tica. En el sector tur\u00edstico, hemos trabajado para fortalecer nuestros lazos con el objetivo de combinar el potencial brasile\u00f1o con la experiencia espa\u00f1ola. Adem\u00e1s de ser un importante emisor de turistas, Espa\u00f1a debe considerarse un socio estrat\u00e9gico, una fuente clave de inversiones para el sector tur\u00edstico nacional y un pa\u00eds con amplia experiencia en esta \u00e1rea\u201d, agreg\u00f3 el embajador de Brasil en Espa\u00f1a, Orlando Ribeiro.<\/em><\/p>\n<p>Por su parte, el Vicepresidente Ejecutivo de IFEMA Madrid, <strong>Daniel Mart\u00ednez<\/strong>, ha destacado que<em> \u201cesta alianza fortalece los lazos entre Espa\u00f1a y Brasil, abriendo nuevas oportunidades de colaboraci\u00f3n para la promoci\u00f3n de la riqueza tur\u00edstica en Brasil de la mano de una feria como FITUR, posicionada como el encuentro ineludible para el mercado global del turismo, y que cerr\u00f3 su pasada edici\u00f3n con 250.000 visitantes y la participaci\u00f3n de 152 pa\u00edses y 96 representaciones oficiales\u201d.<\/em><\/p>\n<p><strong>Un mercado en crecimiento<br \/><\/strong>Brasil ha implementado una estrategia de promoci\u00f3n internacional basada en datos y segmentaci\u00f3n de mercados, obteniendo resultados notables. En 2024, el turismo internacional creci\u00f3 un 13%, con aproximadamente 5,4 millones de turistas extranjeros hasta octubre, de los cuales cerca del 20% fueron europeos, superando el mill\u00f3n de visitantes. El pa\u00eds espera cerrar el a\u00f1o con un r\u00e9cord de siete millones de turistas internacionales, impulsado por la mejora en conectividad y una promoci\u00f3n segmentada que refuerza su posicionamiento en mercados prioritarios. La actividad tur\u00edstica es muy relevante para Brasil y representa el 8% del PBI nacional.<\/p>\n<p><strong>Sobre Fitur<br \/><\/strong>Es la principal plataforma de promoci\u00f3n tur\u00edstica en Espa\u00f1a y una de las m\u00e1s influyentes a nivel global, destacando por su capacidad para generar oportunidades de negocios. La participaci\u00f3n de Brasil no solo fortalecer\u00e1 su posici\u00f3n en el mercado espa\u00f1ol, sino que tambi\u00e9n permitir\u00e1 lanzar nuevas iniciativas y alianzas estrat\u00e9gicas con actores clave del sector. Como uno de los mayores encuentros de la industria a nivel global, Fitur re\u00fane a profesionales y visitantes de todo el mundo, consolid\u00e1ndose como una oportunidad \u00fanica para que Brasil ampl\u00ede su presencia en el escenario internacional.<\/p>\n","protected":false},"excerpt":{"rendered":"<p>Se confirm\u00f3 el anticipo para la 45\u00aa edici\u00f3n de la Feria Internacional de Turismo que se llevar\u00e1 a cabo del 22 al 26 de enero en la capital de Espa\u00f1a. Brasil ha sido elegido como pa\u00eds socio de Fitur 2025, una participaci\u00f3n que ser\u00e1 un hito en su proyecci\u00f3n internacional. Con una estrategia centrada en [&hellip;]<\/p>\n","protected":false},"author":1,"featured_media":51432,"comment_status":"closed","ping_status":"closed","sticky":false,"template":"","format":"standard","meta":[],"categories":[11],"tags":[],"_links":{"self":[{"href":"http:\/\/nuevacordoba.net\/index.php\/wp-json\/wp\/v2\/posts\/51431"}],"collection":[{"href":"http:\/\/nuevacordoba.net\/index.php\/wp-json\/wp\/v2\/posts"}],"about":[{"href":"http:\/\/nuevacordoba.net\/index.php\/wp-json\/wp\/v2\/types\/post"}],"author":[{"embeddable":true,"href":"http:\/\/nuevacordoba.net\/index.php\/wp-json\/wp\/v2\/users\/1"}],"replies":[{"embeddable":true,"href":"http:\/\/nuevacordoba.net\/index.php\/wp-json\/wp\/v2\/comments?post=51431"}],"version-history":[{"count":0,"href":"http:\/\/nuevacordoba.net\/index.php\/wp-json\/wp\/v2\/posts\/51431\/revisions"}],"wp:featuredmedia":[{"embeddable":true,"href":"http:\/\/nuevacordoba.net\/index.php\/wp-json\/wp\/v2\/media\/51432"}],"wp:attachment":[{"href":"http:\/\/nuevacordoba.net\/index.php\/wp-json\/wp\/v2\/media?parent=51431"}],"wp:term":[{"taxonomy":"category","embeddable":true,"href":"http:\/\/nuevacordoba.net\/index.php\/wp-json\/wp\/v2\/categories?post=51431"},{"taxonomy":"post_tag","embeddable":true,"href":"http:\/\/nuevacordoba.net\/index.php\/wp-json\/wp\/v2\/tags?post=51431"}],"curies":[{"name":"wp","href":"https:\/\/api.w.org\/{rel}","templated":true}]}}