{"id":51435,"date":"2024-12-03T14:47:30","date_gmt":"2024-12-03T14:47:30","guid":{"rendered":"http:\/\/cordobanewsnet.wordpress.com\/?p=12230"},"modified":"2024-12-03T14:47:30","modified_gmt":"2024-12-03T14:47:30","slug":"comision-de-deporte-y-juventud","status":"publish","type":"post","link":"http:\/\/nuevacordoba.net\/index.php\/2024\/12\/03\/comision-de-deporte-y-juventud\/","title":{"rendered":"COMISI\u00d3N DE DEPORTE Y JUVENTUD"},"content":{"rendered":"<p>Presidida por Mart\u00edn Juez Corte, se reuni\u00f3 hoy la Comisi\u00f3n de Deporte y Juventud del Concejo Deliberante, para tratar estos dos proyectos:<\/p>\n<p><strong>11952\/C\/24 CONCEJALES JUEZ CORTE, VILLATA, ROMERO V\u00c1ZQUEZ, CAFFARATTI, FABRE, BALASTEGUI, LUJAN, ROSALES, PEDROCCA Y ZARAZAGA P\/D EXPRESANDO RECONOCIMIENTO AL EQUIPO DE LA FUNDACI\u00d3N EMPATE, POR CONSAGRARSE CAMPEONES DE LA COPA SUDAMERICANA DE FUTSAL PARA PERSONAS CON S\u00cdNDROME DE DOWN.<\/strong><\/p>\n<p>El equipo de Futsal de Empate, liderado por el entrenador Diego Lombardi y la asistente de cancha Guillermina Echenique, gan\u00f3 ese torneo disputado en Santiago de Chile, tras vencer por 4 a 1 a los uruguayos de Pe\u00f1arol.<\/p>\n<p>Fundaci\u00f3n Empate lleg\u00f3 a esa instancia internacional luego de haber obtenido a nivel local, en octubre pasado, 5\u00b0 Torneo Argentino de Futsal (FUT21) para personas con S\u00edndrome de Down. Ambos logros potencian no s\u00f3lo el esp\u00edritu deportivo, sino tambi\u00e9n (y principalmente) la evoluci\u00f3n personal de estos j\u00f3venes, ayudando a su independencia y autonom\u00eda.<\/p>\n<p>El torneo Fut21 de Argentina se realiza todos los a\u00f1os y cuenta con el aval de FADASD (Federaci\u00f3n Argentina de Deporte para Atletas con S\u00edndrome de Down) donde se fomenta la categor\u00eda \u00fanica s\u00edndrome de Down en todas las disciplinas internacionales.<\/p>\n<p>El concejal Mart\u00edn Juez, valor\u00f3 que \u201cla haza\u00f1a de los chicos se explica sola, casi que no hace falta fundamentar demasiado\u201d y plante\u00f3 la necesidad de reconocerlos por su trabajo y esfuerzo. \u201cSalieron campeones representando al pa\u00eds. Pero eso muchas veces es anecd\u00f3tico. Lo m\u00e1s importante es lo que Fundaci\u00f3n Empate hace d\u00eda a d\u00eda, trabajando por una mejor convivencia. Me imagino el orgullo de todas estas familias. Gracias por lo que hacen. La medalla m\u00e1s grande que llevan en el pecho es pelearla cada d\u00eda\u201d, se\u00f1al\u00f3.<\/p>\n<p>\u201cEs un camino duro, pero la cosecha vale la pena, por el orgullo que siento como mam\u00e1. Hace 26 a\u00f1os que vengo con este camino. Estoy orgullosa por mi hijo Luciano y por mis otros hijos, que son los integrantes del equipo. Que ellos sean vistos y reconocidos tiene un valor inmenso. Verlos jugar contra Brasil, Per\u00fa o Uruguay, era como estar en un Mundial\u201d, destac\u00f3.<\/p>\n<p>Por su parte, Germ\u00e1n Laborda, de la Fundaci\u00f3n, reivindic\u00f3 que vienen \u201chaciendo historia\u201d, porque fueron los creadores del Campeonato Argentino, de car\u00e1cter competitivo, el primero que hubo en el pa\u00eds. \u201cRompemos estereotipos y mostramos todo lo que estos chicos pueden dar, en alto rendimiento\u201d, explic\u00f3.<\/p>\n<p>Finalmente, uno de los campeones, cerr\u00f3. \u201cSalimos dos veces campeones, as\u00ed que estoy muy feliz. Ac\u00e1 est\u00e1n todos los chicos, mis amigos. Los quiero mucho. Me gusta el f\u00fatbol\u201d.<\/p>\n<p><strong>Aprobado<\/strong><\/p>\n<p><strong>11950\/C\/24 CONCEJALA ZARAZAGA P\/D EXPRESANDO BENEPL\u00c1CITO POR LA REALIZACI\u00d3N DEL MANADA TORNEO NACIONAL DEPORTIVO LGTBIQNB+, QUE SE LLEVAR\u00c1 A CABO DEL 6 AL 8 DE DICIEMBRE EN EL MARCO DEL 1\u00b0 ANIVERSARIO DE LA AGRUPACI\u00d3N HIENAS DEPORTES DISIDENTES.<\/strong><\/p>\n<p>La agrupaci\u00f3n Hienas Deportes Disidentes celebra el pr\u00f3ximo mi\u00e9rcoles su primer a\u00f1o de vida organizando el Manada Torneo Nacional Deportivo LGTBIQNB+, que se llevar\u00e1 a cabo del 6 al 8 de diciembre en la ciudad de C\u00f3rdoba.<\/p>\n<p>El evento tiene como objetivo principal visibilizar la inclusi\u00f3n, la diversidad y el respeto en el \u00e1mbito deportivo, ya que participar\u00e1n m\u00e1s de 400 atletas de distintas disciplinas, brindando una plataforma para fortalecer la comunidad LGTBIQNB+.<\/p>\n<p>Ariel Ben\u00edtez, de Agrupaci\u00f3n Hienas particip\u00f3 en la reuni\u00f3n y resumi\u00f3 la historia y expectativas de la agrupaci\u00f3n. &nbsp;\u201cTengo 40 a\u00f1os y soy docente. Me exclu\u00ed solo del deporte, pero lleg\u00f3 un momento en que dije \u2018tengo que moverme\u2019. Buscaba algo con contenci\u00f3n y apoyo, as\u00ed que con seis amigos nos juntamos y as\u00ed surgi\u00f3 Hienas. Poco a poco lo ampliamos, con compa\u00f1eros de las distintas disidencias, y hoy somos m\u00e1s de 120 personas, que practicamos f\u00fatbol, v\u00f3ley y b\u00e1squet. Queremos practicar deporte en un \u00e1mbito seguro y de diversidad. No nos consideramos atletas, pero s\u00ed se trata de un lugar de encuentro, donde muchos van a socializar.&nbsp; No queremos escondernos m\u00e1s, ni estar en espacios donde ten\u00e9s que dejar de ser vos mismo para poder pertenecer\u201d.<\/p>\n<p><strong>Aprobado<\/strong><\/p>\n<figure class=\"wp-block-image size-large\"><img loading=\"lazy\" data-attachment-id=\"12231\" data-permalink=\"https:\/\/cordobanewsnet.wordpress.com\/2024\/12\/03\/omision-de-deporte-y-juventud\/whatsapp-image-2024-12-02-at-14-23-37-1\/\" data-orig-file=\"http:\/\/nuevacordoba.net\/wp-content\/uploads\/2024\/12\/comision-de-deporte-y-juventud-7.jpg\" data-orig-size=\"1280,853\" data-comments-opened=\"1\" data-image-meta=\"{&quot;aperture&quot;:&quot;0&quot;,&quot;credit&quot;:&quot;&quot;,&quot;camera&quot;:&quot;&quot;,&quot;caption&quot;:&quot;&quot;,&quot;created_timestamp&quot;:&quot;0&quot;,&quot;copyright&quot;:&quot;&quot;,&quot;focal_length&quot;:&quot;0&quot;,&quot;iso&quot;:&quot;0&quot;,&quot;shutter_speed&quot;:&quot;0&quot;,&quot;title&quot;:&quot;&quot;,&quot;orientation&quot;:&quot;0&quot;}\" data-image-title=\"WhatsApp Image 2024-12-02 at 14.23.37 (1)\" data-image-description data-image-caption data-medium-file=\"http:\/\/nuevacordoba.net\/wp-content\/uploads\/2024\/12\/comision-de-deporte-y-juventud-5.jpg\" data-large-file=\"http:\/\/nuevacordoba.net\/wp-content\/uploads\/2024\/12\/comision-de-deporte-y-juventud-7.jpg?w=736\" width=\"1024\" height=\"682\" src=\"http:\/\/nuevacordoba.net\/wp-content\/uploads\/2024\/12\/comision-de-deporte-y-juventud.jpg\" alt class=\"wp-image-12231\" srcset=\"http:\/\/nuevacordoba.net\/wp-content\/uploads\/2024\/12\/comision-de-deporte-y-juventud.jpg 1024w, http:\/\/nuevacordoba.net\/wp-content\/uploads\/2024\/12\/comision-de-deporte-y-juventud-4.jpg 150w, http:\/\/nuevacordoba.net\/wp-content\/uploads\/2024\/12\/comision-de-deporte-y-juventud-5.jpg 300w, http:\/\/nuevacordoba.net\/wp-content\/uploads\/2024\/12\/comision-de-deporte-y-juventud-6.jpg 768w, http:\/\/nuevacordoba.net\/wp-content\/uploads\/2024\/12\/comision-de-deporte-y-juventud-7.jpg 1280w\" sizes=\"(max-width: 1024px) 100vw, 1024px\"><\/figure>\n<figure class=\"wp-block-image size-large\"><img loading=\"lazy\" data-attachment-id=\"12232\" data-permalink=\"https:\/\/cordobanewsnet.wordpress.com\/2024\/12\/03\/omision-de-deporte-y-juventud\/whatsapp-image-2024-12-02-at-15-00-19\/\" data-orig-file=\"http:\/\/nuevacordoba.net\/wp-content\/uploads\/2024\/12\/comision-de-deporte-y-juventud-11.jpg\" data-orig-size=\"1280,853\" data-comments-opened=\"1\" data-image-meta=\"{&quot;aperture&quot;:&quot;0&quot;,&quot;credit&quot;:&quot;&quot;,&quot;camera&quot;:&quot;&quot;,&quot;caption&quot;:&quot;&quot;,&quot;created_timestamp&quot;:&quot;0&quot;,&quot;copyright&quot;:&quot;&quot;,&quot;focal_length&quot;:&quot;0&quot;,&quot;iso&quot;:&quot;0&quot;,&quot;shutter_speed&quot;:&quot;0&quot;,&quot;title&quot;:&quot;&quot;,&quot;orientation&quot;:&quot;0&quot;}\" data-image-title=\"WhatsApp Image 2024-12-02 at 15.00.19\" data-image-description data-image-caption data-medium-file=\"http:\/\/nuevacordoba.net\/wp-content\/uploads\/2024\/12\/comision-de-deporte-y-juventud-9.jpg\" data-large-file=\"http:\/\/nuevacordoba.net\/wp-content\/uploads\/2024\/12\/comision-de-deporte-y-juventud-11.jpg?w=736\" width=\"1024\" height=\"682\" src=\"http:\/\/nuevacordoba.net\/wp-content\/uploads\/2024\/12\/comision-de-deporte-y-juventud-1.jpg\" alt class=\"wp-image-12232\" srcset=\"http:\/\/nuevacordoba.net\/wp-content\/uploads\/2024\/12\/comision-de-deporte-y-juventud-1.jpg 1024w, http:\/\/nuevacordoba.net\/wp-content\/uploads\/2024\/12\/comision-de-deporte-y-juventud-8.jpg 150w, http:\/\/nuevacordoba.net\/wp-content\/uploads\/2024\/12\/comision-de-deporte-y-juventud-9.jpg 300w, http:\/\/nuevacordoba.net\/wp-content\/uploads\/2024\/12\/comision-de-deporte-y-juventud-10.jpg 768w, http:\/\/nuevacordoba.net\/wp-content\/uploads\/2024\/12\/comision-de-deporte-y-juventud-11.jpg 1280w\" sizes=\"(max-width: 1024px) 100vw, 1024px\"><\/figure>\n<figure class=\"wp-block-image size-large\"><img loading=\"lazy\" data-attachment-id=\"12233\" data-permalink=\"https:\/\/cordobanewsnet.wordpress.com\/2024\/12\/03\/omision-de-deporte-y-juventud\/whatsapp-image-2024-12-02-at-14-47-16\/\" data-orig-file=\"http:\/\/nuevacordoba.net\/wp-content\/uploads\/2024\/12\/comision-de-deporte-y-juventud-15.jpg\" data-orig-size=\"1280,853\" data-comments-opened=\"1\" data-image-meta=\"{&quot;aperture&quot;:&quot;0&quot;,&quot;credit&quot;:&quot;&quot;,&quot;camera&quot;:&quot;&quot;,&quot;caption&quot;:&quot;&quot;,&quot;created_timestamp&quot;:&quot;0&quot;,&quot;copyright&quot;:&quot;&quot;,&quot;focal_length&quot;:&quot;0&quot;,&quot;iso&quot;:&quot;0&quot;,&quot;shutter_speed&quot;:&quot;0&quot;,&quot;title&quot;:&quot;&quot;,&quot;orientation&quot;:&quot;0&quot;}\" data-image-title=\"WhatsApp Image 2024-12-02 at 14.47.16\" data-image-description data-image-caption data-medium-file=\"http:\/\/nuevacordoba.net\/wp-content\/uploads\/2024\/12\/comision-de-deporte-y-juventud-13.jpg\" data-large-file=\"http:\/\/nuevacordoba.net\/wp-content\/uploads\/2024\/12\/comision-de-deporte-y-juventud-15.jpg?w=736\" width=\"1024\" height=\"682\" src=\"http:\/\/nuevacordoba.net\/wp-content\/uploads\/2024\/12\/comision-de-deporte-y-juventud-2.jpg\" alt class=\"wp-image-12233\" srcset=\"http:\/\/nuevacordoba.net\/wp-content\/uploads\/2024\/12\/comision-de-deporte-y-juventud-2.jpg 1024w, http:\/\/nuevacordoba.net\/wp-content\/uploads\/2024\/12\/comision-de-deporte-y-juventud-12.jpg 150w, http:\/\/nuevacordoba.net\/wp-content\/uploads\/2024\/12\/comision-de-deporte-y-juventud-13.jpg 300w, http:\/\/nuevacordoba.net\/wp-content\/uploads\/2024\/12\/comision-de-deporte-y-juventud-14.jpg 768w, http:\/\/nuevacordoba.net\/wp-content\/uploads\/2024\/12\/comision-de-deporte-y-juventud-15.jpg 1280w\" sizes=\"(max-width: 1024px) 100vw, 1024px\"><\/figure>\n<figure class=\"wp-block-image size-large\"><img data-attachment-id=\"12235\" data-permalink=\"https:\/\/cordobanewsnet.wordpress.com\/2024\/12\/03\/omision-de-deporte-y-juventud\/whatsapp-image-2024-12-02-at-14-47-14\/\" data-orig-file=\"http:\/\/nuevacordoba.net\/wp-content\/uploads\/2024\/12\/comision-de-deporte-y-juventud-19.jpg\" data-orig-size=\"1280,853\" data-comments-opened=\"1\" data-image-meta=\"{&quot;aperture&quot;:&quot;0&quot;,&quot;credit&quot;:&quot;&quot;,&quot;camera&quot;:&quot;&quot;,&quot;caption&quot;:&quot;&quot;,&quot;created_timestamp&quot;:&quot;0&quot;,&quot;copyright&quot;:&quot;&quot;,&quot;focal_length&quot;:&quot;0&quot;,&quot;iso&quot;:&quot;0&quot;,&quot;shutter_speed&quot;:&quot;0&quot;,&quot;title&quot;:&quot;&quot;,&quot;orientation&quot;:&quot;0&quot;}\" data-image-title=\"WhatsApp Image 2024-12-02 at 14.47.14\" data-image-description data-image-caption data-medium-file=\"http:\/\/nuevacordoba.net\/wp-content\/uploads\/2024\/12\/comision-de-deporte-y-juventud-17.jpg\" data-large-file=\"http:\/\/nuevacordoba.net\/wp-content\/uploads\/2024\/12\/comision-de-deporte-y-juventud-19.jpg?w=736\" loading=\"lazy\" width=\"1024\" height=\"682\" src=\"http:\/\/nuevacordoba.net\/wp-content\/uploads\/2024\/12\/comision-de-deporte-y-juventud-3.jpg\" alt class=\"wp-image-12235\" srcset=\"http:\/\/nuevacordoba.net\/wp-content\/uploads\/2024\/12\/comision-de-deporte-y-juventud-3.jpg 1024w, http:\/\/nuevacordoba.net\/wp-content\/uploads\/2024\/12\/comision-de-deporte-y-juventud-16.jpg 150w, http:\/\/nuevacordoba.net\/wp-content\/uploads\/2024\/12\/comision-de-deporte-y-juventud-17.jpg 300w, http:\/\/nuevacordoba.net\/wp-content\/uploads\/2024\/12\/comision-de-deporte-y-juventud-18.jpg 768w, http:\/\/nuevacordoba.net\/wp-content\/uploads\/2024\/12\/comision-de-deporte-y-juventud-19.jpg 1280w\" sizes=\"(max-width: 1024px) 100vw, 1024px\"><\/figure>\n<p>Concejo Deliberante de C\u00f3rdoba <\/p>\n<p><span id=\"wordads-inline-marker\"><\/span> <\/p>\n<div id=\"jp-post-flair\" class=\"sharedaddy sd-like-enabled sd-sharing-enabled\">\n<div class=\"sharedaddy sd-sharing-enabled\">\n<div class=\"robots-nocontent sd-block sd-social sd-social-icon-text sd-sharing\">\n<h3 class=\"sd-title\">Comparte esto:<\/h3>\n<\/div>\n<\/div>\n<div class=\"sharedaddy sd-block sd-like jetpack-likes-widget-wrapper jetpack-likes-widget-unloaded\" id=\"like-post-wrapper-143108178-12230-674f93c31aaa1\" data-src=\"\/\/widgets.wp.com\/likes\/index.html?ver=20241203#blog_id=143108178&amp;post_id=12230&amp;origin=cordobanewsnet.wordpress.com&amp;obj_id=143108178-12230-674f93c31aaa1\" data-name=\"like-post-frame-143108178-12230-674f93c31aaa1\" data-title=\"Me gusta o Compartir\">\n<p><span class=\"button\"><span>Me gusta<\/span><\/span> <span class=\"loading\">Cargando&#8230;<\/span><\/p>\n<p><span class=\"sd-text-color\"><\/span><\/div>\n<p><h3 class=\"jp-relatedposts-headline\"><em>Relacionado<\/em><\/h3>\n<\/p>\n<\/div>\n","protected":false},"excerpt":{"rendered":"<p>Presidida por Mart\u00edn Juez Corte, se reuni\u00f3 hoy la Comisi\u00f3n de Deporte y Juventud del Concejo Deliberante, para tratar estos dos proyectos: 11952\/C\/24 CONCEJALES JUEZ CORTE, VILLATA, ROMERO V\u00c1ZQUEZ, CAFFARATTI, FABRE, BALASTEGUI, LUJAN, ROSALES, PEDROCCA Y ZARAZAGA P\/D EXPRESANDO RECONOCIMIENTO AL EQUIPO DE LA FUNDACI\u00d3N EMPATE, POR CONSAGRARSE CAMPEONES DE LA COPA SUDAMERICANA DE FUTSAL [&hellip;]<\/p>\n","protected":false},"author":1,"featured_media":51436,"comment_status":"closed","ping_status":"closed","sticky":false,"template":"","format":"standard","meta":[],"categories":[14],"tags":[],"_links":{"self":[{"href":"http:\/\/nuevacordoba.net\/index.php\/wp-json\/wp\/v2\/posts\/51435"}],"collection":[{"href":"http:\/\/nuevacordoba.net\/index.php\/wp-json\/wp\/v2\/posts"}],"about":[{"href":"http:\/\/nuevacordoba.net\/index.php\/wp-json\/wp\/v2\/types\/post"}],"author":[{"embeddable":true,"href":"http:\/\/nuevacordoba.net\/index.php\/wp-json\/wp\/v2\/users\/1"}],"replies":[{"embeddable":true,"href":"http:\/\/nuevacordoba.net\/index.php\/wp-json\/wp\/v2\/comments?post=51435"}],"version-history":[{"count":0,"href":"http:\/\/nuevacordoba.net\/index.php\/wp-json\/wp\/v2\/posts\/51435\/revisions"}],"wp:featuredmedia":[{"embeddable":true,"href":"http:\/\/nuevacordoba.net\/index.php\/wp-json\/wp\/v2\/media\/51436"}],"wp:attachment":[{"href":"http:\/\/nuevacordoba.net\/index.php\/wp-json\/wp\/v2\/media?parent=51435"}],"wp:term":[{"taxonomy":"category","embeddable":true,"href":"http:\/\/nuevacordoba.net\/index.php\/wp-json\/wp\/v2\/categories?post=51435"},{"taxonomy":"post_tag","embeddable":true,"href":"http:\/\/nuevacordoba.net\/index.php\/wp-json\/wp\/v2\/tags?post=51435"}],"curies":[{"name":"wp","href":"https:\/\/api.w.org\/{rel}","templated":true}]}}