{"id":51457,"date":"2024-12-03T20:14:28","date_gmt":"2024-12-03T20:14:28","guid":{"rendered":"https:\/\/es.digitaltrends.com\/?p=1049638"},"modified":"2024-12-03T20:14:28","modified_gmt":"2024-12-03T20:14:28","slug":"mira-los-primeros-8-minutos-de-el-senor-de-los-anillos-la-guerra-de-los-rohirrim","status":"publish","type":"post","link":"http:\/\/nuevacordoba.net\/index.php\/2024\/12\/03\/mira-los-primeros-8-minutos-de-el-senor-de-los-anillos-la-guerra-de-los-rohirrim\/","title":{"rendered":"Mira los primeros 8 minutos de El Se\u00f1or de los Anillos: La Guerra de los Rohirrim"},"content":{"rendered":"<div><img src=\"http:\/\/nuevacordoba.net\/wp-content\/uploads\/2024\/12\/mira-los-primeros-8-minutos-de-el-senor-de-los-anillos-la-guerra-de-los-rohirrim.jpg\" class=\"ff-og-image-inserted\"><\/div>\n<p>New Line Cinema ha lanzado los primeros ocho minutos de <a href=\"https:\/\/es.digitaltrends.com\/entretenimiento\/trailer-the-lord-of-the-rings-the-war-of-the-rohirrim\/\"><em><strong>El Se\u00f1or de los Anillos: La Guerra de los Rohirrim<\/strong><\/em><\/a>, la pr\u00f3xima pel\u00edcula de anime y fantas\u00eda.<\/p>\n<p>El&nbsp;<a href=\"https:\/\/www.youtube.com\/watch?v=u4WpsGgNsME\" target=\"_blank\" rel=\"nofollow noopener\">nuevo metraje<\/a>&nbsp;comienza con la cita: \u00abNo es f\u00e1cil aferrarse a la esperanza cuando sopla un viento malo\u00bb. Ambientada 183 a\u00f1os antes de los eventos de la trilog\u00eda de El Se\u00f1or de los Anillos de Peter Jackson,&nbsp;<em>La Guerra de los Rohirrim&nbsp;<\/em>se burla del inminente enfrentamiento entre Rohan y los Dunlending. Rohan est\u00e1 liderado por el feroz Rey Helm Hammerhand (Brian Cox). Mientras tanto, los Dunlendings siguen a Wulf (Luke Pasqualino), quien busca vengar la muerte de su padre a manos de Helm. H\u00e9ra (Gaia Wise), la hija de Helm, es la que debe defender a la gente de Rohan y liderarlos en una \u00faltima batalla en Hornburg, la fortaleza que eventualmente se convertir\u00e1 en el Abismo de Helm.<\/p>\n<div class=\"b-connatix b-connatix--video\" id=\"dt-cnx-container-674f68c3cb5b3\">\n<div class=\"b-connatix__label\"> Recommended Videos <\/div>\n<div class=\"b-connatix__container\"> <\/div>\n<\/div>\n<p>Miranda Otto presta su voz a \u00c9owyn, la narradora de la pel\u00edcula y futura doncella escudera de Rohan. Otto interpret\u00f3 a \u00c9owyn en la trilog\u00eda de El Se\u00f1or de los Anillos de Jackson. El resto del elenco de voces incluye a Lorraine Ashbourne, Yazdan Qafouri, Benjamin Wainwright, Laurence Ubong Williams, Shaun Dooley, Michael Wildman, Jude Akuwudike, Bilal Hasna y Janine Duvitski.<\/p>\n<div class=\"dtvideos-container\" data-provider=\"youtube\">\n<div class=\"dtvideos-details h-dtvideos-details-embed\">\n<div class=\"dtvideos-title\">The Lord of the Rings: The War of the Rohirrim | Extended Sneak Preview<\/div>\n<\/div>\n<\/div>\n<p><em>El Se\u00f1or de los Anillos: La Guerra de los Rohirrim&nbsp;<\/em>est\u00e1 dirigida por Kenji Kamiyama a partir de un gui\u00f3n de Jeffrey Addiss, Will Matthews, Phoebe Gittins y Arty Papageorgiou. Philippa Boyens, quien gan\u00f3 un Oscar como guionista por&nbsp;<em>El Se\u00f1or de los Anillos: El Retorno del Rey<\/em>, es productora y contribuy\u00f3 a la historia de&nbsp;<em>La<\/em><em>Guerra de los Rohirrim<\/em>&nbsp;junto con Addiss y Matthews.<\/p>\n<p>Jackson, el visionario detr\u00e1s de la trilog\u00eda de El Se\u00f1or de los Anillos, figura como productor ejecutivo junto con su socia creativa y esposa, Fran Walsh.<\/p>\n<p><i>El Se\u00f1or de los Anillos: La Guerra de los Rohirrim<\/i>&nbsp;se estrena en cines el 13 de diciembre de 2024.<\/p>\n<p> <span id=\"publisher-md\" itemprop=\"publisher\" itemscope itemtype=\"https:\/\/schema.org\/Organization\"> <span itemprop=\"url\" itemtype=\"https:\/\/schema.org\/Url\" content=\"https:\/\/es.digitaltrends.com\"> <span itemprop=\"logo\" itemscope itemtype=\"https:\/\/schema.org\/ImageObject\"> <meta itemprop=\"url\" content=\"https:\/\/cdn.dtcn.com\/dt\/dt-logo-small.png\"> <meta itemprop=\"width\" content=\"0\"> <meta itemprop=\"height\" content=\"0\"> <\/span> <meta itemprop=\"name\" content=\"Digital Trends Espa\u00f1ol\"> <\/span> <span itemprop=\"image\" itemscope itemtype=\"https:\/\/schema.org\/ImageObject\"> <meta itemprop=\"url\" content=\"https:\/\/es.digitaltrends.com\/wp-content\/uploads\/2024\/12\/El-Senor-de-los-Anillos-La-Guerra-de-los-Rohirrim.jpeg?p=1\"> <\/span> <\/span> <\/p>\n","protected":false},"excerpt":{"rendered":"<p>New Line Cinema ha lanzado los primeros ocho minutos de El Se\u00f1or de los Anillos: La Guerra de los Rohirrim, la pr\u00f3xima pel\u00edcula de anime y fantas\u00eda. El&nbsp;nuevo metraje&nbsp;comienza con la cita: \u00abNo es f\u00e1cil aferrarse a la esperanza cuando sopla un viento malo\u00bb. Ambientada 183 a\u00f1os antes de los eventos de la trilog\u00eda de [&hellip;]<\/p>\n","protected":false},"author":1,"featured_media":51458,"comment_status":"open","ping_status":"closed","sticky":false,"template":"","format":"standard","meta":[],"categories":[7],"tags":[],"_links":{"self":[{"href":"http:\/\/nuevacordoba.net\/index.php\/wp-json\/wp\/v2\/posts\/51457"}],"collection":[{"href":"http:\/\/nuevacordoba.net\/index.php\/wp-json\/wp\/v2\/posts"}],"about":[{"href":"http:\/\/nuevacordoba.net\/index.php\/wp-json\/wp\/v2\/types\/post"}],"author":[{"embeddable":true,"href":"http:\/\/nuevacordoba.net\/index.php\/wp-json\/wp\/v2\/users\/1"}],"replies":[{"embeddable":true,"href":"http:\/\/nuevacordoba.net\/index.php\/wp-json\/wp\/v2\/comments?post=51457"}],"version-history":[{"count":0,"href":"http:\/\/nuevacordoba.net\/index.php\/wp-json\/wp\/v2\/posts\/51457\/revisions"}],"wp:featuredmedia":[{"embeddable":true,"href":"http:\/\/nuevacordoba.net\/index.php\/wp-json\/wp\/v2\/media\/51458"}],"wp:attachment":[{"href":"http:\/\/nuevacordoba.net\/index.php\/wp-json\/wp\/v2\/media?parent=51457"}],"wp:term":[{"taxonomy":"category","embeddable":true,"href":"http:\/\/nuevacordoba.net\/index.php\/wp-json\/wp\/v2\/categories?post=51457"},{"taxonomy":"post_tag","embeddable":true,"href":"http:\/\/nuevacordoba.net\/index.php\/wp-json\/wp\/v2\/tags?post=51457"}],"curies":[{"name":"wp","href":"https:\/\/api.w.org\/{rel}","templated":true}]}}