{"id":51459,"date":"2024-12-03T23:25:53","date_gmt":"2024-12-03T23:25:53","guid":{"rendered":"https:\/\/www.ole.com.ar\/autos\/colapinto-abu-dhabi-argentino-circuito-yas-marina-formula1_0_3lQJ3hU762.html"},"modified":"2024-12-03T23:25:53","modified_gmt":"2024-12-03T23:25:53","slug":"colapinto-volvera-a-abu-dhabi-como-le-fue-las-otras-veces","status":"publish","type":"post","link":"http:\/\/nuevacordoba.net\/index.php\/2024\/12\/03\/colapinto-volvera-a-abu-dhabi-como-le-fue-las-otras-veces\/","title":{"rendered":"Colapinto volver\u00e1 a Abu Dhabi: \u00bfc\u00f3mo le fue las otras veces?"},"content":{"rendered":"<p><time class=\"createDate\" datetime=\"2024-12-03T20:25:53-03:00\">03\/12\/2024 20:25hs.<\/time><\/p>\n<div id=\"storyBody\">\n<div class=\"custom-text \" readability=\"41\">\n<p>Este fin de semana, el circuito de Yas Marina, en Abu Dhabi, ser\u00e1 el escenario del cierre de la temporada 2024 de la F\u00f3rmula 1. Para <strong>Franco Colapinto<\/strong>, que aqu\u00ed correr\u00e1 la \u00faltima carrera de su a\u00f1o debut con Williams, este trazado le trae varios recuerdos importantes de su carrera, que van <strong>desde su debut en la F\u00f3rmula 2 hasta su primera experiencia en la categor\u00eda reina&#8230; cuando todav\u00eda no hab\u00eda sido ascendido por James Vowles<\/strong>.<\/p>\n<\/div>\n<div class=\"custom-text \" readability=\"42\">\n<p>El a\u00f1o pasado, tras finalizar 4\u00b0 en el campeonato de F\u00f3rmula 3, el argentino fue promovido para disputar la <strong>\u00faltima fecha de la F\u00f3rmula 2 <\/strong>con el equipo MP Motorsport, el mismo con el que hizo una temporada excepcional hasta su llamado a la M\u00e1xima. El fin de semana comenz\u00f3 con un resultado discreto en la carrera sprint (en la categor\u00eda previa a la F1 hay una de estas en cada fecha), <strong>en la que termin\u00f3 en el 19\u00b0 puesto<\/strong>. La principal tampoco fue ideal, porque su auto se qued\u00f3 parado en la grilla, lo que oblig\u00f3 a los auxiliares a empujarlo hacia los boxes, desde donde finalmente parti\u00f3. <strong>La situaci\u00f3n no mejor\u00f3 durante la carrera&#8230;<\/strong><\/p>\n<\/div>\n<div class=\"custom-text \" readability=\"40\">\n<p>En la vuelta 16, se produjo un fallo en el sensor del acelerador que comenz\u00f3 a apagar el motor intermitentemente. Tras perder cuatro vueltas en boxes, el equipo devolvi\u00f3 al joven a la pista para que siga sumando experiencia, pero los problemas persistieron. Finalmente, <strong>tras una tercera detenci\u00f3n en boxes, el pilarense debi\u00f3 retirarse<\/strong>.<\/p>\n<\/div>\n<div class=\"sc-e7b891c4-0 ifHnQL image-embed\"><img alt=\"Imagen del debut de Franco Colapinto debut\u00f3 en la F2.\" loading=\"lazy\" width=\"720\" height=\"100\" decoding=\"async\" data-nimg=\"1\" src=\"http:\/\/nuevacordoba.net\/wp-content\/uploads\/2024\/12\/colapinto-volvera-a-abu-dhabi-como-le-fue-las-otras-veces.jpg\"><span class=\"epigraphe\">Imagen del debut de Franco Colapinto debut\u00f3 en la F2.<\/span><\/div>\n<div class=\"custom-text \" readability=\"41\">\n<p>D\u00edas despu\u00e9s de su participaci\u00f3n en la categor\u00eda telonera, el 28 de noviembre de 2023, Colapinto volvi\u00f3 al mismo circuito,<strong> pero esta vez para subirse por primera vez a un F\u00f3rmula 1<\/strong>. Durante los test de postemporada con Williams, escuder\u00eda a la que est\u00e1 afiliado desde hace unos cuantos a\u00f1os, <strong>logr\u00f3 completar 65 vueltas y acumul\u00f3 m\u00e1s de 300 kil\u00f3metros<\/strong>, un requisito clave para obtener la superlicencia de la FIA.<\/p>\n<\/div>\n<div class=\"custom-text \" readability=\"42\">\n<p>\u00ab<strong>Fue algo \u00fanico subirme a un F1, no tengo c\u00f3mo explicarlo<\/strong>. El equipo me dio mucha confianza y pude adaptarme al auto r\u00e1pidamente. Sentarte ah\u00ed, acelerar, ir por los cambios, frenar por primera vez, la velocidad en curva&#8230; <strong>Es una locura. Son muchas las emociones que pasa un piloto al subirse a un coche como este<\/strong>\u201d, expres\u00f3 Franco en di\u00e1logo con ESPN. La situaci\u00f3n fue tan especial que la categor\u00eda la record\u00f3 con un posteo en sus redes sociales.<strong> \u00abDonde todo comenz\u00f3\u00bb<\/strong>, fue el mensaje que acompa\u00f1\u00f3 las im\u00e1genes del bonaerense en aquel test.<\/p>\n<\/div>\n<div class=\"sc-e7b891c4-0 ifHnQL image-embed\"><img alt=\"Franco Colapinto se subi\u00f3 por primera vez a un F1 en noviembre del 2023, en Abu Dhabi.\" loading=\"lazy\" width=\"720\" height=\"100\" decoding=\"async\" data-nimg=\"1\" src=\"http:\/\/nuevacordoba.net\/wp-content\/uploads\/2024\/12\/colapinto-volvera-a-abu-dhabi-como-le-fue-las-otras-veces-1.jpg\"><span class=\"epigraphe\">Franco Colapinto se subi\u00f3 por primera vez a un F1 en noviembre del 2023, en Abu Dhabi.<\/span><\/div>\n<div class=\"custom-text \" readability=\"36.826446280992\">\n<p>Ahora, Colapinto regresar\u00e1 a Yas Marina para la \u00faltima fecha de la temporada de la F\u00f3rmula 1 con bastante experiencia en el lomo, porque ya particip\u00f3 en ocho Grandes Premios de la M\u00e1xima (sum\u00f3 puntos en dos). Por eso, este fin de semana el argentino <strong>buscar\u00e1 cerrar su primera temporada oficial con un buen resultado<\/strong> <strong><a href=\"https:\/\/www.ole.com.ar\/tema\/cUK47yjOia.html\" title=\"(viene de abandonar en la largada del GP Qatar, tras un incidente entre otrs dos autos que termin\u00f3 con \u00e9l fuera de la carrera).\" alt=\"(viene de abandonar en la largada del GP Qatar, tras un incidente entre otrs dos autos que termin\u00f3 con \u00e9l fuera de la carrera).\">(viene de abandonar en la largada del GP Qatar).<\/a> <\/strong>\u00abEs una mala racha y hay que pasarla como en cada deporte. <strong>Esperemos dar vuelta la p\u00e1gina y cerrar bien el a\u00f1o, que para m\u00ed motivacionalmente va a ser un poquito m\u00e1s importante<\/strong>\u00ab, dijo un #43 que tiene fe en que cambiar\u00e1 la onda<strong>.<\/strong><\/p>\n<\/div>\n<div class=\"sc-e7b891c4-0 ifHnQL image-embed\"><img alt=\"El posteo de la F\u00f3rmula 1 en torno al regreso de Franco Colapinto a Abu Dhabi. (IG)\" loading=\"lazy\" width=\"720\" height=\"100\" decoding=\"async\" data-nimg=\"1\" src=\"http:\/\/nuevacordoba.net\/wp-content\/uploads\/2024\/12\/colapinto-volvera-a-abu-dhabi-como-le-fue-las-otras-veces-2.jpg\"><span class=\"epigraphe\">El posteo de la F\u00f3rmula 1 en torno al regreso de Franco Colapinto a Abu Dhabi. (IG)<\/span><\/div>\n<p><h2><strong>Horario y c\u00f3mo ver el GP de Abu Dhabi de la F1<\/strong><\/h2>\n<\/p>\n<div class=\"custom-text \" readability=\"40\">\n<p>El cronograma ser\u00e1 el habitual, ya que no habr\u00e1 Sprint (como s\u00ed hubo en Qatar). Para el p\u00fablico argentino, los horarios ser\u00e1n los siguientes: el viernes habr\u00e1 dos sesiones de pr\u00e1cticas, la primera a las 6.30 y la segunda a las 10. El s\u00e1bado se llevar\u00e1 a cabo el tercer y \u00faltimo ensayo desde las 7.30, y la clasificaci\u00f3n a las 11. Por \u00faltimo, <strong>el domingo se disputar\u00e1 la carrera a partir de las 10<\/strong>.<\/p>\n<\/div>\n<div class=\"custom-text \" readability=\"34\">\n<p>Toda la actividad se podr\u00e1 ver en vivo por <strong>Fox Sports<\/strong> y por la plataforma de streaming <strong>Disney+ Premium<\/strong>, adem\u00e1s que vas a poder hacer un seguimiento en directo en la <strong>web de Ol\u00e9<\/strong>.<\/p>\n<\/div>\n<div class=\"sc-e7b891c4-0 ifHnQL image-embed\"><img alt=\"Este fin de semana: la \u00faltima carrera de Colapinto en la F1 2024. (REUTER)\" loading=\"lazy\" width=\"720\" height=\"100\" decoding=\"async\" data-nimg=\"1\" src=\"http:\/\/nuevacordoba.net\/wp-content\/uploads\/2024\/12\/colapinto-volvera-a-abu-dhabi-como-le-fue-las-otras-veces-3.jpg\"><span class=\"epigraphe\">Este fin de semana: la \u00faltima carrera de Colapinto en la F1 2024. (REUTER)<\/span><\/div>\n<div class=\"sc-a7166897-0 eoLsBE\" readability=\"6\">\n<section readability=\"2\"><picture><img alt=\"Colapinto en el GP de Abu Dhabi: horarios y d\u00f3nde ver por TV\" loading=\"lazy\" width=\"290\" height=\"290\" decoding=\"async\" data-nimg=\"1\" src=\"http:\/\/nuevacordoba.net\/wp-content\/uploads\/2024\/12\/colapinto-volvera-a-abu-dhabi-como-le-fue-las-otras-veces-4.jpg\"><\/picture>\n<p><span>Mir\u00e1 tambi\u00e9n<\/span><\/p>\n<hr>\n<h3>Colapinto en el GP de Abu Dhabi: horarios y d\u00f3nde ver por TV<\/h3>\n<\/p>\n<\/section>\n<\/div>\n<div class=\"sc-a7166897-0 eoLsBE\" readability=\"6.5\">\n<section readability=\"3\"><picture><img alt=\"Ayrton Senna y la pelea con un piloto argentino que se muestra en su serie: \u00bfexisti\u00f3 realmente?\" loading=\"lazy\" width=\"290\" height=\"290\" decoding=\"async\" data-nimg=\"1\" src=\"http:\/\/nuevacordoba.net\/wp-content\/uploads\/2024\/12\/colapinto-volvera-a-abu-dhabi-como-le-fue-las-otras-veces-5.jpg\"><\/picture>\n<p><span>Mir\u00e1 tambi\u00e9n<\/span><\/p>\n<hr>\n<h3>Ayrton Senna y la pelea con un piloto argentino que se muestra en su serie: \u00bfexisti\u00f3 realmente?<\/h3>\n<\/p>\n<\/section>\n<\/div>\n<div class=\"sc-a7166897-0 eoLsBE\" readability=\"6\">\n<section readability=\"2\"><picture><img alt=\"La F1 eligi\u00f3 a Williams como uno de los perdedores del GP de Qatar\" loading=\"lazy\" width=\"290\" height=\"290\" decoding=\"async\" data-nimg=\"1\" src=\"http:\/\/nuevacordoba.net\/wp-content\/uploads\/2024\/12\/colapinto-volvera-a-abu-dhabi-como-le-fue-las-otras-veces-6.jpg\"><\/picture>\n<p><span>Mir\u00e1 tambi\u00e9n<\/span><\/p>\n<hr>\n<h3>La F1 eligi\u00f3 a Williams como uno de los perdedores del GP de Qatar<\/h3>\n<\/p>\n<\/section>\n<\/div>\n<div class=\"sc-a7166897-0 eoLsBE\" readability=\"6\">\n<section readability=\"2\"><picture><img alt=\"Un piloto de TC fue tajante sobre el esc\u00e1ndalo con Werner: &quot;Hay que meterlo en cana&quot;\" loading=\"lazy\" width=\"290\" height=\"290\" decoding=\"async\" data-nimg=\"1\" src=\"http:\/\/nuevacordoba.net\/wp-content\/uploads\/2024\/12\/colapinto-volvera-a-abu-dhabi-como-le-fue-las-otras-veces-7.jpg\"><\/picture>\n<p><span>Mir\u00e1 tambi\u00e9n<\/span><\/p>\n<hr>\n<h3>Un piloto de TC fue tajante sobre el esc\u00e1ndalo con Werner: \u00abHay que meterlo en cana\u00bb<\/h3>\n<\/p>\n<\/section>\n<\/div>\n<\/div>\n","protected":false},"excerpt":{"rendered":"<p>03\/12\/2024 20:25hs. Este fin de semana, el circuito de Yas Marina, en Abu Dhabi, ser\u00e1 el escenario del cierre de la temporada 2024 de la F\u00f3rmula 1. Para Franco Colapinto, que aqu\u00ed correr\u00e1 la \u00faltima carrera de su a\u00f1o debut con Williams, este trazado le trae varios recuerdos importantes de su carrera, que van desde [&hellip;]<\/p>\n","protected":false},"author":1,"featured_media":51460,"comment_status":"closed","ping_status":"closed","sticky":false,"template":"","format":"standard","meta":[],"categories":[10],"tags":[],"_links":{"self":[{"href":"http:\/\/nuevacordoba.net\/index.php\/wp-json\/wp\/v2\/posts\/51459"}],"collection":[{"href":"http:\/\/nuevacordoba.net\/index.php\/wp-json\/wp\/v2\/posts"}],"about":[{"href":"http:\/\/nuevacordoba.net\/index.php\/wp-json\/wp\/v2\/types\/post"}],"author":[{"embeddable":true,"href":"http:\/\/nuevacordoba.net\/index.php\/wp-json\/wp\/v2\/users\/1"}],"replies":[{"embeddable":true,"href":"http:\/\/nuevacordoba.net\/index.php\/wp-json\/wp\/v2\/comments?post=51459"}],"version-history":[{"count":0,"href":"http:\/\/nuevacordoba.net\/index.php\/wp-json\/wp\/v2\/posts\/51459\/revisions"}],"wp:featuredmedia":[{"embeddable":true,"href":"http:\/\/nuevacordoba.net\/index.php\/wp-json\/wp\/v2\/media\/51460"}],"wp:attachment":[{"href":"http:\/\/nuevacordoba.net\/index.php\/wp-json\/wp\/v2\/media?parent=51459"}],"wp:term":[{"taxonomy":"category","embeddable":true,"href":"http:\/\/nuevacordoba.net\/index.php\/wp-json\/wp\/v2\/categories?post=51459"},{"taxonomy":"post_tag","embeddable":true,"href":"http:\/\/nuevacordoba.net\/index.php\/wp-json\/wp\/v2\/tags?post=51459"}],"curies":[{"name":"wp","href":"https:\/\/api.w.org\/{rel}","templated":true}]}}