{"id":51463,"date":"2024-12-04T12:50:41","date_gmt":"2024-12-04T12:50:41","guid":{"rendered":"http:\/\/cordobanewsnet.wordpress.com\/?p=12243"},"modified":"2024-12-04T12:50:41","modified_gmt":"2024-12-04T12:50:41","slug":"tiempo-en-cordoba-miercoles-soleado-con-vientos-fuertes-del-del-sector-norte","status":"publish","type":"post","link":"http:\/\/nuevacordoba.net\/index.php\/2024\/12\/04\/tiempo-en-cordoba-miercoles-soleado-con-vientos-fuertes-del-del-sector-norte\/","title":{"rendered":"Tiempo en C\u00f3rdoba: mi\u00e9rcoles soleado con vientos fuertes del del sector norte"},"content":{"rendered":"<p><!-- \/featured-media --> <\/p>\n<div class=\"post-content clear\" readability=\"44.092741935484\">\n<p>El SMN anunci\u00f3 temperaturas m\u00e1ximas que llegar\u00e1n a los 31\u00b0C.<\/p>\n<figure class=\"wp-block-image\"><img src=\"http:\/\/nuevacordoba.net\/wp-content\/uploads\/2024\/12\/tiempo-en-cordoba-miercoles-soleado-con-vientos-fuertes-del-del-sector-norte.jpg\" alt=\"e-card\"><\/figure>\n<p>El Servicio Meteorol\u00f3gico Nacional (SMN) prev\u00e9 que este mi\u00e9rcoles 4 de diciembre ser\u00e1 un d\u00eda soleado con vientos en la ciudad de C\u00f3rdoba.<\/p>\n<p>El ente meteorol\u00f3gico inform\u00f3 una temperatura m\u00e1xima que escalar\u00e1 hasta los 31 grados, mientras que la m\u00ednima ser\u00e1 de 13\u00b0C.<\/p>\n<p>En tanto, se esperan r\u00e1fagas de viento del sector norte que llegar\u00e1n hasta los 50 kil\u00f3metros por hora.<\/p>\n<p><strong>El pron\u00f3stico extendido<\/strong><\/p>\n<ul class=\"wp-block-list\">\n<li>Jueves. M\u00e1xima 32\u00b0C y una m\u00ednima de 15\u00b0C. Algo nublado durante la jornada.<\/li>\n<li>Viernes. M\u00e1xima 26\u00b0C y una m\u00ednima de 18\u00b0C. El cielo se mantendr\u00e1 nublado durante la jornada.<\/li>\n<\/ul>\n<figure class=\"wp-block-image size-large\"><img loading=\"lazy\" data-attachment-id=\"12244\" data-permalink=\"https:\/\/cordobanewsnet.wordpress.com\/2024\/12\/04\/tiempo-en-cordoba-miercoles-soleado-con-vientos-fuertes-del-del-sector-norte\/image-581\/\" data-orig-file=\"http:\/\/nuevacordoba.net\/wp-content\/uploads\/2024\/12\/tiempo-en-cordoba-miercoles-soleado-con-vientos-fuertes-del-del-sector-norte.png\" data-orig-size=\"929,523\" data-comments-opened=\"1\" data-image-meta=\"{&quot;aperture&quot;:&quot;0&quot;,&quot;credit&quot;:&quot;&quot;,&quot;camera&quot;:&quot;&quot;,&quot;caption&quot;:&quot;&quot;,&quot;created_timestamp&quot;:&quot;0&quot;,&quot;copyright&quot;:&quot;&quot;,&quot;focal_length&quot;:&quot;0&quot;,&quot;iso&quot;:&quot;0&quot;,&quot;shutter_speed&quot;:&quot;0&quot;,&quot;title&quot;:&quot;&quot;,&quot;orientation&quot;:&quot;0&quot;}\" data-image-title=\"image\" data-image-description data-image-caption data-medium-file=\"http:\/\/nuevacordoba.net\/wp-content\/uploads\/2024\/12\/tiempo-en-cordoba-miercoles-soleado-con-vientos-fuertes-del-del-sector-norte.png?w=300\" data-large-file=\"http:\/\/nuevacordoba.net\/wp-content\/uploads\/2024\/12\/tiempo-en-cordoba-miercoles-soleado-con-vientos-fuertes-del-del-sector-norte.png?w=736\" width=\"929\" height=\"523\" src=\"http:\/\/nuevacordoba.net\/wp-content\/uploads\/2024\/12\/tiempo-en-cordoba-miercoles-soleado-con-vientos-fuertes-del-del-sector-norte.png\" alt class=\"wp-image-12244\" srcset=\"http:\/\/nuevacordoba.net\/wp-content\/uploads\/2024\/12\/tiempo-en-cordoba-miercoles-soleado-con-vientos-fuertes-del-del-sector-norte.png 929w, http:\/\/nuevacordoba.net\/wp-content\/uploads\/2024\/12\/tiempo-en-cordoba-miercoles-soleado-con-vientos-fuertes-del-del-sector-norte.png?w=150 150w, http:\/\/nuevacordoba.net\/wp-content\/uploads\/2024\/12\/tiempo-en-cordoba-miercoles-soleado-con-vientos-fuertes-del-del-sector-norte.png?w=300 300w, http:\/\/nuevacordoba.net\/wp-content\/uploads\/2024\/12\/tiempo-en-cordoba-miercoles-soleado-con-vientos-fuertes-del-del-sector-norte.png?w=768 768w\" sizes=\"(max-width: 929px) 100vw, 929px\"><\/figure>\n<p>Fuente : Telefe C\u00f3rdoba Argentina<\/p>\n<p><span id=\"wordads-inline-marker\"><\/span> <\/p>\n<div id=\"jp-post-flair\" class=\"sharedaddy sd-like-enabled sd-sharing-enabled\">\n<div class=\"sharedaddy sd-sharing-enabled\">\n<div class=\"robots-nocontent sd-block sd-social sd-social-icon-text sd-sharing\">\n<h3 class=\"sd-title\">Comparte esto:<\/h3>\n<\/div>\n<\/div>\n<div class=\"sharedaddy sd-block sd-like jetpack-likes-widget-wrapper jetpack-likes-widget-unloaded\" id=\"like-post-wrapper-143108178-12243-67507bec948a3\" data-src=\"\/\/widgets.wp.com\/likes\/index.html?ver=20241204#blog_id=143108178&amp;post_id=12243&amp;origin=cordobanewsnet.wordpress.com&amp;obj_id=143108178-12243-67507bec948a3\" data-name=\"like-post-frame-143108178-12243-67507bec948a3\" data-title=\"Me gusta o Compartir\">\n<p><span class=\"button\"><span>Me gusta<\/span><\/span> <span class=\"loading\">Cargando&#8230;<\/span><\/p>\n<p><span class=\"sd-text-color\"><\/span><\/div>\n<p><h3 class=\"jp-relatedposts-headline\"><em>Relacionado<\/em><\/h3>\n<\/p>\n<\/div><\/div>\n<p><!--\/.post-content--> <\/p>\n<footer class=\"post-meta-container clear\" readability=\"0.46\">\n<div class=\"entry-author author-avatar-show\" readability=\"13.114754098361\">\n<div class=\"author-avatar\"> <img alt src=\"http:\/\/nuevacordoba.net\/wp-content\/uploads\/2024\/12\/tiempo-en-cordoba-miercoles-soleado-con-vientos-fuertes-del-del-sector-norte-1.png\" srcset=\"http:\/\/nuevacordoba.net\/wp-content\/uploads\/2024\/12\/tiempo-en-cordoba-miercoles-soleado-con-vientos-fuertes-del-del-sector-norte-1.png 1x, http:\/\/nuevacordoba.net\/wp-content\/uploads\/2024\/12\/tiempo-en-cordoba-miercoles-soleado-con-vientos-fuertes-del-del-sector-norte-5.png 1.5x, http:\/\/nuevacordoba.net\/wp-content\/uploads\/2024\/12\/tiempo-en-cordoba-miercoles-soleado-con-vientos-fuertes-del-del-sector-norte-6.png 2x, http:\/\/nuevacordoba.net\/wp-content\/uploads\/2024\/12\/tiempo-en-cordoba-miercoles-soleado-con-vientos-fuertes-del-del-sector-norte-7.png 3x, http:\/\/nuevacordoba.net\/wp-content\/uploads\/2024\/12\/tiempo-en-cordoba-miercoles-soleado-con-vientos-fuertes-del-del-sector-norte-8.png 4x\" class=\"avatar avatar-90\" height=\"90\" width=\"90\" loading=\"lazy\" decoding=\"async\"> <\/div>\n<p><!-- .author-avatar --> <\/p>\n<p><h2 class=\"author-title\"> Publicado por <span class=\"author-name\">Redacci\u00f3n<\/span> <\/h2>\n<\/p>\n<p><!-- .author-heading --> <\/p>\n<p class=\"author-bio\"> <a class=\"author-link\" href=\"https:\/\/cordobanewsnet.wordpress.com\/author\/prettomatias\/\" rel=\"author\"> Ver todas las entradas de Redacci\u00f3n <\/a> <\/p>\n<p><!-- .author-bio --> <\/div>\n<p><!-- .entry-auhtor --> <\/footer>\n<p> <!-- \/post-meta-container --> <!-- #respond --> <\/p>\n","protected":false},"excerpt":{"rendered":"<p>El SMN anunci\u00f3 temperaturas m\u00e1ximas que llegar\u00e1n a los 31\u00b0C. El Servicio Meteorol\u00f3gico Nacional (SMN) prev\u00e9 que este mi\u00e9rcoles 4 de diciembre ser\u00e1 un d\u00eda soleado con vientos en la ciudad de C\u00f3rdoba. El ente meteorol\u00f3gico inform\u00f3 una temperatura m\u00e1xima que escalar\u00e1 hasta los 31 grados, mientras que la m\u00ednima ser\u00e1 de 13\u00b0C. En tanto, [&hellip;]<\/p>\n","protected":false},"author":1,"featured_media":51464,"comment_status":"closed","ping_status":"closed","sticky":false,"template":"","format":"standard","meta":[],"categories":[14],"tags":[],"_links":{"self":[{"href":"http:\/\/nuevacordoba.net\/index.php\/wp-json\/wp\/v2\/posts\/51463"}],"collection":[{"href":"http:\/\/nuevacordoba.net\/index.php\/wp-json\/wp\/v2\/posts"}],"about":[{"href":"http:\/\/nuevacordoba.net\/index.php\/wp-json\/wp\/v2\/types\/post"}],"author":[{"embeddable":true,"href":"http:\/\/nuevacordoba.net\/index.php\/wp-json\/wp\/v2\/users\/1"}],"replies":[{"embeddable":true,"href":"http:\/\/nuevacordoba.net\/index.php\/wp-json\/wp\/v2\/comments?post=51463"}],"version-history":[{"count":0,"href":"http:\/\/nuevacordoba.net\/index.php\/wp-json\/wp\/v2\/posts\/51463\/revisions"}],"wp:featuredmedia":[{"embeddable":true,"href":"http:\/\/nuevacordoba.net\/index.php\/wp-json\/wp\/v2\/media\/51464"}],"wp:attachment":[{"href":"http:\/\/nuevacordoba.net\/index.php\/wp-json\/wp\/v2\/media?parent=51463"}],"wp:term":[{"taxonomy":"category","embeddable":true,"href":"http:\/\/nuevacordoba.net\/index.php\/wp-json\/wp\/v2\/categories?post=51463"},{"taxonomy":"post_tag","embeddable":true,"href":"http:\/\/nuevacordoba.net\/index.php\/wp-json\/wp\/v2\/tags?post=51463"}],"curies":[{"name":"wp","href":"https:\/\/api.w.org\/{rel}","templated":true}]}}