{"id":51465,"date":"2024-12-04T17:09:59","date_gmt":"2024-12-04T17:09:59","guid":{"rendered":"https:\/\/cordobaoutdoor.com.ar\/?p=2166"},"modified":"2024-12-04T17:09:59","modified_gmt":"2024-12-04T17:09:59","slug":"la-magia-de-la-navidad-brilla-en-el-circo-anima-de-flavio-mendoza","status":"publish","type":"post","link":"http:\/\/nuevacordoba.net\/index.php\/2024\/12\/04\/la-magia-de-la-navidad-brilla-en-el-circo-anima-de-flavio-mendoza\/","title":{"rendered":"La magia de la Navidad brilla en el Circo \u00c1nima de Flavio Mendoza"},"content":{"rendered":"<p>El estreno de \u201cM\u00e1gica Navidad\u201d, el espect\u00e1culo de Flavio Mendoza y el Circo \u00c1nima, cautiv\u00f3 al p\u00fablico cordob\u00e9s en una funci\u00f3n a sala llena. Con una producci\u00f3n de nivel internacional, el show fusiona impresionantes destrezas acrob\u00e1ticas, trajes deslumbrantes, una iluminaci\u00f3n espectacular y un mensaje lleno del aut\u00e9ntico esp\u00edritu navide\u00f1o.<\/p>\n<div class=\"flex-shrink-0 flex flex-col relative items-end\">\n<div>\n<div class=\"pt-0\">\n<div class=\"gizmo-bot-avatar flex h-8 w-8 items-center justify-center overflow-hidden rounded-full\">\n<div class=\"relative p-1 rounded-sm flex items-center justify-center bg-token-main-surface-primary text-token-text-primary h-8 w-8\">Este espect\u00e1culo, dise\u00f1ado para toda la familia, tiene como objetivo revivir el esp\u00edritu navide\u00f1o a trav\u00e9s de una experiencia inmersiva que conecta a todas las generaciones. \u201cLa Navidad debe estar en todos lados\u201d, afirm\u00f3 Mendoza, quien, aunque no participa como actor, se desempe\u00f1a como productor del show.<\/div>\n<\/div>\n<\/div>\n<\/div>\n<\/div>\n<p><img loading=\"lazy\" decoding=\"async\" class=\"aligncenter size-full wp-image-2179\" src=\"http:\/\/nuevacordoba.net\/wp-content\/uploads\/2024\/12\/la-magia-de-la-navidad-brilla-en-el-circo-anima-de-flavio-mendoza.jpg\" alt width=\"1599\" height=\"1105\" srcset=\"http:\/\/nuevacordoba.net\/wp-content\/uploads\/2024\/12\/la-magia-de-la-navidad-brilla-en-el-circo-anima-de-flavio-mendoza.jpg 1599w, http:\/\/nuevacordoba.net\/wp-content\/uploads\/2024\/12\/la-magia-de-la-navidad-brilla-en-el-circo-anima-de-flavio-mendoza-3.jpg 300w, http:\/\/nuevacordoba.net\/wp-content\/uploads\/2024\/12\/la-magia-de-la-navidad-brilla-en-el-circo-anima-de-flavio-mendoza-4.jpg 1024w, http:\/\/nuevacordoba.net\/wp-content\/uploads\/2024\/12\/la-magia-de-la-navidad-brilla-en-el-circo-anima-de-flavio-mendoza-5.jpg 768w, http:\/\/nuevacordoba.net\/wp-content\/uploads\/2024\/12\/la-magia-de-la-navidad-brilla-en-el-circo-anima-de-flavio-mendoza-6.jpg 1536w, http:\/\/nuevacordoba.net\/wp-content\/uploads\/2024\/12\/la-magia-de-la-navidad-brilla-en-el-circo-anima-de-flavio-mendoza-7.jpg 421w\" sizes=\"(max-width: 1599px) 100vw, 1599px\"><\/p>\n<p>Con una carpa importada desde Italia que alberga hasta 1.600 espectadores, incluyendo un sector VIP con asientos de cuero, \u201cM\u00e1gica Navidad\u201d promete comodidad y calidad.<\/p>\n<div class=\"flex-shrink-0 flex flex-col relative items-end\">\n<div>\n<div class=\"pt-0\">\n<div class=\"gizmo-bot-avatar flex h-8 w-8 items-center justify-center overflow-hidden rounded-full\">\n<div class=\"relative p-1 rounded-sm flex items-center justify-center bg-token-main-surface-primary text-token-text-primary h-8 w-8\">El espect\u00e1culo ofrece un fascinante viaje de 360\u00ba, sumergiendo a los espectadores en un mundo de paisajes navide\u00f1os deslumbrantes, llenos de resplandores brillantes y tonalidades vibrantes que capturan la esencia m\u00e1gica de la temporada. Cada giro revela un nuevo escenario, creando una experiencia envolvente que transporta a todos a un universo de alegr\u00eda y celebraci\u00f3n navide\u00f1a.<\/div>\n<\/div>\n<\/div>\n<\/div>\n<\/div>\n<div class=\"flex max-w-full flex-col flex-grow\">\n<div class=\"min-h-8 text-message flex w-full flex-col items-end gap-2 whitespace-normal break-words [.text-message+&amp;]:mt-5\" dir=\"auto\" data-message-author-role=\"assistant\" data-message-id=\"0d7d76c7-4c66-47c6-984f-4538b72093e4\" data-message-model-slug=\"gpt-4o-mini\">\n<div class=\"flex w-full flex-col gap-1 empty:hidden first:pt-[3px]\">\n<div class=\"markdown prose w-full break-words dark:prose-invert light\">\n<p>A su vez, un grupo de acr\u00f3batas desaf\u00eda los l\u00edmites del cuerpo humano con sus asombrosas habilidades, realizando acrobacias que combinan fuerza, gracia y valent\u00eda, llevando a los espectadores a un viaje lleno de emoci\u00f3n, asombro y admiraci\u00f3n por la destreza humana.<\/p>\n<p>Cada acto es una muestra de la belleza y el esfuerzo f\u00edsico que transforman el espect\u00e1culo en una experiencia inolvidable, todo bajo la direcci\u00f3n art\u00edstica de Flavio Mendoza, quien describe esta obra como \u201cel broche de oro\u201d de su carrera.<\/p>\n<p>El espect\u00e1culo refleja los valores y ense\u00f1anzas que Mendoza hered\u00f3 de su familia. \u201cEste es el circo del alma, el alma de mis padres y abuelos, quienes me ense\u00f1aron que los \u00fanicos sue\u00f1os que no se cumplen son aquellos que no se atreven a so\u00f1ar\u201d, comparti\u00f3.<\/p>\n<\/div>\n<\/div>\n<\/div>\n<\/div>\n<p><img loading=\"lazy\" decoding=\"async\" class=\"aligncenter size-full wp-image-2182\" src=\"http:\/\/nuevacordoba.net\/wp-content\/uploads\/2024\/12\/la-magia-de-la-navidad-brilla-en-el-circo-anima-de-flavio-mendoza-1.jpg\" alt width=\"1600\" height=\"1114\" srcset=\"http:\/\/nuevacordoba.net\/wp-content\/uploads\/2024\/12\/la-magia-de-la-navidad-brilla-en-el-circo-anima-de-flavio-mendoza-1.jpg 1600w, http:\/\/nuevacordoba.net\/wp-content\/uploads\/2024\/12\/la-magia-de-la-navidad-brilla-en-el-circo-anima-de-flavio-mendoza-8.jpg 300w, http:\/\/nuevacordoba.net\/wp-content\/uploads\/2024\/12\/la-magia-de-la-navidad-brilla-en-el-circo-anima-de-flavio-mendoza-9.jpg 1024w, http:\/\/nuevacordoba.net\/wp-content\/uploads\/2024\/12\/la-magia-de-la-navidad-brilla-en-el-circo-anima-de-flavio-mendoza-10.jpg 768w, http:\/\/nuevacordoba.net\/wp-content\/uploads\/2024\/12\/la-magia-de-la-navidad-brilla-en-el-circo-anima-de-flavio-mendoza-11.jpg 1536w, http:\/\/nuevacordoba.net\/wp-content\/uploads\/2024\/12\/la-magia-de-la-navidad-brilla-en-el-circo-anima-de-flavio-mendoza-12.jpg 421w\" sizes=\"auto, (max-width: 1600px) 100vw, 1600px\"><\/p>\n<div class=\"flex-shrink-0 flex flex-col relative items-end\">\n<div>\n<div class=\"pt-0\">\n<div class=\"gizmo-bot-avatar flex h-8 w-8 items-center justify-center overflow-hidden rounded-full\">\n<div class=\"relative p-1 rounded-sm flex items-center justify-center bg-token-main-surface-primary text-token-text-primary h-8 w-8\">Flavio no dud\u00f3 en destacar el talento de C\u00f3rdoba: \u201cEstoy profundamente agradecido por el talento que se encuentra en C\u00f3rdoba. Son artistas que se entregan con pasi\u00f3n, realmente los mejores del mundo\u201d.<\/div>\n<\/div>\n<\/div>\n<\/div>\n<\/div>\n<p>Durante la presentaci\u00f3n, Mendoza no dud\u00f3 en lanzar una cr\u00edtica divertida al acusar a Disney de haber copiado la idea de su show: \u201cAhora Disney sac\u00f3 su Navidad, pero qu\u00e9 cosa\u2026 Aunque, la verdad, Dionisio es mucho m\u00e1s lindo que Mickey\u201d, brome\u00f3, haciendo referencia a su hijo, quien fue la figura inspiradora del espect\u00e1culo.<\/p>\n<p>Con funciones dobles de martes a domingo hasta el 29 de diciembre, \u201cM\u00e1gica Navidad\u201d se presenta como una experiencia \u00fanica e inolvidable para quienes desean disfrutar de la magia de las fiestas de una manera especial.<\/p>\n<p>\u00a1No te pierdas este espect\u00e1culo que fusiona arte, tecnolog\u00eda y talento en una celebraci\u00f3n llena de amor, paz y uni\u00f3n navide\u00f1a!<\/p>\n<p><img loading=\"lazy\" decoding=\"async\" class=\"aligncenter size-full wp-image-2181\" src=\"http:\/\/nuevacordoba.net\/wp-content\/uploads\/2024\/12\/la-magia-de-la-navidad-brilla-en-el-circo-anima-de-flavio-mendoza-2.jpg\" alt width=\"1600\" height=\"940\" srcset=\"http:\/\/nuevacordoba.net\/wp-content\/uploads\/2024\/12\/la-magia-de-la-navidad-brilla-en-el-circo-anima-de-flavio-mendoza-2.jpg 1600w, http:\/\/nuevacordoba.net\/wp-content\/uploads\/2024\/12\/la-magia-de-la-navidad-brilla-en-el-circo-anima-de-flavio-mendoza-13.jpg 300w, http:\/\/nuevacordoba.net\/wp-content\/uploads\/2024\/12\/la-magia-de-la-navidad-brilla-en-el-circo-anima-de-flavio-mendoza-14.jpg 1024w, http:\/\/nuevacordoba.net\/wp-content\/uploads\/2024\/12\/la-magia-de-la-navidad-brilla-en-el-circo-anima-de-flavio-mendoza-15.jpg 768w, http:\/\/nuevacordoba.net\/wp-content\/uploads\/2024\/12\/la-magia-de-la-navidad-brilla-en-el-circo-anima-de-flavio-mendoza-16.jpg 1536w, http:\/\/nuevacordoba.net\/wp-content\/uploads\/2024\/12\/la-magia-de-la-navidad-brilla-en-el-circo-anima-de-flavio-mendoza-17.jpg 421w, http:\/\/nuevacordoba.net\/wp-content\/uploads\/2024\/12\/la-magia-de-la-navidad-brilla-en-el-circo-anima-de-flavio-mendoza-18.jpg 512w\" sizes=\"auto, (max-width: 1600px) 100vw, 1600px\"><\/p>\n<p><strong>Funciones<\/strong><br \/>Martes y mi\u00e9rcoles \u2013 20 Hs<br \/>Jueves y viernes \u2013 20.30 Hs<br \/>S\u00e1bado y domingo \u2013 18 y 20.30 Hs<br \/>Precios de las entradas<br \/>Numeradas: $23.000<br \/>Sin numerar: $17.250<br \/>VIP: $46.000<br \/><strong>Puntos de venta de entradas<\/strong><br \/>Online a trav\u00e9s de www.circoanima.com.ar<br \/>Boleter\u00eda del circo (Av. Col\u00f3n 4800), C\u00f3rdoba Capital<br \/>M\u00e1s informaci\u00f3n<br \/>@circoanima (Instagram)<\/p>\n","protected":false},"excerpt":{"rendered":"<p>El estreno de \u201cM\u00e1gica Navidad\u201d, el espect\u00e1culo de Flavio Mendoza y el Circo \u00c1nima, cautiv\u00f3 al p\u00fablico cordob\u00e9s en una funci\u00f3n a sala llena. Con una producci\u00f3n de nivel internacional, el show fusiona impresionantes destrezas acrob\u00e1ticas, trajes deslumbrantes, una iluminaci\u00f3n espectacular y un mensaje lleno del aut\u00e9ntico esp\u00edritu navide\u00f1o. Este espect\u00e1culo, dise\u00f1ado para toda la [&hellip;]<\/p>\n","protected":false},"author":1,"featured_media":51466,"comment_status":"closed","ping_status":"closed","sticky":false,"template":"","format":"standard","meta":[],"categories":[11],"tags":[],"_links":{"self":[{"href":"http:\/\/nuevacordoba.net\/index.php\/wp-json\/wp\/v2\/posts\/51465"}],"collection":[{"href":"http:\/\/nuevacordoba.net\/index.php\/wp-json\/wp\/v2\/posts"}],"about":[{"href":"http:\/\/nuevacordoba.net\/index.php\/wp-json\/wp\/v2\/types\/post"}],"author":[{"embeddable":true,"href":"http:\/\/nuevacordoba.net\/index.php\/wp-json\/wp\/v2\/users\/1"}],"replies":[{"embeddable":true,"href":"http:\/\/nuevacordoba.net\/index.php\/wp-json\/wp\/v2\/comments?post=51465"}],"version-history":[{"count":0,"href":"http:\/\/nuevacordoba.net\/index.php\/wp-json\/wp\/v2\/posts\/51465\/revisions"}],"wp:featuredmedia":[{"embeddable":true,"href":"http:\/\/nuevacordoba.net\/index.php\/wp-json\/wp\/v2\/media\/51466"}],"wp:attachment":[{"href":"http:\/\/nuevacordoba.net\/index.php\/wp-json\/wp\/v2\/media?parent=51465"}],"wp:term":[{"taxonomy":"category","embeddable":true,"href":"http:\/\/nuevacordoba.net\/index.php\/wp-json\/wp\/v2\/categories?post=51465"},{"taxonomy":"post_tag","embeddable":true,"href":"http:\/\/nuevacordoba.net\/index.php\/wp-json\/wp\/v2\/tags?post=51465"}],"curies":[{"name":"wp","href":"https:\/\/api.w.org\/{rel}","templated":true}]}}