{"id":51481,"date":"2024-12-04T18:33:58","date_gmt":"2024-12-04T18:33:58","guid":{"rendered":"https:\/\/puntoapunto.com.ar\/?p=368043"},"modified":"2024-12-04T18:33:58","modified_gmt":"2024-12-04T18:33:58","slug":"polo-52-continua-sumando-empresas-ahora-se-subio-la-autopartista-expoyer-s-a","status":"publish","type":"post","link":"http:\/\/nuevacordoba.net\/index.php\/2024\/12\/04\/polo-52-continua-sumando-empresas-ahora-se-subio-la-autopartista-expoyer-s-a\/","title":{"rendered":"Polo 52 contin\u00faa sumando empresas: ahora se subi\u00f3 la autopartista Expoyer S.A"},"content":{"rendered":"<p>&nbsp;\n<\/p>\n<p>&nbsp;\n<\/p>\n<p><strong>Polo 52<\/strong>, el parque log\u00edstico e industrial, contin\u00faa consolid\u00e1ndose como la sede elegida por empresas y marcas de primer nivel para su radicaci\u00f3n en la provincia de C\u00f3rdoba.<!-- \u00a1O bien no hay banners, estan desactivados o no estan programados para esta ubicaci\u00f3n! -->\n<\/p>\n<p>Ese es el caso de <strong>Expoyer S.A.<\/strong>, empresa l\u00edder en la producci\u00f3n y distribuci\u00f3n mayorista de autopartes, que recientemente inaugur\u00f3 su <strong>nueva locaci\u00f3n en una nave industrial de m\u00e1s de 6.000 metros cuadrados en el predio ubicado sobre la Autopista C\u00f3rdoba-Rosario.<\/strong>\n<\/p>\n<p>Con esta apertura, la compa\u00f1\u00eda autopartista oriunda de Buenos Aires expande su capacidad operativa para distribuir en toda la provincia, generando nuevos puestos de trabajo directos e indirectos, impulsando la econom\u00eda local y fortaleciendo el desarrollo industrial de la regi\u00f3n.\n<\/p>\n<p>Durante el acto de inauguraci\u00f3n de la sede, <strong>Carlos Monayer<\/strong>, titular de Expoyer S.A., destac\u00f3: \u201c<strong><em>Este emprendimiento, que comenz\u00f3 hace 18 meses, nos permite abrir una planta mucho m\u00e1s moderna que las que ya tenemos y que optimizar\u00e1 nuestras operaciones. Polo 52 ofrece una infraestructura excelente y un equipo que nos ha brindado apoyo constante. Esta inversi\u00f3n marcar\u00e1 un antes y un despu\u00e9s para nuestra expansi\u00f3n en C\u00f3rdoba\u201d.<\/em><\/strong><\/p>\n<p><img decoding=\"async\" class=\"aligncenter size-full wp-image-368045\" src=\"http:\/\/nuevacordoba.net\/wp-content\/uploads\/2024\/12\/polo-52-continua-sumando-empresas-ahora-se-subio-la-autopartista-expoyer-s-a.jpg\" alt width=\"2560\" height=\"1703\" srcset=\"http:\/\/nuevacordoba.net\/wp-content\/uploads\/2024\/12\/polo-52-continua-sumando-empresas-ahora-se-subio-la-autopartista-expoyer-s-a.jpg 2560w, http:\/\/nuevacordoba.net\/wp-content\/uploads\/2024\/12\/polo-52-continua-sumando-empresas-ahora-se-subio-la-autopartista-expoyer-s-a-1.jpg 300w, http:\/\/nuevacordoba.net\/wp-content\/uploads\/2024\/12\/polo-52-continua-sumando-empresas-ahora-se-subio-la-autopartista-expoyer-s-a-2.jpg 1024w, http:\/\/nuevacordoba.net\/wp-content\/uploads\/2024\/12\/polo-52-continua-sumando-empresas-ahora-se-subio-la-autopartista-expoyer-s-a-3.jpg 768w, http:\/\/nuevacordoba.net\/wp-content\/uploads\/2024\/12\/polo-52-continua-sumando-empresas-ahora-se-subio-la-autopartista-expoyer-s-a-4.jpg 1536w, http:\/\/nuevacordoba.net\/wp-content\/uploads\/2024\/12\/polo-52-continua-sumando-empresas-ahora-se-subio-la-autopartista-expoyer-s-a-5.jpg 2048w, http:\/\/nuevacordoba.net\/wp-content\/uploads\/2024\/12\/polo-52-continua-sumando-empresas-ahora-se-subio-la-autopartista-expoyer-s-a-6.jpg 750w, http:\/\/nuevacordoba.net\/wp-content\/uploads\/2024\/12\/polo-52-continua-sumando-empresas-ahora-se-subio-la-autopartista-expoyer-s-a-7.jpg 1140w\" sizes=\"(max-width: 2560px) 100vw, 2560px\" loading=\"lazy\">\n<\/p>\n<p>Por su parte, <strong>Virginia Monayer<\/strong>, directora de la firma, expres\u00f3: <strong><em>\u201cEste es un momento muy especial, fruto de un a\u00f1o de esfuerzo. Trabajamos d\u00eda a d\u00eda para cumplir las expectativas de nuestros clientes y seguir creciendo en esta provincia\u201d.<\/em><\/strong>\n<\/p>\n<p>En tanto, Cristian Martin, CEO de Polo 52, valor\u00f3 la relevancia de que firmas de nivel nacional elijan al parque para radicarse: <strong><em>\u201cNos hemos convertido en un eje articulador de servicios para las industrias y en un actor activo de la transformaci\u00f3n que est\u00e1 viviendo nuestra provincia. Que las empresas nos elijan como el lugar para radicarse, proyectarse y crecer nos llena de satisfacci\u00f3n y nos desaf\u00eda a continuar innovando en servicios, tecnolog\u00eda e infraestructura\u201d.<\/em><\/strong>\n<\/p>\n<p>La empresa Expoyer S.A cuenta con m\u00e1s de 58 a\u00f1os de trayectoria. Con una infraestructura global de <strong>26.000 m\u00b2<\/strong>, posee la representaci\u00f3n oficial de m\u00e1s de 60 marcas l\u00edderes de nivel mundial, un cat\u00e1logo con m\u00e1s de 80.000 art\u00edculos y presencia en 23 pa\u00edses. Adem\u00e1s, fabrica m\u00e1s de 1.000 piezas en su planta de inyecci\u00f3n de pl\u00e1sticos Accesorios Argentinos S.A., ofreciendo productos de calidad que llegan directamente a los mostradores. <\/p>\n","protected":false},"excerpt":{"rendered":"<p>&nbsp; &nbsp; Polo 52, el parque log\u00edstico e industrial, contin\u00faa consolid\u00e1ndose como la sede elegida por empresas y marcas de primer nivel para su radicaci\u00f3n en la provincia de C\u00f3rdoba. Ese es el caso de Expoyer S.A., empresa l\u00edder en la producci\u00f3n y distribuci\u00f3n mayorista de autopartes, que recientemente inaugur\u00f3 su nueva locaci\u00f3n en una [&hellip;]<\/p>\n","protected":false},"author":1,"featured_media":51482,"comment_status":"open","ping_status":"closed","sticky":false,"template":"","format":"standard","meta":[],"categories":[14],"tags":[],"_links":{"self":[{"href":"http:\/\/nuevacordoba.net\/index.php\/wp-json\/wp\/v2\/posts\/51481"}],"collection":[{"href":"http:\/\/nuevacordoba.net\/index.php\/wp-json\/wp\/v2\/posts"}],"about":[{"href":"http:\/\/nuevacordoba.net\/index.php\/wp-json\/wp\/v2\/types\/post"}],"author":[{"embeddable":true,"href":"http:\/\/nuevacordoba.net\/index.php\/wp-json\/wp\/v2\/users\/1"}],"replies":[{"embeddable":true,"href":"http:\/\/nuevacordoba.net\/index.php\/wp-json\/wp\/v2\/comments?post=51481"}],"version-history":[{"count":0,"href":"http:\/\/nuevacordoba.net\/index.php\/wp-json\/wp\/v2\/posts\/51481\/revisions"}],"wp:featuredmedia":[{"embeddable":true,"href":"http:\/\/nuevacordoba.net\/index.php\/wp-json\/wp\/v2\/media\/51482"}],"wp:attachment":[{"href":"http:\/\/nuevacordoba.net\/index.php\/wp-json\/wp\/v2\/media?parent=51481"}],"wp:term":[{"taxonomy":"category","embeddable":true,"href":"http:\/\/nuevacordoba.net\/index.php\/wp-json\/wp\/v2\/categories?post=51481"},{"taxonomy":"post_tag","embeddable":true,"href":"http:\/\/nuevacordoba.net\/index.php\/wp-json\/wp\/v2\/tags?post=51481"}],"curies":[{"name":"wp","href":"https:\/\/api.w.org\/{rel}","templated":true}]}}