{"id":5152,"date":"2021-05-27T22:22:14","date_gmt":"2021-05-27T22:22:14","guid":{"rendered":"http:\/\/cordobanewsnet.wordpress.com\/?p=5627"},"modified":"2021-05-27T22:22:14","modified_gmt":"2021-05-27T22:22:14","slug":"el-pro-cordoba-pide-mas-vacunas-mas-testeos-y-menos-aislamiento","status":"publish","type":"post","link":"http:\/\/nuevacordoba.net\/index.php\/2021\/05\/27\/el-pro-cordoba-pide-mas-vacunas-mas-testeos-y-menos-aislamiento\/","title":{"rendered":"El Pro C\u00f3rdoba pide m\u00e1s vacunas, m\u00e1s testeos y menos aislamiento"},"content":{"rendered":"<p>En una nota firmada por Javier Pretto, su presidente, le pide al Gobierno Provincial m\u00e1s vacunas, testeos y terminar con la cuarentena que tiene en un situaci\u00f3n alarmante a los comercios y pymes.<\/p>\n<p>\u201cNo se toleran m\u00e1s cierres de comercios y Pymes, los independientes est\u00e1n exhaustos. Todo el que trabaja es esencial para el sost\u00e9n de su familia, y no puede ser reh\u00e9n de medidas inconsultas que destruyan su econom\u00eda\u201d<\/p>\n<p>No debe perderse de vista que con sus impuestos sostienen al Estado y si no trabajan ni producen, les resulta imposible hacer frente a estos.<br \/>Es necesaria una estrategia coordinada para preservar tanto la salud como la econom\u00eda. Creemos que el camino es contar con m\u00e1s vacunas adquiridas con reglas de mercado y transparencia, sin ideolog\u00edas, as\u00ed como mayor capacidad de testeos para detecci\u00f3n de casos.<br \/>Tambi\u00e9n expresaron que les preocupa la seguridad jur\u00eddica e institucional imperante, y en particular la actividad parapolicial llevada a cabo por ciertos funcionarios del Poder Judicial que han perseguido a ciudadanos y hasta un legislador provincial. <\/p>\n<p>Los puntos que le piden al Gobernador de C\u00f3rdoba<\/p>\n<p>\u2022 Que se reclame a la Naci\u00f3n por la provisi\u00f3n de mayor cantidad de vacunas y se lleven a cabo las negociaciones pertinentes con la finalidad de adquirir la cantidad de vacunas necesarias para completar la inmunizaci\u00f3n de la poblaci\u00f3n de la Provincia de C\u00f3rdoba.-<br \/>\u2022 Se instrumenten las medidas necesarias para ampliar la realizaci\u00f3n masiva de testeos en toda la provincia.-<br \/>\u2022 Se requiera al Ministerio P\u00fablico Fiscal que cese en las tareas de inteligencia &nbsp;y amedrentamiento en contra de ciudadanos y legisladores que pretendan ejercer los derechos individuales y colectivos reconocidos constitucionalmente.<br \/>\u2022 Evite prorrogar el aislamiento vigente y tomar cualquier medida que ahonde la crisis econ\u00f3mica que vive la ciudadan\u00eda.<br \/>\u2022 Disponga lo necesario, tanto en recursos materiales cuanto humanos, para que los centros de salud puedan atender de manera integral a los ciudadanos cordobeses que lo necesiten.<\/p>\n<p>Javier Pretto<br \/>Presidente PRO C\u00f3rdoba<\/p>\n<figure class=\"wp-block-image size-large\"><img data-attachment-id=\"5629\" data-permalink=\"https:\/\/cordobanewsnet.wordpress.com\/14478b5e-665e-46be-b0fe-281371a2f1cd\/\" data-orig-file=\"http:\/\/nuevacordoba.net\/wp-content\/uploads\/2021\/05\/el-pro-cordoba-pide-mas-vacunas-mas-testeos-y-menos-aislamiento-4.jpg\" data-orig-size=\"1280,853\" data-comments-opened=\"1\" data-image-meta=\"{&quot;aperture&quot;:&quot;0&quot;,&quot;credit&quot;:&quot;&quot;,&quot;camera&quot;:&quot;&quot;,&quot;caption&quot;:&quot;&quot;,&quot;created_timestamp&quot;:&quot;0&quot;,&quot;copyright&quot;:&quot;&quot;,&quot;focal_length&quot;:&quot;0&quot;,&quot;iso&quot;:&quot;0&quot;,&quot;shutter_speed&quot;:&quot;0&quot;,&quot;title&quot;:&quot;&quot;,&quot;orientation&quot;:&quot;0&quot;}\" data-image-title=\"14478b5e-665e-46be-b0fe-281371a2f1cd\" data-image-description data-medium-file=\"http:\/\/nuevacordoba.net\/wp-content\/uploads\/2021\/05\/el-pro-cordoba-pide-mas-vacunas-mas-testeos-y-menos-aislamiento-2.jpg\" data-large-file=\"http:\/\/nuevacordoba.net\/wp-content\/uploads\/2021\/05\/el-pro-cordoba-pide-mas-vacunas-mas-testeos-y-menos-aislamiento-4.jpg?w=736\" src=\"http:\/\/nuevacordoba.net\/wp-content\/uploads\/2021\/05\/el-pro-cordoba-pide-mas-vacunas-mas-testeos-y-menos-aislamiento.jpg\" alt class=\"wp-image-5629\" srcset=\"http:\/\/nuevacordoba.net\/wp-content\/uploads\/2021\/05\/el-pro-cordoba-pide-mas-vacunas-mas-testeos-y-menos-aislamiento.jpg 1024w, http:\/\/nuevacordoba.net\/wp-content\/uploads\/2021\/05\/el-pro-cordoba-pide-mas-vacunas-mas-testeos-y-menos-aislamiento-1.jpg 150w, http:\/\/nuevacordoba.net\/wp-content\/uploads\/2021\/05\/el-pro-cordoba-pide-mas-vacunas-mas-testeos-y-menos-aislamiento-2.jpg 300w, http:\/\/nuevacordoba.net\/wp-content\/uploads\/2021\/05\/el-pro-cordoba-pide-mas-vacunas-mas-testeos-y-menos-aislamiento-3.jpg 768w, http:\/\/nuevacordoba.net\/wp-content\/uploads\/2021\/05\/el-pro-cordoba-pide-mas-vacunas-mas-testeos-y-menos-aislamiento-4.jpg 1280w\" sizes=\"(max-width: 1024px) 100vw, 1024px\"><\/figure>\n<div id=\"jp-post-flair\" class=\"sharedaddy sd-like-enabled sd-sharing-enabled\">\n<div class=\"sharedaddy sd-sharing-enabled\">\n<div class=\"robots-nocontent sd-block sd-social sd-social-icon-text sd-sharing\">\n<h3 class=\"sd-title\">Share this:<\/h3>\n<\/div>\n<\/div>\n<div class=\"sharedaddy sd-block sd-like jetpack-likes-widget-wrapper jetpack-likes-widget-unloaded\" id=\"like-post-wrapper-143108178-5627-60b41ff60232e\" data-src=\"\/\/widgets.wp.com\/likes\/index.html?ver=20210413#blog_id=143108178&amp;post_id=5627&amp;origin=cordobanewsnet.wordpress.com&amp;obj_id=143108178-5627-60b41ff60232e\" data-name=\"like-post-frame-143108178-5627-60b41ff60232e\">\n<h3 class=\"sd-title\">Me gusta esto:<\/h3>\n<p><span class=\"button\"><span>Me gusta<\/span><\/span> <span class=\"loading\">Cargando&#8230;<\/span><\/p>\n<p><span class=\"sd-text-color\"><\/span><\/div>\n<p><h3 class=\"jp-relatedposts-headline\"><em>Relacionado<\/em><\/h3>\n<\/p>\n<\/div>\n","protected":false},"excerpt":{"rendered":"<p>En una nota firmada por Javier Pretto, su presidente, le pide al Gobierno Provincial m\u00e1s vacunas, testeos y terminar con la cuarentena que tiene en un situaci\u00f3n alarmante a los comercios y pymes. \u201cNo se toleran m\u00e1s cierres de comercios y Pymes, los independientes est\u00e1n exhaustos. Todo el que trabaja es esencial para el sost\u00e9n [&hellip;]<\/p>\n","protected":false},"author":1,"featured_media":5153,"comment_status":"closed","ping_status":"closed","sticky":false,"template":"","format":"standard","meta":[],"categories":[14],"tags":[],"_links":{"self":[{"href":"http:\/\/nuevacordoba.net\/index.php\/wp-json\/wp\/v2\/posts\/5152"}],"collection":[{"href":"http:\/\/nuevacordoba.net\/index.php\/wp-json\/wp\/v2\/posts"}],"about":[{"href":"http:\/\/nuevacordoba.net\/index.php\/wp-json\/wp\/v2\/types\/post"}],"author":[{"embeddable":true,"href":"http:\/\/nuevacordoba.net\/index.php\/wp-json\/wp\/v2\/users\/1"}],"replies":[{"embeddable":true,"href":"http:\/\/nuevacordoba.net\/index.php\/wp-json\/wp\/v2\/comments?post=5152"}],"version-history":[{"count":0,"href":"http:\/\/nuevacordoba.net\/index.php\/wp-json\/wp\/v2\/posts\/5152\/revisions"}],"wp:featuredmedia":[{"embeddable":true,"href":"http:\/\/nuevacordoba.net\/index.php\/wp-json\/wp\/v2\/media\/5153"}],"wp:attachment":[{"href":"http:\/\/nuevacordoba.net\/index.php\/wp-json\/wp\/v2\/media?parent=5152"}],"wp:term":[{"taxonomy":"category","embeddable":true,"href":"http:\/\/nuevacordoba.net\/index.php\/wp-json\/wp\/v2\/categories?post=5152"},{"taxonomy":"post_tag","embeddable":true,"href":"http:\/\/nuevacordoba.net\/index.php\/wp-json\/wp\/v2\/tags?post=5152"}],"curies":[{"name":"wp","href":"https:\/\/api.w.org\/{rel}","templated":true}]}}