{"id":51552,"date":"2024-12-06T21:45:24","date_gmt":"2024-12-06T21:45:24","guid":{"rendered":"https:\/\/cordoba.gob.ar\/?p=64912"},"modified":"2024-12-06T21:45:24","modified_gmt":"2024-12-06T21:45:24","slug":"passerini-en-el-conversatorio-disenando-ciudad-a-la-argentina-le-hace-falta-buena-politica-y-federalismo","status":"publish","type":"post","link":"http:\/\/nuevacordoba.net\/index.php\/2024\/12\/06\/passerini-en-el-conversatorio-disenando-ciudad-a-la-argentina-le-hace-falta-buena-politica-y-federalismo\/","title":{"rendered":"Passerini en el conversatorio \u201cDise\u00f1ando Ciudad\u201d: \u201cA la Argentina le hace falta buena pol\u00edtica y federalismo\u201d"},"content":{"rendered":"<div><img src=\"http:\/\/nuevacordoba.net\/wp-content\/uploads\/2024\/12\/passerini-en-el-conversatorio-disenando-ciudad-a-la-argentina-le-hace-falta-buena-politica-y-federalismo.jpg\" class=\"ff-og-image-inserted\"><\/div>\n<p>En el marco del cierre de la etapa 2024 del Instituto para el Desarrollo de Pol\u00edticas Estrat\u00e9gicas Dise\u00f1ando Ciudad, el intendente Daniel Passerini particip\u00f3 del conversatorio de cierre \u201cC\u00f3rdoba en una Argentina desafiante\u201d.<\/p>\n<p>Este espacio fue creado en 2018 por iniciativa de la Senadora Nacional Alejandra Vigo, como una apuesta del PJ Cordob\u00e9s para fortalecer el debate pol\u00edtico, el federalismo y la formaci\u00f3n dirigencial.<\/p>\n<p>La jornada se llev\u00f3 cabo en el Auditorio Diego de Torres de la Universidad Cat\u00f3lica de C\u00f3rdoba.<\/p>\n<p>\u201cA la Argentina le hace falta buena pol\u00edtica, pero fundamentalmente le hace falta el federalismo. Sabemos que frente a una crisis siempre hay una oportunidad y que la oportunidad tiene que seguir siendo la pol\u00edtica\u201d, expres\u00f3 el intendente Daniel Passerini.<\/p>\n<p>Adem\u00e1s, agreg\u00f3: \u201cA nosotros en C\u00f3rdoba no nos van a ense\u00f1ar que hay que gobernar sin d\u00e9ficit. Nosotros podemos demostrar que se puede ser no deficitario econ\u00f3micamente, pero se tiene que ser superavitario socialmente\u201d, concluy\u00f3 el jefe mandatario.<\/p>\n<p>La apertura estuvo a cargo del legislador, Leonardo Limia. Formaron parte del evento los secretarios de Gobierno, Fiscalizaci\u00f3n y Control, Rodrigo Fern\u00e1ndez; de Pol\u00edticas Sociales y Desarrollo Humano, Ra\u00fal La Cava; de Fortalecimiento Vecinal y Deportes, H\u00e9ctor \u00abPichi\u00bb Campana; entre otros.<\/p>\n<p>El conversatorio, moderado por la periodista Florencia Ripoll, tambi\u00e9n cont\u00f3 con la participaci\u00f3n de la periodista Yanina Passero y los polit\u00f3logos Federico Zapata y Ana Iparraguirre.<\/p>\n<p>La jornada concluy\u00f3 con la participaci\u00f3n de la Senadora Nacional Alejandra Vigo, quien ha encabezado este espacio con el objetivo de fortalecer las pol\u00edticas p\u00fablicas y el liderazgo pol\u00edtico en C\u00f3rdoba y el pa\u00eds.<\/p>\n<p>Durante el a\u00f1o 2024, Dise\u00f1ando Ciudad desarroll\u00f3 un ciclo de encuentros, capacitaciones y espacios de formaci\u00f3n dirigencial, en cooperaci\u00f3n con universidades y actores civiles.<\/p>\n<p>Estas actividades se llevaron a cabo tanto en la capital cordobesa como en la sede Punilla, ubicada en la ciudad de Carlos Paz, consolidando su compromiso con la construcci\u00f3n de pol\u00edticas estrat\u00e9gicas desde una mirada federal.<\/p>\n","protected":false},"excerpt":{"rendered":"<p>En el marco del cierre de la etapa 2024 del Instituto para el Desarrollo de Pol\u00edticas Estrat\u00e9gicas Dise\u00f1ando Ciudad, el intendente Daniel Passerini particip\u00f3 del conversatorio de cierre \u201cC\u00f3rdoba en una Argentina desafiante\u201d. Este espacio fue creado en 2018 por iniciativa de la Senadora Nacional Alejandra Vigo, como una apuesta del PJ Cordob\u00e9s para fortalecer [&hellip;]<\/p>\n","protected":false},"author":1,"featured_media":51553,"comment_status":"closed","ping_status":"closed","sticky":false,"template":"","format":"standard","meta":[],"categories":[14],"tags":[],"_links":{"self":[{"href":"http:\/\/nuevacordoba.net\/index.php\/wp-json\/wp\/v2\/posts\/51552"}],"collection":[{"href":"http:\/\/nuevacordoba.net\/index.php\/wp-json\/wp\/v2\/posts"}],"about":[{"href":"http:\/\/nuevacordoba.net\/index.php\/wp-json\/wp\/v2\/types\/post"}],"author":[{"embeddable":true,"href":"http:\/\/nuevacordoba.net\/index.php\/wp-json\/wp\/v2\/users\/1"}],"replies":[{"embeddable":true,"href":"http:\/\/nuevacordoba.net\/index.php\/wp-json\/wp\/v2\/comments?post=51552"}],"version-history":[{"count":0,"href":"http:\/\/nuevacordoba.net\/index.php\/wp-json\/wp\/v2\/posts\/51552\/revisions"}],"wp:featuredmedia":[{"embeddable":true,"href":"http:\/\/nuevacordoba.net\/index.php\/wp-json\/wp\/v2\/media\/51553"}],"wp:attachment":[{"href":"http:\/\/nuevacordoba.net\/index.php\/wp-json\/wp\/v2\/media?parent=51552"}],"wp:term":[{"taxonomy":"category","embeddable":true,"href":"http:\/\/nuevacordoba.net\/index.php\/wp-json\/wp\/v2\/categories?post=51552"},{"taxonomy":"post_tag","embeddable":true,"href":"http:\/\/nuevacordoba.net\/index.php\/wp-json\/wp\/v2\/tags?post=51552"}],"curies":[{"name":"wp","href":"https:\/\/api.w.org\/{rel}","templated":true}]}}