{"id":51576,"date":"2024-12-07T09:00:38","date_gmt":"2024-12-07T09:00:38","guid":{"rendered":"https:\/\/www.ole.com.ar\/autos\/franco-colapinto-gp-abu-dhabi-hoy-sabado-vivo-online-practica-clasificacion-hora-ver_0_Bmghemjvnl.html"},"modified":"2024-12-07T09:00:38","modified_gmt":"2024-12-07T09:00:38","slug":"franco-colapinto-en-el-gp-de-abu-dhabi-a-que-hora-y-como-ver-hoy-en-vivo-la-f1","status":"publish","type":"post","link":"http:\/\/nuevacordoba.net\/index.php\/2024\/12\/07\/franco-colapinto-en-el-gp-de-abu-dhabi-a-que-hora-y-como-ver-hoy-en-vivo-la-f1\/","title":{"rendered":"Franco Colapinto en el GP de Abu Dhabi: a qu\u00e9 hora y c\u00f3mo ver hoy en vivo la F1"},"content":{"rendered":"<p><time class=\"createDate\" datetime=\"2024-12-07T06:00:38-03:00\">07\/12\/2024 06:00hs.<\/time><time class=\"modificatedDate\" datetime=\"2024-12-07T08:06:01-03:00\"> Actualizado al 07\/12\/2024 08:06hs.<\/time><\/p>\n<div id=\"storyBody\" readability=\"47\">\n<div class=\"sc-19aa7123-0 iHjvMN\" readability=\"14\">\n<p>La temporada 2024 de la <strong>F\u00f3rmula 1<\/strong> est\u00e1 llegando a su fin y, por lo tanto, <strong>Franco Colapinto<\/strong> se despide de la M\u00e1xima como piloto oficial. El argentino intentar\u00e1 lucirse en su \u00faltima funci\u00f3n, la cual es en el <strong>Circuito de Yas Marina<\/strong>, donde hace exactamente un a\u00f1o dio sus primeras vueltas arriba de un <strong>Williams<\/strong>.<\/p>\n<\/div>\n<div class=\"sc-19aa7123-0 iHjvMN\" readability=\"15\">\n<p><strong>La jornada del vienes fue agridulce para el pilarense<\/strong>. Demostr\u00f3 que tiene con qu\u00e9 dar pelea, dado que hab\u00eda sido 7\u00ba en la primera pr\u00e1ctica libre y a que sali\u00f3 con todo en la \u00faltima sesi\u00f3n del viernes. Sin embargo, su jornada acab\u00f3 antes de lo esperado: en su intento con neum\u00e1ticos blandos tuvo r\u00e9cords en dos sectores diferentes, pero perdi\u00f3 el control del monoplaza, toc\u00f3 los pianitos, se fue fuera de la pista y rompi\u00f3 un pedazo del fondo plano.<\/p>\n<\/div>\n<div class=\"sc-19aa7123-0 iHjvMN\" readability=\"16\">\n<p>Ahora bien, el joven de 21 a\u00f1os tiene la confianza y el material para hacer el s\u00e1bado, <strong>desde las 11, una buena clasificaci\u00f3n<\/strong>. Antes de la qualy, Franco Colapinto se sube al monoplaza <strong>a partir de las 7.30, cuando se llevar\u00e1 a cabo el tercer y \u00faltimo ensayo<\/strong>. \u00bfPor d\u00f3nde se puede ver la F1? Toda la acci\u00f3n va a estar disponible en <strong>Fox Sports<\/strong> y en <strong>Disney+ Premium<\/strong>. Adem\u00e1s, en <strong>Ol\u00e9 <\/strong>va a estar el minuto a minuto y toda la informaci\u00f3n.<\/p>\n<\/div>\n<div class=\"sc-e7b891c4-0 ifHnQL image-embed\"><img alt=\"Franco Colapinto a la par de Isack Hadjar, piloto de reserva de Red Bull (REUTERS\/Jakub Porzycki).\" loading=\"lazy\" width=\"720\" height=\"100\" decoding=\"async\" data-nimg=\"1\" src=\"http:\/\/nuevacordoba.net\/wp-content\/uploads\/2024\/12\/franco-colapinto-en-el-gp-de-abu-dhabi-a-que-hora-y-como-ver-hoy-en-vivo-la-f1.jpg\"><span class=\"epigraphe\">Franco Colapinto a la par de Isack Hadjar, piloto de reserva de Red Bull (REUTERS\/Jakub Porzycki).<\/span><\/div>\n<p><h2><strong>Segu\u00ed el MINUTO a MINUTO del s\u00e1bado de Franco Colapinto en el GP de Abu Dhabi de la F1<\/strong><\/h2>\n<\/p>\n<article class=\"sc-2fb8051d-2 kzQHEt\" readability=\"1\"><time>07\/12\/2024, <span>08:00<\/span><\/time><\/p>\n<div class=\"groupItems\" id=\"Post0\" readability=\"34\">\n<p><h2><strong>Franco Colapinto complet\u00f3 su primera vuelta de la tercera pr\u00e1ctica libre<\/strong><\/h2>\n<\/p>\n<div class=\"sc-19aa7123-0 iHjvMN\" readability=\"9\">\n<p>El piloto argentino logr\u00f3 un tiempo de 1:25.741 y qued\u00f3 a 1.2s de <strong>Kevin Magnussen<\/strong>, que ocupa la 1\u00b0 posici\u00f3n.<\/p>\n<\/div>\n<\/div>\n<\/article>\n<article class=\"sc-2fb8051d-2 bFtITN\" readability=\"1\"><time>07\/12\/2024, <span>07:30<\/span><\/time><\/p>\n<div class=\"groupItems\" id=\"Post1\" readability=\"33.5\">\n<p><h2><strong>\u00a1Arranc\u00f3 la tercera pr\u00e1ctica libre en Abu Dhabi!<\/strong><\/h2>\n<\/p>\n<div class=\"sc-19aa7123-0 iHjvMN\" readability=\"8\">\n<p><strong>Franco Colapinto<\/strong> ya corre en los Emiratos \u00c1rabes Unidos para terminar de familiarizarse con la pista en la antesala de la qualy.<\/p>\n<\/div>\n<\/div>\n<\/article>\n<article class=\"sc-2fb8051d-2 kzQHEt\" readability=\"1\"><time>07\/12\/2024, <span>07:00<\/span><\/time><\/p>\n<div class=\"groupItems\" id=\"Post2\" readability=\"38\">\n<p><h2><strong>\u00bfQu\u00e9 dijo Franco Colapinto luego de las dos primeras pr\u00e1cticas libres en Abu Dhabi?<\/strong><\/h2>\n<\/p>\n<div class=\"sc-19aa7123-0 iHjvMN\" readability=\"17\">\n<p>\u00ab<strong>Estuvimos un poco m\u00e1s r\u00e1pidos hoy. Se ve bien para nosotros, bastante positivo en general<\/strong>. Manej\u00e9 un poco al l\u00edmite en la salida de la curva 9, golpe\u00e9 bastante fuerte el auto en la salida, tuvimos un da\u00f1o en la parte derecha del piso y tuvimos que reparar eso as\u00ed que todo bien, aunque tuve que terminar un poco antes. <strong>Parece ser mejor que Qatar, as\u00ed que veremos qu\u00e9 sucede ma\u00f1ana<\/strong>\u00ab, coment\u00f3 el argentino, en di\u00e1logo con los medios internacionales.<\/p>\n<\/div>\n<div class=\"sc-734b4696-1 kFfZtB\">\n<div class=\"sc-d00d9e74-0 hnHYbk\" type=\"embed\">\n<div class=\"sc-d00d9e74-1 iKVbz videoText\" id=\"contentTitleembedq8O6iyIb\" type=\"embed\"><svg fill=\"#ffffff\"><symbol id=\"play\" viewBox=\"0 0 512 512\"><path d=\"M512 256C512 397.4 397.4 512 256 512C114.6 512 0 397.4 0 256C0 114.6 114.6 0 256 0C397.4 0 512 114.6 512 256zM176 168V344C176 352.7 180.7 360.7 188.3 364.9C195.8 369.2 205.1 369 212.5 364.5L356.5 276.5C363.6 272.1 368 264.4 368 256C368 247.6 363.6 239.9 356.5 235.5L212.5 147.5C205.1 142.1 195.8 142.8 188.3 147.1C180.7 151.3 176 159.3 176 168V168z\" \/><\/symbol><use xlink:href=\"#play\" \/><\/svg><\/p>\n<div class=\"right\">\n<p>Franco Colapinto<!-- --> &#8211; <span>&nbsp;<\/span><\/p>\n<h2 class=\"title-vid\">El optimista mensaje de Colapinto tras las primeras dos pr\u00e1cticas<\/h2>\n<\/div>\n<\/div>\n<p><span class=\"back\" id=\"spanBackembedq8O6iyIb\"><\/span><\/div>\n<p>(Video: ESPN).<\/p>\n<\/div>\n<\/div>\n<\/article>\n<article class=\"sc-2fb8051d-2 kzQHEt\" readability=\"1\"><time>07\/12\/2024, <span>06:45<\/span><\/time><\/p>\n<div class=\"groupItems\" id=\"Post3\" readability=\"33\">\n<p><h2><strong>(VIDEO) La maniobra que sac\u00f3 a Franco Colapinto de la Pr\u00e1ctica 2 del GP de Abu Dhabi<\/strong><\/h2>\n<\/p>\n<div class=\"sc-734b4696-1 kFfZtB\" readability=\"7\">\n<div class=\"sc-d00d9e74-0 hnHYbk\" type=\"embed\">\n<div class=\"sc-d00d9e74-1 iKVbz videoText\" id=\"contentTitleembedaPosda6N\" type=\"embed\"><svg fill=\"#ffffff\"><symbol id=\"play\" viewBox=\"0 0 512 512\"><path d=\"M512 256C512 397.4 397.4 512 256 512C114.6 512 0 397.4 0 256C0 114.6 114.6 0 256 0C397.4 0 512 114.6 512 256zM176 168V344C176 352.7 180.7 360.7 188.3 364.9C195.8 369.2 205.1 369 212.5 364.5L356.5 276.5C363.6 272.1 368 264.4 368 256C368 247.6 363.6 239.9 356.5 235.5L212.5 147.5C205.1 142.1 195.8 142.8 188.3 147.1C180.7 151.3 176 159.3 176 168V168z\" \/><\/symbol><use xlink:href=\"#play\" \/><\/svg><\/p>\n<div class=\"right\">\n<p>Franco Colapinto<!-- --> &#8211; <span>&nbsp;<\/span><\/p>\n<h2 class=\"title-vid\">Franco Colapinto estaba haciendo vuelta r\u00e1pida y se fue de pista<\/h2>\n<\/div>\n<\/div>\n<p><span class=\"back\" id=\"spanBackembedaPosda6N\"><\/span><\/div>\n<p>El piloto argentino hab\u00eda registrado record en los dos primeros sectores. (Video: ESPN)<\/p>\n<\/div>\n<\/div>\n<\/article>\n<article class=\"sc-2fb8051d-2 bFtITN\" readability=\"1\"><time>07\/12\/2024, <span>06:35<\/span><\/time><\/p>\n<div class=\"groupItems\" id=\"Post4\" readability=\"38\">\n<p><h2><strong>GP de Abu Dhabi de la F1: \u00bfC\u00f3mo le fue a Franco Colapinto en la jornada del viernes?<\/strong><\/h2>\n<\/p>\n<div class=\"sc-19aa7123-0 iHjvMN\" readability=\"10\">\n<p>El argentino sali\u00f3 a la pista dispuesto a olvidar lo que sucedi\u00f3 en Qatar (circuito en el que lo chocaron en la primera curva y lo dejaron sin posibilidades de competir) y lo logr\u00f3. <strong>Con un tiempo de 1:25.382, el pilarense se ubic\u00f3 en la 7\u00b0 posici\u00f3n en la primera ronda.<\/strong><\/p>\n<\/div>\n<div class=\"sc-19aa7123-0 iHjvMN\" readability=\"12\">\n<p><strong>En el segundo ensayo, Franco Colapinto tuvo un fallo en la curva 9 opac\u00f3 el trabajo que hizo y lo llev\u00f3 a quedar -con gomas medias- a 1s748 del crono m\u00e1s r\u00e1pido de Lando Norris<\/strong>. M\u00e1s all\u00e1 de que los mec\u00e1nicos trataron de arreglar el auto, no hubo manera de solucionarlo en tan poco tiempo y eso oblig\u00f3 al volante nacional a bajarse y a mirar el resto del segundo ensayo del d\u00eda a trav\u00e9s de una pantalla.<\/p>\n<\/div>\n<div class=\"sc-e7b891c4-0 ifHnQL image-embed\"><img alt=\"ranco Colapinto en la jornada del viernes. (AP)\" loading=\"lazy\" width=\"720\" height=\"100\" decoding=\"async\" data-nimg=\"1\" src=\"http:\/\/nuevacordoba.net\/wp-content\/uploads\/2024\/12\/franco-colapinto-en-el-gp-de-abu-dhabi-a-que-hora-y-como-ver-hoy-en-vivo-la-f1-1.jpg\"><span class=\"epigraphe\">ranco Colapinto en la jornada del viernes. (AP)<\/span><\/div>\n<\/div>\n<\/article>\n<article class=\"sc-2fb8051d-2 bFtITN\" readability=\"1\"><time>07\/12\/2024, <span>06:19<\/span><\/time><\/p>\n<div class=\"groupItems\" id=\"Post5\" readability=\"34\">\n<p><h2><strong>\u00bfPor d\u00f3nde se puede ver la F\u00f3rmula 1 en Argentina?<\/strong><\/h2>\n<\/p>\n<div class=\"sc-19aa7123-0 iHjvMN\" readability=\"9\">\n<p>Toda la acci\u00f3n va a estar disponible en <strong>Fox Sports<\/strong> y en <strong>Disney+ Premium<\/strong>. Adem\u00e1s, en <strong>Ol\u00e9 <\/strong>va a estar el minuto a minuto y toda la informaci\u00f3n.<\/p>\n<\/div>\n<\/div>\n<\/article>\n<article class=\"sc-2fb8051d-2 bFtITN\" readability=\"1\"><time>07\/12\/2024, <span>06:02<\/span><\/time><\/p>\n<div class=\"groupItems\" id=\"Post6\" readability=\"34\">\n<p><h2><strong>\u00bfA qu\u00e9 hora vuelve a correr Franco Colapinto en el GP de Abu Dhabi?<\/strong><\/h2>\n<\/p>\n<div class=\"sc-19aa7123-0 iHjvMN\" readability=\"9\">\n<p>El s\u00e1bado se llevar\u00e1 a cabo el tercer y \u00faltimo ensayo desde las <strong>7:30hs<\/strong>, y la clasificaci\u00f3n a las <strong>11hs<\/strong>.<\/p>\n<\/div>\n<div class=\"sc-e7b891c4-0 ifHnQL image-embed\"><img alt=\"Franco Colapinto va por m\u00e1s en el GP de Abu Dhabi. (EF)\" loading=\"lazy\" width=\"720\" height=\"100\" decoding=\"async\" data-nimg=\"1\" src=\"http:\/\/nuevacordoba.net\/wp-content\/uploads\/2024\/12\/franco-colapinto-en-el-gp-de-abu-dhabi-a-que-hora-y-como-ver-hoy-en-vivo-la-f1-2.jpg\"><span class=\"epigraphe\">Franco Colapinto va por m\u00e1s en el GP de Abu Dhabi. (EF)<\/span><\/div>\n<\/div>\n<\/article>\n<article class=\"sc-2fb8051d-2 kzQHEt\" readability=\"1\"><time>07\/12\/2024, <span>05:45<\/span><\/time><\/p>\n<div class=\"groupItems\" id=\"Post7\" readability=\"35\">\n<p><h2><strong>\u00a1Franco Colapinto va por m\u00e1s en el GP de Abu Dhabi!<\/strong><\/h2>\n<\/p>\n<div class=\"sc-19aa7123-0 iHjvMN\" readability=\"11\">\n<p>Luego de un cierre de la pr\u00e1ctica libre 2 para el olvido (en la primera hab\u00eda salido 7\u00ba), dado que no pudo probar los \u00faltimos 35 minutos porque da\u00f1\u00f3 el fondo plano en una salida de la pista, el argentino va por m\u00e1s en el GP de Abu Dhabi.<\/p>\n<\/div>\n<div class=\"sc-e7b891c4-0 ifHnQL image-embed\"><img alt=\"Franco Colapinto va por m\u00e1s en el GP de Abu Dhabi. (AP)\" loading=\"lazy\" width=\"720\" height=\"100\" decoding=\"async\" data-nimg=\"1\" src=\"http:\/\/nuevacordoba.net\/wp-content\/uploads\/2024\/12\/franco-colapinto-en-el-gp-de-abu-dhabi-a-que-hora-y-como-ver-hoy-en-vivo-la-f1-3.jpg\"><span class=\"epigraphe\">Franco Colapinto va por m\u00e1s en el GP de Abu Dhabi. (AP)<\/span><\/div>\n<\/div>\n<\/article>\n<\/div>\n","protected":false},"excerpt":{"rendered":"<p>07\/12\/2024 06:00hs. Actualizado al 07\/12\/2024 08:06hs. La temporada 2024 de la F\u00f3rmula 1 est\u00e1 llegando a su fin y, por lo tanto, Franco Colapinto se despide de la M\u00e1xima como piloto oficial. El argentino intentar\u00e1 lucirse en su \u00faltima funci\u00f3n, la cual es en el Circuito de Yas Marina, donde hace exactamente un a\u00f1o dio [&hellip;]<\/p>\n","protected":false},"author":1,"featured_media":51577,"comment_status":"closed","ping_status":"closed","sticky":false,"template":"","format":"standard","meta":[],"categories":[10],"tags":[],"_links":{"self":[{"href":"http:\/\/nuevacordoba.net\/index.php\/wp-json\/wp\/v2\/posts\/51576"}],"collection":[{"href":"http:\/\/nuevacordoba.net\/index.php\/wp-json\/wp\/v2\/posts"}],"about":[{"href":"http:\/\/nuevacordoba.net\/index.php\/wp-json\/wp\/v2\/types\/post"}],"author":[{"embeddable":true,"href":"http:\/\/nuevacordoba.net\/index.php\/wp-json\/wp\/v2\/users\/1"}],"replies":[{"embeddable":true,"href":"http:\/\/nuevacordoba.net\/index.php\/wp-json\/wp\/v2\/comments?post=51576"}],"version-history":[{"count":0,"href":"http:\/\/nuevacordoba.net\/index.php\/wp-json\/wp\/v2\/posts\/51576\/revisions"}],"wp:featuredmedia":[{"embeddable":true,"href":"http:\/\/nuevacordoba.net\/index.php\/wp-json\/wp\/v2\/media\/51577"}],"wp:attachment":[{"href":"http:\/\/nuevacordoba.net\/index.php\/wp-json\/wp\/v2\/media?parent=51576"}],"wp:term":[{"taxonomy":"category","embeddable":true,"href":"http:\/\/nuevacordoba.net\/index.php\/wp-json\/wp\/v2\/categories?post=51576"},{"taxonomy":"post_tag","embeddable":true,"href":"http:\/\/nuevacordoba.net\/index.php\/wp-json\/wp\/v2\/tags?post=51576"}],"curies":[{"name":"wp","href":"https:\/\/api.w.org\/{rel}","templated":true}]}}