{"id":51616,"date":"2024-12-07T22:19:57","date_gmt":"2024-12-07T22:19:57","guid":{"rendered":"https:\/\/cordoba.gob.ar\/?p=64923"},"modified":"2024-12-07T22:19:57","modified_gmt":"2024-12-07T22:19:57","slug":"junto-a-un-gran-marco-de-publico-presente-passerini-recorrio-la-navidad-circular-en-la-plaza-de-la-intendencia","status":"publish","type":"post","link":"http:\/\/nuevacordoba.net\/index.php\/2024\/12\/07\/junto-a-un-gran-marco-de-publico-presente-passerini-recorrio-la-navidad-circular-en-la-plaza-de-la-intendencia\/","title":{"rendered":"Junto a un gran marco de p\u00fablico presente, Passerini recorri\u00f3 la Navidad Circular en la Plaza de la Intendencia"},"content":{"rendered":"<div><img src=\"http:\/\/nuevacordoba.net\/wp-content\/uploads\/2024\/12\/junto-a-un-gran-marco-de-publico-presente-passerini-recorrio-la-navidad-circular-en-la-plaza-de-la-intendencia.jpg\" class=\"ff-og-image-inserted\"><\/div>\n<ul>\n<li><strong>El paseo ofrece 150 propuestas del rubro textil que incluyen prendas de segunda mano, vintage, customizadas y supra recicladas puede visitarse hasta el lunes inclusive de 16:00 a 21:00 horas.<\/strong><\/li>\n<li><strong>Adem\u00e1s, disfrutar de m\u00fasica en vivo y gastronom\u00eda local a precios accesibles.<\/strong><\/li>\n<\/ul>\n<p>\u200c<\/p>\n<hr>\n<p>El intendente Passerini visit\u00f3 la Navidad Circular en la Plaza de la Intendencia-H\u00e9roes de Malvinas. Hasta el lunes estar\u00e1 en el lugar la 6ta. edici\u00f3n de la Feria de Moda Circular y Econom\u00eda Popular \u201cSin Desperdicio\u201d.<\/p>\n<p>La Feria continuar\u00e1 activa de 16 a 21hs. durante el s\u00e1bado 7, domingo 8 y lunes 9 de diciembre. Este \u00faltimo d\u00eda con una agenda especial que incluir\u00e1 el encendido del arbolito navide\u00f1o y un Eco \u2013 Canje en el marco de la Navidad Circular. Luego, los puestos se trasladan a la plaza V\u00e9lez Sarsfield hasta el mi\u00e9rcoles.<\/p>\n<p>En su visita, el intendente Daniel Passerini conoci\u00f3 las propuestas de esta nueva edici\u00f3n y convers\u00f3 con varios de los feriantes de la econom\u00eda social de diferentes barrios de la ciudad que por cuatro d\u00edas estar\u00e1n ofreciendo sus productos en la Feria.<\/p>\n<p>La convocatoria para esta sexta edici\u00f3n se dirigi\u00f3 nuevamente a feriantes de la moda circular que forman parte de los Paseos Populares de la ciudad, con el fin de darles la posibilidad de participar en un evento con gran visibilidad y convocatoria para dar a conocer sus trabajos.<\/p>\n<p>La actividad llevada adelante por la Direcci\u00f3n General de Nuevas Econom\u00edas, dependiente de la Secretar\u00eda de Pol\u00edticas Sociales y Desarrollo Humano, ofrece 150 propuestas del rubro textil que incluyen prendas de segunda mano, vintage, customizadas y supra recicladas.<\/p>\n<p>Tambi\u00e9n, puestos de servicios como remiendos simples, reparaciones y te\u00f1ido de calzado, redise\u00f1o y customizaci\u00f3n de indumentarias y serigrafia<\/p>\n<p>En su primer d\u00eda de actividades, la visita a la Feria fue con una gran concurrencia y de manera constante. Durante los d\u00edas restantes de actividad, vecinas, vecinos , visitantes y turistas podr\u00e1n seguir disfrutando de los stands y las ofertas, m\u00fasica en vivo y gastronom\u00eda local a precios populares.<\/p>\n","protected":false},"excerpt":{"rendered":"<p>El paseo ofrece 150 propuestas del rubro textil que incluyen prendas de segunda mano, vintage, customizadas y supra recicladas puede visitarse hasta el lunes inclusive de 16:00 a 21:00 horas. Adem\u00e1s, disfrutar de m\u00fasica en vivo y gastronom\u00eda local a precios accesibles. \u200c El intendente Passerini visit\u00f3 la Navidad Circular en la Plaza de la [&hellip;]<\/p>\n","protected":false},"author":1,"featured_media":51617,"comment_status":"closed","ping_status":"closed","sticky":false,"template":"","format":"standard","meta":[],"categories":[14],"tags":[],"_links":{"self":[{"href":"http:\/\/nuevacordoba.net\/index.php\/wp-json\/wp\/v2\/posts\/51616"}],"collection":[{"href":"http:\/\/nuevacordoba.net\/index.php\/wp-json\/wp\/v2\/posts"}],"about":[{"href":"http:\/\/nuevacordoba.net\/index.php\/wp-json\/wp\/v2\/types\/post"}],"author":[{"embeddable":true,"href":"http:\/\/nuevacordoba.net\/index.php\/wp-json\/wp\/v2\/users\/1"}],"replies":[{"embeddable":true,"href":"http:\/\/nuevacordoba.net\/index.php\/wp-json\/wp\/v2\/comments?post=51616"}],"version-history":[{"count":0,"href":"http:\/\/nuevacordoba.net\/index.php\/wp-json\/wp\/v2\/posts\/51616\/revisions"}],"wp:featuredmedia":[{"embeddable":true,"href":"http:\/\/nuevacordoba.net\/index.php\/wp-json\/wp\/v2\/media\/51617"}],"wp:attachment":[{"href":"http:\/\/nuevacordoba.net\/index.php\/wp-json\/wp\/v2\/media?parent=51616"}],"wp:term":[{"taxonomy":"category","embeddable":true,"href":"http:\/\/nuevacordoba.net\/index.php\/wp-json\/wp\/v2\/categories?post=51616"},{"taxonomy":"post_tag","embeddable":true,"href":"http:\/\/nuevacordoba.net\/index.php\/wp-json\/wp\/v2\/tags?post=51616"}],"curies":[{"name":"wp","href":"https:\/\/api.w.org\/{rel}","templated":true}]}}