{"id":5164,"date":"2021-05-31T03:02:43","date_gmt":"2021-05-31T03:02:43","guid":{"rendered":"https:\/\/puntoapunto.com.ar\/?p=278420"},"modified":"2021-05-31T03:02:43","modified_gmt":"2021-05-31T03:02:43","slug":"cordoba-en-off-llaryora-piensa-en-cambios-para-la-segunda-mitad-del-ano","status":"publish","type":"post","link":"http:\/\/nuevacordoba.net\/index.php\/2021\/05\/31\/cordoba-en-off-llaryora-piensa-en-cambios-para-la-segunda-mitad-del-ano\/","title":{"rendered":"C\u00f3rdoba en off: Llaryora piensa en cambios para la segunda mitad del a\u00f1o"},"content":{"rendered":"<p><!-- image --><\/p>\n<div class=\"td-post-featured-image\"><a href=\"http:\/\/nuevacordoba.net\/wp-content\/uploads\/2021\/05\/cordoba-en-off-llaryora-piensa-en-cambios-para-la-segunda-mitad-del-ano-4.jpg\" data-caption><img loading=\"lazy\" width=\"696\" height=\"401\" class=\"entry-thumb td-modal-image\" src=\"http:\/\/nuevacordoba.net\/wp-content\/uploads\/2021\/05\/cordoba-en-off-llaryora-piensa-en-cambios-para-la-segunda-mitad-del-ano.jpg\" srcset=\"http:\/\/nuevacordoba.net\/wp-content\/uploads\/2021\/05\/cordoba-en-off-llaryora-piensa-en-cambios-para-la-segunda-mitad-del-ano.jpg 696w, http:\/\/nuevacordoba.net\/wp-content\/uploads\/2021\/05\/cordoba-en-off-llaryora-piensa-en-cambios-para-la-segunda-mitad-del-ano-2.jpg 300w, http:\/\/nuevacordoba.net\/wp-content\/uploads\/2021\/05\/cordoba-en-off-llaryora-piensa-en-cambios-para-la-segunda-mitad-del-ano-3.jpg 150w, http:\/\/nuevacordoba.net\/wp-content\/uploads\/2021\/05\/cordoba-en-off-llaryora-piensa-en-cambios-para-la-segunda-mitad-del-ano-4.jpg 728w\" sizes=\"(max-width: 696px) 100vw, 696px\" alt title=\"20210530llaryora-1180943\"><\/a><\/div>\n<p> <!-- content --><\/p>\n<div class=\"td-a-rec td-a-rec-id-content_top tdi_73_0b2 td_block_template_10\">\n<div class=\"g g-34\">\n<div class=\"g-single a-299\"><a class=\"gofollow\" data-track=\"Mjk5LDM0LDEsNjA=\" href=\"http:\/\/www.grupocanter.com.ar\/landing\/pap\/?utm_source=Punto%20a%20Punto&amp;utm_medium=Banner&amp;utm_campaign=Departamentos&amp;utm_term=Banner%20Pie%20de%20Nota\"><img src=\"http:\/\/nuevacordoba.net\/wp-content\/uploads\/2021\/05\/cordoba-en-off-llaryora-piensa-en-cambios-para-la-segunda-mitad-del-ano.gif\"><\/a><\/div>\n<\/div>\n<\/div>\n<p>Solapadamente casi como sin querer darlo por ratificado, un dirigente cercano al intendente Mart\u00edn Llaryora le reconoci\u00f3 a otro hombre del PJ capitalino que \u201cno se descartan cambios\u201d para la segunda mitad del 2021.<\/p>\n<p>En realidad, mientras hablaban caf\u00e9 de por medio y cuidando los protocolos sanitarios, el primero reconoci\u00f3 que podr\u00edan ser reci\u00e9n para la \u00faltima parte del a\u00f1o, despu\u00e9s de las elecciones, con el fin de oxigenar la gesti\u00f3n. Y esto, preocup\u00f3 a varios porque hay funcionarios que atraviesan un distanciamiento obligatorio incluso previo a la pandemia, pero en el \u00faltimo tiempo esas miradas de reojo se acrecentaron.<\/p>\n<p>\u201cEn realidad, hay que esperar las elecciones y ver c\u00f3mo se termina de acomodar todo\u201d, ratific\u00f3 el otro hombre que formaba parte de la charla. Lo cierto es que algunos empezaron a ver c\u00f3mo otros est\u00e1n levantando el perfil y tambi\u00e9n observan que no se descarta un nuevo cambio en las direcciones de los CPC para el final del 2021. Situaci\u00f3n, la de los barrios, que siempre inquieta a los directores.<\/p>\n<h5><strong>El Zoom ven\u00eda bien hasta que\u2026&nbsp;<\/strong><\/h5>\n<p>Se sabe que el PJ Capital decidi\u00f3 en las \u00faltimas semanas volver a poner en marcha el Dise\u00f1ando Ciudad, la usina pol\u00edtica que inaugur\u00f3 el peronismo de la ciudad en 2019, previo a las elecciones, y que despu\u00e9s de un 2020 atravesado por la pandemia del coronavirus decidi\u00f3 reactivar. Las charlas, los encuentros virtuales por la pandemia estaban empezando a carretear y el jueves se present\u00f3 v\u00eda Zoom un funcionario municipal que est\u00e1 dentro de la Secretar\u00eda de Salud, para hablar de adicciones en el marco del m\u00f3dulo \u201cel abordaje comunitario del consumo problem\u00e1tico de sustancias en la ciudad de C\u00f3rdoba\u201d.<\/p>\n<p>La charla, por la importancia del debate, ameritaba una buena convocatoria en la plataforma virtual y era el cuarto m\u00f3dulo que el Dise\u00f1ando Ciudad realizaba en lo que va del 2021. Pero\u2026 todo ven\u00eda bien hasta que\u2026 los infortunios de no controlar de manera adecuada las personas que se inscriben para participar de estos debates virtuales, se empezaron a ver obscenidades en algunas ventanas del Zoom. En un momento fueron varias, hasta que se decidi\u00f3 suspender la disertaci\u00f3n. Cuentan que los enojos y retos duraron hasta las \u00faltimas horas del viernes y que empezaron a pedir un mayor control de las personas que se anotan para participar de estos encuentros virtuales. \u201cA veces, con el fin de que se vea mucha gente, se puede fallar en no chequear antes algunas cosas\u2026\u201d, se lament\u00f3 un dirigente del PJ capitalino.<\/p>\n<h5><strong>Accastello o Bedano, por si entra Gill&nbsp;<\/strong><\/h5>\n<p>Hace algunas semanas, en la reuni\u00f3n personal que tuvieron el presidente <a href=\"https:\/\/puntoapunto.com.ar\/tag\/alberto\/\" class=\"st_tag internal_tag\" rel=\"tag\" title=\"Posts tagged with Alberto\">Alberto<\/a> Fern\u00e1ndez y el senador Carlos Caserio, el hombre de Punilla le hizo saber al titular del Ejecutivo nacional por qu\u00e9 hab\u00eda que ir en listas separadas en C\u00f3rdoba. Y, de manera detallada, le traz\u00f3 un panorama minucioso del peronismo cordob\u00e9s.<\/p>\n<p>En la semana, algunos recordaron que de la reuni\u00f3n en un momento \u2013pero sin foto- tambi\u00e9n participaron el jefe de Gabinete, Santiago Cafiero; y el ministro del Interior, Eduardo \u2018Wado\u2019 de Pedro. A ellos, y pese a la resistencia del ministro que a\u00fan intenta explorar un acuerdo con El Panal, Caserio tambi\u00e9n les cont\u00f3 c\u00f3mo est\u00e1 el GPS del peronismo en C\u00f3rdoba y les dijo que hay que convencer a Mart\u00edn Gill, el intendente de Villa Mar\u00eda en uso de licencia y actual Secretario de <a href=\"https:\/\/puntoapunto.com.ar\/tag\/obras-publicas\/\" class=\"st_tag internal_tag\" rel=\"tag\" title=\"Posts tagged with obras p\u00fablicas\">Obras P\u00fablicas<\/a> de Naci\u00f3n, para que encabece la lista a Diputados del Frente de Todos.<\/p>\n<p>La encrucijada para Gill no es f\u00e1cil: tiene continuidad en su cargo nacional porque desde el Centro C\u00edvico, ordenaron al ministro de Industria provincial, Eduardo Accastello, que instruya a sus concejales villamarienses a acompa\u00f1ar esa decisi\u00f3n de Gill. Por lo tanto, ese <a href=\"https:\/\/puntoapunto.com.ar\/tag\/futuro\/\" class=\"st_tag internal_tag\" rel=\"tag\" title=\"Posts tagged with futuro\">futuro<\/a>, muchos creen que est\u00e1 condicionado. Igual, si Casa Rosada juega esa carta con el actual funcionario nacional liderando ese tramo, en El Panal piensan en Accastello o en Nora Bedano para la boleta schiarettista. Situaci\u00f3n que pondr\u00eda en plena tensi\u00f3n al <a href=\"https:\/\/puntoapunto.com.ar\/tag\/departamento\/\" class=\"st_tag internal_tag\" rel=\"tag\" title=\"Posts tagged with Departamento\">departamento<\/a> General San Mart\u00edn.<\/p>\n<p><img src=\"http:\/\/nuevacordoba.net\/wp-content\/uploads\/2021\/05\/cordoba-en-off-llaryora-piensa-en-cambios-para-la-segunda-mitad-del-ano-1.jpg\" alt=\"_20210530_accastello\"><\/p>\n<h5><strong>Santos y Pretto se metieron en la pol\u00e9mica Chocobar&nbsp;<\/strong><\/h5>\n<p>Para muchos, es una pol\u00e9mica lejana. De hecho, m\u00e1s de uno de los actores de la pol\u00edtica cordobesa la dejaron pasar de largo. Hablamos del caso Chocobar, el polic\u00eda de la Bonaerense que fue sentenciado a dos a\u00f1os de prisi\u00f3n en suspenso el pasado viernes por el homicidio de Juan Kukoc, un delincuente que hu\u00eda tras haber apu\u00f1alado a un turista. Lo cierto es que, tras las declaraciones de Patricia Bullrich, exministra de Seguridad de la Naci\u00f3n, y del propio expresidente Mauricio Macri, de respaldo al efectivo, en C\u00f3rdoba tambi\u00e9n hubo voces que tambi\u00e9n se manifestaron a favor como la del exministro de Turismo, Gustavo Santos; y el exdiputado nacional, Javier Pretto.<\/p>\n<p>El primero, en carrera para encabeza la boleta al Senado, public\u00f3 en su cuenta de Twitter: \u201cuna justicia que castiga a los que nos defienden, no es justicia. #ChocobarEsInocente\u201d. En tanto, el presidente del PRO en C\u00f3rdoba, puso en la misma red social: \u201cesta es la prueba lamentable de que tenemos una justicia garantista. El que defiende a la sociedad, va preso. Vergonzoso. #ChocobarHeroeNacional\u201d.<\/p>\n<h5><strong>Enojo con radicales en El Panal &nbsp;<\/strong><\/h5>\n<p>El comentario fue dejado a la pasada por un funcionario provincial a \u00faltima hora del viernes, despu\u00e9s de los anuncios que se hicieron en el Centro C\u00edvico para los sectores perjudicados por las restricciones y en el marco, adem\u00e1s, del anuncio de las flexibilizaciones a partir de ma\u00f1ana. Y lo concreto es que en El Panal algunos no disimulan el enojo con algunos sectores de la oposici\u00f3n, por su postura en la \u00faltima semana.<\/p>\n<p>Concretamente, no cayeron bien las declaraciones del diputado Mario Negri (UCR), luego de lo conocido por el accionar de la Polic\u00eda cordobesa y del fiscal Andr\u00e9s Godoy en el marco de la marcha del pasado 25 de mayo. Pero tampoco cay\u00f3 bien que el compa\u00f1ero de bancada de Negri, el tambi\u00e9n diputado Diego Mestre, haya publicado en sus redes incitando, de alguna manera creen en el oficialismo provincial, a concurrir a la marcha. \u201cEstamos con m\u00e1s de cuatro mil casos por <a href=\"https:\/\/puntoapunto.com.ar\/tag\/dia\/\" class=\"st_tag internal_tag\" rel=\"tag\" title=\"Posts tagged with d\u00eda\">d\u00eda<\/a>, el clima social es bravo y \u00bfsalen con esto? La verdad que no se entiende mucho\u201d, dijo un importante funcionario provincial.<\/p>\n<h5><strong>El impacto en <a href=\"https:\/\/puntoapunto.com.ar\/tag\/colon\/\" class=\"st_tag internal_tag\" rel=\"tag\" title=\"Posts tagged with Col\u00f3n\">Col\u00f3n<\/a> del no arribo de Rufeil a Transporte<\/strong><\/h5>\n<p>La noticia de la ca\u00edda de la negociaci\u00f3n para que Rodrigo Rufeil se convirtiera en secretario de Transporte de la Naci\u00f3n cay\u00f3 como un balde de agua fr\u00eda en varios sectores de la pol\u00edtica cordobesa. Sin embargo, el impacto y la repercusi\u00f3n en el departamento Col\u00f3n, de donde es oriundo el exintendente de La Calera y actual legislador provincial, tambi\u00e9n fue fuerte.<\/p>\n<p>Finalmente, Sergio Massa coloc\u00f3 un hombre de su confianza, el rosarino Daniel Giuliano, y arrebat\u00f3 un despacho que todos cre\u00edan en manos del senador Carlos Caserio. Ahora, y por m\u00e1s que algunos albertistas cordobeses traten de mostrar tranquilidad por exhibir la continuidad de un parlamentario provincial que les responde; en el Gran C\u00f3rdoba, m\u00e1s de uno observa qu\u00e9 va a pasar en el departamento Col\u00f3n. Ah\u00ed, el <a href=\"https:\/\/puntoapunto.com.ar\/tag\/gobernador\/\" class=\"st_tag internal_tag\" rel=\"tag\" title=\"Posts tagged with Gobernador\">gobernador<\/a> Juan Schiaretti aval\u00f3 la formaci\u00f3n del espacio Col\u00f3n Merece + para generar un contrapeso a Rufeil y Carlos Presas, los dos legisladores peronistas del departamento que se alinearon con el albertismo. Cuentan que, en el arranque de la campa\u00f1a, este condimento le agregar\u00e1 un gusto particular a un distrito que hace varias elecciones es importante.<\/p>\n<p>No tags for this post. <!-- A generated by theme --> <!-- end A --> <\/p>\n","protected":false},"excerpt":{"rendered":"<p>Solapadamente casi como sin querer darlo por ratificado, un dirigente cercano al intendente Mart\u00edn Llaryora le reconoci\u00f3 a otro hombre del PJ capitalino que \u201cno se descartan cambios\u201d para la segunda mitad del 2021. En realidad, mientras hablaban caf\u00e9 de por medio y cuidando los protocolos sanitarios, el primero reconoci\u00f3 que podr\u00edan ser reci\u00e9n para [&hellip;]<\/p>\n","protected":false},"author":1,"featured_media":5165,"comment_status":"open","ping_status":"closed","sticky":false,"template":"","format":"standard","meta":[],"categories":[14],"tags":[],"_links":{"self":[{"href":"http:\/\/nuevacordoba.net\/index.php\/wp-json\/wp\/v2\/posts\/5164"}],"collection":[{"href":"http:\/\/nuevacordoba.net\/index.php\/wp-json\/wp\/v2\/posts"}],"about":[{"href":"http:\/\/nuevacordoba.net\/index.php\/wp-json\/wp\/v2\/types\/post"}],"author":[{"embeddable":true,"href":"http:\/\/nuevacordoba.net\/index.php\/wp-json\/wp\/v2\/users\/1"}],"replies":[{"embeddable":true,"href":"http:\/\/nuevacordoba.net\/index.php\/wp-json\/wp\/v2\/comments?post=5164"}],"version-history":[{"count":0,"href":"http:\/\/nuevacordoba.net\/index.php\/wp-json\/wp\/v2\/posts\/5164\/revisions"}],"wp:featuredmedia":[{"embeddable":true,"href":"http:\/\/nuevacordoba.net\/index.php\/wp-json\/wp\/v2\/media\/5165"}],"wp:attachment":[{"href":"http:\/\/nuevacordoba.net\/index.php\/wp-json\/wp\/v2\/media?parent=5164"}],"wp:term":[{"taxonomy":"category","embeddable":true,"href":"http:\/\/nuevacordoba.net\/index.php\/wp-json\/wp\/v2\/categories?post=5164"},{"taxonomy":"post_tag","embeddable":true,"href":"http:\/\/nuevacordoba.net\/index.php\/wp-json\/wp\/v2\/tags?post=5164"}],"curies":[{"name":"wp","href":"https:\/\/api.w.org\/{rel}","templated":true}]}}