{"id":51650,"date":"2024-12-07T16:25:15","date_gmt":"2024-12-07T16:25:15","guid":{"rendered":"https:\/\/www.ole.com.ar\/ascenso\/b-nacional\/racing-cordoba-afa-primera-nacional_0_NHozZSbfyT.html"},"modified":"2024-12-07T16:25:15","modified_gmt":"2024-12-07T16:25:15","slug":"racing-de-cordoba-le-reclamo-a-la-afa-un-torneo-internacional-de-que-se-trata","status":"publish","type":"post","link":"http:\/\/nuevacordoba.net\/index.php\/2024\/12\/07\/racing-de-cordoba-le-reclamo-a-la-afa-un-torneo-internacional-de-que-se-trata\/","title":{"rendered":"Racing de C\u00f3rdoba le reclam\u00f3 a la AFA un torneo internacional: \u00bfde qu\u00e9 se trata?"},"content":{"rendered":"<p><time class=\"createDate\" datetime=\"2024-12-07T13:25:15-03:00\">07\/12\/2024 13:25hs.<\/time><\/p>\n<div id=\"storyBody\">\n<div class=\"custom-text \" readability=\"33.760368663594\">\n<p>El <strong><a href=\"https:\/\/www.ole.com.ar\/tema\/racing-de-cordoba.html\" target=\"_self\" title=\"Club Atl\u00e9tico Racing\" alt=\"Club Atl\u00e9tico Racing\" rel=\"noopener\">Club Atl\u00e9tico Racing<\/a><\/strong> es uno de los clubes de mayor renombre en la provincia de C\u00f3rdoba: conquist\u00f3 en ocho oportunidades la liga local, sum\u00f3 quince temporadas en <strong><a href=\"https:\/\/www.ole.com.ar\/futbol-de-primera\/velez-sarsfield-liga-profesional-deportivo-riestra-barracas-central-fecha-26_0_8W5yueWFhr.html\" target=\"_self\" title=\"Primera Divisi\u00f3n\" alt=\"Primera Divisi\u00f3n\" rel=\"noopener\">Primera Divisi\u00f3n<\/a><\/strong> (siete en los Nacionales y ocho en los Metropolitanos) y hasta fue subcampe\u00f3n en una temporada (la de 1980). Sin embargo, uno de sus logros m\u00e1s destacados no est\u00e1 homologado por la Asociaci\u00f3n del F\u00fatbol Argentino <strong>(AFA)<\/strong>. Al menos no de momento.<\/p>\n<\/div>\n<div class=\"custom-text \" readability=\"39\">\n<p>Este \u00faltimo viernes 6 de diciembre, la entidad de Nueva Italia organiz\u00f3 un evento para homenajear a los campeones de la <strong>Copa Presidente de Corea 1981<\/strong>, un t\u00edtulo de car\u00e1cter internacional del que ahora <strong>buscan su reconomiento oficial<\/strong>. Si esto procede, los convertir\u00eda en el primer equipo del interior en contar con una estrella, desplazando a Rosario Central.<\/p>\n<\/div>\n<p><h2>Copa Presidente de Corea: qu\u00e9 fue y c\u00f3mo se disputaba<\/h2>\n<\/p>\n<div class=\"sc-e7b891c4-0 ifHnQL image-embed\"><img alt=\"Integrantes del plantel campe\u00f3n de la Copa de Corea 1981 posan junto a una r\u00e9plica del trofeo. (FOTO: X | @ClubARacing).\" loading=\"lazy\" width=\"720\" height=\"100\" decoding=\"async\" data-nimg=\"1\" src=\"http:\/\/nuevacordoba.net\/wp-content\/uploads\/2024\/12\/racing-de-cordoba-le-reclamo-a-la-afa-un-torneo-internacional-de-que-se-trata.jpg\"><span class=\"epigraphe\">Integrantes del plantel campe\u00f3n de la Copa de Corea 1981 posan junto a una r\u00e9plica del trofeo. (FOTO: X | @ClubARacing).<\/span><\/div>\n<div class=\"custom-text \" readability=\"38\">\n<p>Este certamen se disput\u00f3 entre 1971 y 1999 en Corea del Sur. Del mismo participaba siempre la selecci\u00f3n local, enfrent\u00e1ndose a otros pa\u00edses o incluso a clubes. En la edici\u00f3n de 1981 pretend\u00edan invitar a los Canallas en virtud de campeones vigentes de Primera Divisi\u00f3n, pero rechazaron la oferta debido a su apretada agenda (que inclu\u00eda su incursi\u00f3n en la Copa Libertadores). Debido a ello, optar por el subcampe\u00f3n.<\/p>\n<\/div>\n<div class=\"custom-text \" readability=\"36\">\n<p>Y al subcampe\u00f3n mal no le fue. De hecho, lider\u00f3 el Grupo A imponi\u00e9ndose en cinco de sus seis compromisos: 6-0 a Malasia; 1-0 a Jap\u00f3n; 3-0 al Saarbr\u00fccken de Alemania y 4-3 al Chateauroux de Francia. En el restante empat\u00f3 1-1 con los locales, en la ante\u00faltima jornada.<\/p>\n<\/div>\n<div class=\"sc-e7b891c4-0 ifHnQL image-embed\"><img alt=\"Roberto &quot;Pato&quot; Gasparini (izq), \u00eddolo de Racing de C\u00f3rdoba, junto al actual presidente del club, Manuel \u00c1ngel P\u00e9rez (der). Entre medio, la Copa de Corea 1981. (FOTO: Instagram | @clubracing).\" loading=\"lazy\" width=\"1290\" height=\"760\" decoding=\"async\" data-nimg=\"1\" src=\"http:\/\/nuevacordoba.net\/wp-content\/uploads\/2024\/12\/racing-de-cordoba-le-reclamo-a-la-afa-un-torneo-internacional-de-que-se-trata-1.jpg\"><span class=\"epigraphe\">Roberto \u00abPato\u00bb Gasparini (izq), \u00eddolo de Racing de C\u00f3rdoba, junto al actual presidente del club, Manuel \u00c1ngel P\u00e9rez (der). Entre medio, la Copa de Corea 1981. (FOTO: Instagram | @clubracing).<\/span><\/div>\n<div class=\"custom-text \" readability=\"39\">\n<p>En las semifinales se midi\u00f3 ante el Vitoria de Brasil, a quien derrot\u00f3 por 2-0 con goles de Oscar L\u00f3pez y Luis Amuch\u00e1stegui. En el duelo por el trofeo se cruz\u00f3 nuevamente con Corea del Sur, reiterando la paridad, aunque esta vez por 2-2. Si bien estaba pautado un tiempo suplementario, se decidi\u00f3 dar por concluido el encuentro y ambas escuadras fueron declaradas ganadoras.<\/p>\n<\/div>\n<p><h2>Atl\u00e9tico Tucum\u00e1n y Lan\u00fas, los \u00faltimos antecedentes<\/h2>\n<\/p>\n<div class=\"custom-text \" readability=\"18.10650887574\">\n<p>Racing de C\u00f3rdoba ha elevado a la AFA el pedido de que sea reconocida como oficial aquella Copa de Corea, teniendo en cuenta los dos antecedentes m\u00e1s recientes: <a href=\"https:\/\/www.ole.com.ar\/atletico-tucuman\/afa-reconocio-titulo-atletico-tucuman-decadas_0_TBKZZO8upu.html\" target=\"_self\" title=\"la Copa Campeonato de Campeones de la Rep\u00fablica Argentina 1959\/60 homologada en favor de Atl\u00e9tico Tucum\u00e1n\" alt=\"la Copa Campeonato de Campeones de la Rep\u00fablica Argentina 1959\/60 homologada en favor de Atl\u00e9tico Tucum\u00e1n\" rel=\"noopener\">la Copa Campeonato de Campeones de la Rep\u00fablica Argentina 1959\/60 homologada en favor de Atl\u00e9tico Tucum\u00e1n<\/a> y la <a href=\"https:\/\/www.ole.com.ar\/equipos\/lanus\/lanus-estrella-copa-juan-domingo-peron-afa_0_el6Tx61ehY.html\" target=\"_self\" title=\"Copa Campeonato Juan Domingo Per\u00f3n 1955 obtenida por Lan\u00fas\" alt=\"Copa Campeonato Juan Domingo Per\u00f3n 1955 obtenida por Lan\u00fas\" rel=\"noopener\">Copa Campeonato Juan Domingo Per\u00f3n 1955 obtenida por Lan\u00fas<\/a>.<\/p>\n<\/div>\n<div class=\"custom-text \" readability=\"39\">\n<p>El elenco del Norte recibi\u00f3 la noticia el 26 de septiembre, en el marco de su aniversario n\u00famero 122, donde estuvo presente Claudio \u00abChiqui\u00bb Tapia. En el comunicado respectivo, si bien se valida la estrella, la casa madre arguye que la ausencia del representante de Primera Divisi\u00f3n en aquella cita en particular impide que se equipare a un campeonato nacional.<\/p>\n<\/div>\n<div class=\"sc-e7b891c4-0 ifHnQL image-embed\"><img alt=\"El equipo de Lan\u00fas que fue campe\u00f3n de la Copa Per\u00f3n de 1955. (FOTO: Prensa Lan\u00fas)\" loading=\"lazy\" width=\"720\" height=\"100\" decoding=\"async\" data-nimg=\"1\" src=\"http:\/\/nuevacordoba.net\/wp-content\/uploads\/2024\/12\/racing-de-cordoba-le-reclamo-a-la-afa-un-torneo-internacional-de-que-se-trata-2.jpg\"><span class=\"epigraphe\">El equipo de Lan\u00fas que fue campe\u00f3n de la Copa Per\u00f3n de 1955. (FOTO: Prensa Lan\u00fas)<\/span><\/div>\n<div class=\"custom-text \" readability=\"37\">\n<p>Con respecto a los de Zona Sur, la buena nueva lleg\u00f3 el 28 de octubre. Se anunci\u00f3 en un acto que involucr\u00f3 tanto al pope de la AFA como al presidente del Granate, Luis Mar\u00eda Chebel, acompa\u00f1ado de los otros 26 miembros de la Comisi\u00f3n Directiva.<\/p>\n<\/div>\n<p><h2>Los equipos del interior con t\u00edtulos internacionales<\/h2>\n<\/p>\n<div class=\"sc-e7b891c4-0 ifHnQL image-embed\"><img alt=\"Talleres es el \u00fanico equipo indirectamente afiliado a la AFA en ganar un torneo internacional de car\u00e1cter oficial.\" loading=\"lazy\" width=\"1290\" height=\"760\" decoding=\"async\" data-nimg=\"1\" src=\"http:\/\/nuevacordoba.net\/wp-content\/uploads\/2024\/12\/racing-de-cordoba-le-reclamo-a-la-afa-un-torneo-internacional-de-que-se-trata-3.jpg\"><span class=\"epigraphe\">Talleres es el \u00fanico equipo indirectamente afiliado a la AFA en ganar un torneo internacional de car\u00e1cter oficial.<\/span><\/div>\n<div class=\"custom-text \" readability=\"38\">\n<p>Sin contar, al menos de momento, la Copa de Corea obtenida por Racing en 1981, son dos los equipos del interior que tienen en sus vitrinas un t\u00edtulo internacional de car\u00e1cter oficial. El primero fue <strong>Rosario Central<\/strong>, que en 1995 se adue\u00f1\u00f3 de la Copa Conmebol.<\/p>\n<\/div>\n<div class=\"custom-text \" readability=\"39\">\n<p>El segundo y \u00faltimo, en tanto, fue otro elenco de La Docta: <strong>Talleres<\/strong>. El Matador tambi\u00e9n alcanz\u00f3 la gloria en la Copa Conmebol, pero en la edici\u00f3n de 1999. All\u00ed, los comandados por Ricardo Gareca se convirtieron en el primer y \u00fanico club sin afiliaci\u00f3n directa a la AFA (los rosarinos la tienen) en coronarse por fuera de los l\u00edmites de nuestro pa\u00eds. \u00bfLo acompa\u00f1ar\u00e1n los de Nueva Italia pronto?<\/p>\n<\/div>\n<div class=\"sc-a7166897-0 eoLsBE\" readability=\"6\">\n<section readability=\"2\"><picture><img alt=\"Apuestas: la AFA ech\u00f3 a un \u00e1rbitro denunciado\" loading=\"lazy\" width=\"290\" height=\"290\" decoding=\"async\" data-nimg=\"1\" src=\"http:\/\/nuevacordoba.net\/wp-content\/uploads\/2024\/12\/racing-de-cordoba-le-reclamo-a-la-afa-un-torneo-internacional-de-que-se-trata-4.jpg\"><\/picture>\n<p><span>Mir\u00e1 tambi\u00e9n<\/span><\/p>\n<hr>\n<h3>Apuestas: la AFA ech\u00f3 a un \u00e1rbitro denunciado<\/h3>\n<\/p>\n<\/section>\n<\/div>\n<div class=\"sc-a7166897-0 eoLsBE\" readability=\"6\">\n<section readability=\"2\"><picture><img alt=\"Suspendieron por incidentes a un equipo tucumano por dos a\u00f1os: \u00bfqu\u00e9 pas\u00f3?\" loading=\"lazy\" width=\"290\" height=\"290\" decoding=\"async\" data-nimg=\"1\" src=\"http:\/\/nuevacordoba.net\/wp-content\/uploads\/2024\/12\/racing-de-cordoba-le-reclamo-a-la-afa-un-torneo-internacional-de-que-se-trata-5.jpg\"><\/picture>\n<p><span>Mir\u00e1 tambi\u00e9n<\/span><\/p>\n<hr>\n<h3>Suspendieron por incidentes a un equipo tucumano por dos a\u00f1os: \u00bfqu\u00e9 pas\u00f3?<\/h3>\n<\/p>\n<\/section>\n<\/div>\n<div class=\"sc-a7166897-0 eoLsBE\" readability=\"7\">\n<section readability=\"4\"><picture><img alt=\"El Lobo Montenegro dej\u00f3 de ser el entrenador de Chicago, \u00bfy se va a otro equipo del Nacional?\" loading=\"lazy\" width=\"290\" height=\"290\" decoding=\"async\" data-nimg=\"1\" src=\"http:\/\/nuevacordoba.net\/wp-content\/uploads\/2024\/12\/racing-de-cordoba-le-reclamo-a-la-afa-un-torneo-internacional-de-que-se-trata-6.jpg\"><\/picture>\n<p><span>Mir\u00e1 tambi\u00e9n<\/span><\/p>\n<hr>\n<h3>El Lobo Montenegro dej\u00f3 de ser el entrenador de Chicago, \u00bfy se va a otro equipo del Nacional?<\/h3>\n<\/p>\n<\/section>\n<\/div>\n<\/div>\n","protected":false},"excerpt":{"rendered":"<p>07\/12\/2024 13:25hs. El Club Atl\u00e9tico Racing es uno de los clubes de mayor renombre en la provincia de C\u00f3rdoba: conquist\u00f3 en ocho oportunidades la liga local, sum\u00f3 quince temporadas en Primera Divisi\u00f3n (siete en los Nacionales y ocho en los Metropolitanos) y hasta fue subcampe\u00f3n en una temporada (la de 1980). Sin embargo, uno de [&hellip;]<\/p>\n","protected":false},"author":1,"featured_media":51651,"comment_status":"closed","ping_status":"closed","sticky":false,"template":"","format":"standard","meta":[],"categories":[10],"tags":[],"_links":{"self":[{"href":"http:\/\/nuevacordoba.net\/index.php\/wp-json\/wp\/v2\/posts\/51650"}],"collection":[{"href":"http:\/\/nuevacordoba.net\/index.php\/wp-json\/wp\/v2\/posts"}],"about":[{"href":"http:\/\/nuevacordoba.net\/index.php\/wp-json\/wp\/v2\/types\/post"}],"author":[{"embeddable":true,"href":"http:\/\/nuevacordoba.net\/index.php\/wp-json\/wp\/v2\/users\/1"}],"replies":[{"embeddable":true,"href":"http:\/\/nuevacordoba.net\/index.php\/wp-json\/wp\/v2\/comments?post=51650"}],"version-history":[{"count":0,"href":"http:\/\/nuevacordoba.net\/index.php\/wp-json\/wp\/v2\/posts\/51650\/revisions"}],"wp:featuredmedia":[{"embeddable":true,"href":"http:\/\/nuevacordoba.net\/index.php\/wp-json\/wp\/v2\/media\/51651"}],"wp:attachment":[{"href":"http:\/\/nuevacordoba.net\/index.php\/wp-json\/wp\/v2\/media?parent=51650"}],"wp:term":[{"taxonomy":"category","embeddable":true,"href":"http:\/\/nuevacordoba.net\/index.php\/wp-json\/wp\/v2\/categories?post=51650"},{"taxonomy":"post_tag","embeddable":true,"href":"http:\/\/nuevacordoba.net\/index.php\/wp-json\/wp\/v2\/tags?post=51650"}],"curies":[{"name":"wp","href":"https:\/\/api.w.org\/{rel}","templated":true}]}}