{"id":51816,"date":"2024-12-14T06:26:29","date_gmt":"2024-12-14T06:26:29","guid":{"rendered":"http:\/\/estaciontrip.com.ar\/?p=9707"},"modified":"2024-12-14T06:26:29","modified_gmt":"2024-12-14T06:26:29","slug":"en-unquillo-el-verano-se-combina-con-arte","status":"publish","type":"post","link":"http:\/\/nuevacordoba.net\/index.php\/2024\/12\/14\/en-unquillo-el-verano-se-combina-con-arte\/","title":{"rendered":"En Unquillo, el verano se combina con arte"},"content":{"rendered":"<p>En la localidad serrana de Unquillo, el verano es tambi\u00e9n una ocasi\u00f3n para maridarlo con arte. As\u00ed, este s\u00e1bado 14 inaugura el ciclo Arte en Verano con la muestra \u00abRetratos\u00bb, que exhibir\u00e1 obras de pintura y esculturas del artista \u00c1lvaro Izurieta.<\/p>\n<p>En el marco de la propuestas culturales y tur\u00edsticas que ofrece la ciudad de la sierras Chicas de C\u00f3rdoba, la invitaci\u00f3n es a disfrutar de la temporada de verano con nuevas opciones en museos y espacios culturales.<\/p>\n<p>El maestro Izurieta, es un artista cuya t\u00e9cnica logra conectar emocionalmente con cada una de las personas a quienes representa, haciendo de \u00e9l uno de los grandes retratistas argentinos.<\/p>\n<p>El evento de apertura est\u00e1 programado para el s\u00e1bado 14 de diciembre, a las 19:30, en la&nbsp;Casa de la Cultura (Av. San Mart\u00edn 1712) con entrada libre y gratuita.<\/p>\n<p>Para consultar los horarios de visita y m\u00e1s info, comunicarse con la oficina de Turismo: 3543610255<\/p>\n<figure class=\"wp-block-image size-large is-resized\"><a href=\"http:\/\/nuevacordoba.net\/wp-content\/uploads\/2024\/12\/en-unquillo-el-verano-se-combina-con-arte-3.jpg\"><img loading=\"lazy\" decoding=\"async\" width=\"819\" height=\"1024\" src=\"http:\/\/nuevacordoba.net\/wp-content\/uploads\/2024\/12\/en-unquillo-el-verano-se-combina-con-arte.jpg\" alt class=\"wp-image-9709\" srcset=\"http:\/\/nuevacordoba.net\/wp-content\/uploads\/2024\/12\/en-unquillo-el-verano-se-combina-con-arte.jpg 819w, http:\/\/nuevacordoba.net\/wp-content\/uploads\/2024\/12\/en-unquillo-el-verano-se-combina-con-arte-1.jpg 240w, http:\/\/nuevacordoba.net\/wp-content\/uploads\/2024\/12\/en-unquillo-el-verano-se-combina-con-arte-2.jpg 768w, http:\/\/nuevacordoba.net\/wp-content\/uploads\/2024\/12\/en-unquillo-el-verano-se-combina-con-arte-3.jpg 1024w\" sizes=\"(max-width: 819px) 100vw, 819px\"><\/a><\/figure>\n","protected":false},"excerpt":{"rendered":"<p>En la localidad serrana de Unquillo, el verano es tambi\u00e9n una ocasi\u00f3n para maridarlo con arte. As\u00ed, este s\u00e1bado 14 inaugura el ciclo Arte en Verano con la muestra \u00abRetratos\u00bb, que exhibir\u00e1 obras de pintura y esculturas del artista \u00c1lvaro Izurieta. En el marco de la propuestas culturales y tur\u00edsticas que ofrece la ciudad de [&hellip;]<\/p>\n","protected":false},"author":1,"featured_media":51817,"comment_status":"closed","ping_status":"closed","sticky":false,"template":"","format":"standard","meta":[],"categories":[11],"tags":[],"_links":{"self":[{"href":"http:\/\/nuevacordoba.net\/index.php\/wp-json\/wp\/v2\/posts\/51816"}],"collection":[{"href":"http:\/\/nuevacordoba.net\/index.php\/wp-json\/wp\/v2\/posts"}],"about":[{"href":"http:\/\/nuevacordoba.net\/index.php\/wp-json\/wp\/v2\/types\/post"}],"author":[{"embeddable":true,"href":"http:\/\/nuevacordoba.net\/index.php\/wp-json\/wp\/v2\/users\/1"}],"replies":[{"embeddable":true,"href":"http:\/\/nuevacordoba.net\/index.php\/wp-json\/wp\/v2\/comments?post=51816"}],"version-history":[{"count":0,"href":"http:\/\/nuevacordoba.net\/index.php\/wp-json\/wp\/v2\/posts\/51816\/revisions"}],"wp:featuredmedia":[{"embeddable":true,"href":"http:\/\/nuevacordoba.net\/index.php\/wp-json\/wp\/v2\/media\/51817"}],"wp:attachment":[{"href":"http:\/\/nuevacordoba.net\/index.php\/wp-json\/wp\/v2\/media?parent=51816"}],"wp:term":[{"taxonomy":"category","embeddable":true,"href":"http:\/\/nuevacordoba.net\/index.php\/wp-json\/wp\/v2\/categories?post=51816"},{"taxonomy":"post_tag","embeddable":true,"href":"http:\/\/nuevacordoba.net\/index.php\/wp-json\/wp\/v2\/tags?post=51816"}],"curies":[{"name":"wp","href":"https:\/\/api.w.org\/{rel}","templated":true}]}}