{"id":51818,"date":"2024-12-13T22:11:29","date_gmt":"2024-12-13T22:11:29","guid":{"rendered":"http:\/\/cordobanewsnet.wordpress.com\/?p=12277"},"modified":"2024-12-13T22:11:29","modified_gmt":"2024-12-13T22:11:29","slug":"cordoba-amplia-la-vacunacion-contra-el-dengue-nuevos-grupos-priorizados","status":"publish","type":"post","link":"http:\/\/nuevacordoba.net\/index.php\/2024\/12\/13\/cordoba-amplia-la-vacunacion-contra-el-dengue-nuevos-grupos-priorizados\/","title":{"rendered":"C\u00f3rdoba ampl\u00eda la vacunaci\u00f3n contra el dengue: nuevos grupos priorizados"},"content":{"rendered":"<p>Ni\u00f1os y adolescentes de 4 a 14 a\u00f1os que hayan sido internados por dengue ahora podr\u00e1n acceder a la vacuna. Las notificaciones se env\u00edan a trav\u00e9s del Ciudadano Digital.<\/p>\n<p>El Ministerio de Salud de C\u00f3rdoba ampli\u00f3 la convocatoria para la vacunaci\u00f3n contra el dengue, incorporando a ni\u00f1os, ni\u00f1as y adolescentes de 4 a 14 a\u00f1os que hayan requerido internaciones mayores a 24 horas debido a la enfermedad. Esta medida busca reforzar la estrategia de prevenci\u00f3n y reducir el impacto del dengue en pacientes de alto riesgo.<\/p>\n<p>Desde el martes, los menores y sus tutores legales est\u00e1n siendo notificados mediante Ciudadano Digital (CiDi). Una vez recibida la notificaci\u00f3n, tienen hasta el 20 de diciembre para acudir al vacunatorio asignado.<\/p>\n<p>Para este nuevo grupo, los puntos de vacunaci\u00f3n habilitados en la ciudad de C\u00f3rdoba incluyen el Hospital Pedi\u00e1trico y la Maternidad Provincial. En el interior provincial, todos los hospitales p\u00fablicos est\u00e1n habilitados para esta etapa.<\/p>\n<p>Cabe destacar que la vacuna est\u00e1 contraindicada en personas inmunocomprometidas, en tratamiento con quimioterapia o corticoides en altas dosis, y en mujeres embarazadas o en per\u00edodo de lactancia. La valoraci\u00f3n m\u00e9dica final ser\u00e1 realizada de forma presencial en el vacunatorio correspondiente.<\/p>\n<p>La campa\u00f1a comenz\u00f3 vacunando a personas de 15 a 59 a\u00f1os que cursaron dengue con internaciones prolongadas y al personal de salud de hasta 59 a\u00f1os. Aquellos que ya recibieron la notificaci\u00f3n para la primera dosis pero a\u00fan no se presentaron, tambi\u00e9n tienen plazo hasta el 20 de diciembre para acceder a la vacuna.<\/p>\n<p>Para las segundas dosis, el Ministerio notificar\u00e1 a los grupos priorizados a partir del 26 de diciembre.<\/p>\n<p>Los puntos de vacunaci\u00f3n en la ciudad de C\u00f3rdoba incluir\u00e1n los hospitales Rawson, Misericordia, Neonatal, Pedi\u00e1trico, de Ni\u00f1os, Maternidad Provincial y San Roque viejo. En el interior, estar\u00e1n disponibles todos los hospitales provinciales de cabecera.<\/p>\n<p>Adem\u00e1s, quienes hayan adquirido la primera dosis de manera particular deber\u00e1n registrar su aplicaci\u00f3n en el Sistema Provincial de Registro (Sigipsa) presentando la constancia en cualquiera de los vacunatorios habilitados.<\/p>\n<figure class=\"wp-block-image size-large\"><img loading=\"lazy\" data-attachment-id=\"12278\" data-permalink=\"https:\/\/cordobanewsnet.wordpress.com\/2024\/12\/13\/cordoba-amplia-la-vacunacion-contra-el-dengue-nuevos-grupos-priorizados\/image-585\/\" data-orig-file=\"http:\/\/nuevacordoba.net\/wp-content\/uploads\/2024\/12\/cordoba-amplia-la-vacunacion-contra-el-dengue-nuevos-grupos-priorizados.png\" data-orig-size=\"929,523\" data-comments-opened=\"1\" data-image-meta=\"{&quot;aperture&quot;:&quot;0&quot;,&quot;credit&quot;:&quot;&quot;,&quot;camera&quot;:&quot;&quot;,&quot;caption&quot;:&quot;&quot;,&quot;created_timestamp&quot;:&quot;0&quot;,&quot;copyright&quot;:&quot;&quot;,&quot;focal_length&quot;:&quot;0&quot;,&quot;iso&quot;:&quot;0&quot;,&quot;shutter_speed&quot;:&quot;0&quot;,&quot;title&quot;:&quot;&quot;,&quot;orientation&quot;:&quot;0&quot;}\" data-image-title=\"image\" data-image-description data-image-caption data-medium-file=\"http:\/\/nuevacordoba.net\/wp-content\/uploads\/2024\/12\/cordoba-amplia-la-vacunacion-contra-el-dengue-nuevos-grupos-priorizados.png?w=300\" data-large-file=\"http:\/\/nuevacordoba.net\/wp-content\/uploads\/2024\/12\/cordoba-amplia-la-vacunacion-contra-el-dengue-nuevos-grupos-priorizados.png?w=736\" width=\"929\" height=\"523\" src=\"http:\/\/nuevacordoba.net\/wp-content\/uploads\/2024\/12\/cordoba-amplia-la-vacunacion-contra-el-dengue-nuevos-grupos-priorizados.png\" alt class=\"wp-image-12278\" srcset=\"http:\/\/nuevacordoba.net\/wp-content\/uploads\/2024\/12\/cordoba-amplia-la-vacunacion-contra-el-dengue-nuevos-grupos-priorizados.png 929w, http:\/\/nuevacordoba.net\/wp-content\/uploads\/2024\/12\/cordoba-amplia-la-vacunacion-contra-el-dengue-nuevos-grupos-priorizados.png?w=150 150w, http:\/\/nuevacordoba.net\/wp-content\/uploads\/2024\/12\/cordoba-amplia-la-vacunacion-contra-el-dengue-nuevos-grupos-priorizados.png?w=300 300w, http:\/\/nuevacordoba.net\/wp-content\/uploads\/2024\/12\/cordoba-amplia-la-vacunacion-contra-el-dengue-nuevos-grupos-priorizados.png?w=768 768w\" sizes=\"(max-width: 929px) 100vw, 929px\"><\/figure>\n<p>Fuente : Telefe C\u00f3rdoba Argentina <\/p>\n<p> <span id=\"wordads-inline-marker\"><\/span> <\/p>\n<div id=\"jp-post-flair\" class=\"sharedaddy sd-like-enabled sd-sharing-enabled\">\n<div class=\"sharedaddy sd-sharing-enabled\">\n<div class=\"robots-nocontent sd-block sd-social sd-social-icon-text sd-sharing\">\n<h3 class=\"sd-title\">Comparte esto:<\/h3>\n<\/div>\n<\/div>\n<div class=\"sharedaddy sd-block sd-like jetpack-likes-widget-wrapper jetpack-likes-widget-unloaded\" id=\"like-post-wrapper-143108178-12277-675d29b0596fd\" data-src=\"\/\/widgets.wp.com\/likes\/index.html?ver=20241214#blog_id=143108178&amp;post_id=12277&amp;origin=cordobanewsnet.wordpress.com&amp;obj_id=143108178-12277-675d29b0596fd\" data-name=\"like-post-frame-143108178-12277-675d29b0596fd\" data-title=\"Me gusta o Compartir\">\n<p><span class=\"button\"><span>Me gusta<\/span><\/span> <span class=\"loading\">Cargando&#8230;<\/span><\/p>\n<p><span class=\"sd-text-color\"><\/span><\/div>\n<p><h3 class=\"jp-relatedposts-headline\"><em>Relacionado<\/em><\/h3>\n<\/p>\n<\/div>\n","protected":false},"excerpt":{"rendered":"<p>Ni\u00f1os y adolescentes de 4 a 14 a\u00f1os que hayan sido internados por dengue ahora podr\u00e1n acceder a la vacuna. Las notificaciones se env\u00edan a trav\u00e9s del Ciudadano Digital. El Ministerio de Salud de C\u00f3rdoba ampli\u00f3 la convocatoria para la vacunaci\u00f3n contra el dengue, incorporando a ni\u00f1os, ni\u00f1as y adolescentes de 4 a 14 a\u00f1os [&hellip;]<\/p>\n","protected":false},"author":1,"featured_media":51819,"comment_status":"closed","ping_status":"closed","sticky":false,"template":"","format":"standard","meta":[],"categories":[14],"tags":[],"_links":{"self":[{"href":"http:\/\/nuevacordoba.net\/index.php\/wp-json\/wp\/v2\/posts\/51818"}],"collection":[{"href":"http:\/\/nuevacordoba.net\/index.php\/wp-json\/wp\/v2\/posts"}],"about":[{"href":"http:\/\/nuevacordoba.net\/index.php\/wp-json\/wp\/v2\/types\/post"}],"author":[{"embeddable":true,"href":"http:\/\/nuevacordoba.net\/index.php\/wp-json\/wp\/v2\/users\/1"}],"replies":[{"embeddable":true,"href":"http:\/\/nuevacordoba.net\/index.php\/wp-json\/wp\/v2\/comments?post=51818"}],"version-history":[{"count":0,"href":"http:\/\/nuevacordoba.net\/index.php\/wp-json\/wp\/v2\/posts\/51818\/revisions"}],"wp:featuredmedia":[{"embeddable":true,"href":"http:\/\/nuevacordoba.net\/index.php\/wp-json\/wp\/v2\/media\/51819"}],"wp:attachment":[{"href":"http:\/\/nuevacordoba.net\/index.php\/wp-json\/wp\/v2\/media?parent=51818"}],"wp:term":[{"taxonomy":"category","embeddable":true,"href":"http:\/\/nuevacordoba.net\/index.php\/wp-json\/wp\/v2\/categories?post=51818"},{"taxonomy":"post_tag","embeddable":true,"href":"http:\/\/nuevacordoba.net\/index.php\/wp-json\/wp\/v2\/tags?post=51818"}],"curies":[{"name":"wp","href":"https:\/\/api.w.org\/{rel}","templated":true}]}}